{"id":2278079,"date":"2026-03-08T15:25:40","date_gmt":"2026-03-08T14:25:40","guid":{"rendered":"https:\/\/www.startlap.hu\/vasarlas\/?p=2278079"},"modified":"2026-03-08T15:25:40","modified_gmt":"2026-03-08T14:25:40","slug":"lidl-akcios-ujsag-kerti-homokozo","status":"publish","type":"post","link":"https:\/\/www.startlap.hu\/vasarlas\/lidl-akcios-ujsag-kerti-homokozo\/","title":{"rendered":"Roham indulhat a Lidlbe cs\u00fct\u00f6rt\u00f6k\u00f6n: \u00e9rkezik a csal\u00e1dok tavaszi kedvence"},"content":{"rendered":"<p>Ahogy bek\u00f6sz\u00f6nt a tavasz \u00e9s egyre t\u00f6bb id\u0151t t\u00f6lt\u00fcnk a szabadban, a sz\u00fcl\u0151k gyakran keresnek olyan kerti megold\u00e1sokat, amelyek hosszabb id\u0151re lek\u00f6tik a gyerekeket. Egy j\u00f3l megv\u00e1lasztott kerti j\u00e1t\u00e9k egyszerre \u00f6szt\u00f6nzi a kreativit\u00e1st, fejleszti a k\u00e9z\u00fcgyess\u00e9get, \u00e9s lehet\u0151s\u00e9get ad arra, hogy a gyerekek a friss leveg\u0151n j\u00e1tsszanak.<\/p>\n<figure id=\"attachment_2278082\" aria-describedby=\"caption-attachment-2278082\" style=\"width: 755px\" class=\"wp-caption alignnone\"><img loading=\"lazy\" decoding=\"async\" class=\"size-article-size-large-image wp-image-2278082\" src=\"https:\/\/www.startlap.hu\/vasarlas\/uploads\/2026\/03\/lidl-755x503.jpg\" alt=\"Egy Lidl \u00e1ruh\u00e1z bej\u00e1rata\" width=\"755\" height=\"503\" srcset=\"https:\/\/www.startlap.hu\/vasarlas\/uploads\/2026\/03\/lidl-755x503.jpg 755w, https:\/\/www.startlap.hu\/vasarlas\/uploads\/2026\/03\/lidl-525x350.jpg 525w, https:\/\/www.startlap.hu\/vasarlas\/uploads\/2026\/03\/lidl.jpg 1280w\" sizes=\"auto, (max-width: 755px) 100vw, 755px\" \/><figcaption id=\"caption-attachment-2278082\" class=\"wp-caption-text\">\u00daj tavaszi akci\u00f3kat hirdetett a Lidl. (Fot\u00f3: Getty Images)<\/figcaption><\/figure>\n<div class=\"o-widget m-readMoreWidget -readMore u-shortDecorLineAfter row widget-container _ce_measure_widget bigdata-widget read-more\" data-ce-measure-widget=\"olvass tov\u00e1bb\">\n\t<div class=\"m-readMoreWidget__imgWrapper image-wrapper col-12 col-md-4 no-p\">\n\t\t<a class=\"m-readMoreWidget__imgLink\" href=\"https:\/\/www.startlap.hu\/vasarlas\/lidl-steffi-graf-kampany-sportmarka-crivit\/\" >\n\t\t\t<img decoding=\"async\" src=\"https:\/\/www.startlap.hu\/vasarlas\/uploads\/2026\/02\/lidl-bevasarlokocsik-vasarlok-350x285.jpg\" class=\"m-readMoreWidget__img\">\n\t\t<\/a>\n\t<\/div>\n\t<div class=\"m-readMoreWidget__titleWrapper title-wrapper col-12 col-md-8\">\n\t\t<span class=\"m-readMoreWidget__titleLabel u-shortDecorLineBefore label hidden-sm-up\">Ez is \u00e9rdekelhet:<\/span>\n\t\t<h3 class=\"m-readMoreWidget__title title\">\n\t\t\t<a class=\"m-readMoreWidget__titleLink -secondFont u-bold u-upperCase\" href=\"https:\/\/www.startlap.hu\/vasarlas\/lidl-steffi-graf-kampany-sportmarka-crivit\/\" >V\u00e1ratlan l\u00e9p\u00e9s: a Parkside mellett a Lidl \u00fajabb term\u00e9kekkel nyomul<\/a>\n\t\t<\/h3>\n\t\t<a class=\"m-readMoreWidget__btn -coloredBack u-tC link\" href=\"https:\/\/www.startlap.hu\/vasarlas\/lidl-steffi-graf-kampany-sportmarka-crivit\/\" >Elolvasom<\/a>\n\t<\/div>\n<\/div>\n<h2>Mire j\u00f3 egy kerti homokoz\u00f3?<\/h2>\n<p>A homokoz\u00f3 az egyik legklasszikusabb szabadt\u00e9ri gyerekj\u00e1t\u00e9k, amely gener\u00e1ci\u00f3k \u00f3ta a kerti j\u00e1t\u00e9kok legfontosabb alapdarabja. A homokkal val\u00f3 foglalatoss\u00e1g fejleszti a kreativit\u00e1st \u00e9s a finommotoros k\u00e9szs\u00e9geket, mik\u00f6zben a gyerekek k\u00fcl\u00f6nf\u00e9le form\u00e1kat \u00e9p\u00edthetnek, v\u00e1rakat k\u00e9sz\u00edthetnek, vagy ak\u00e1r szerepj\u00e1t\u00e9kokat is kital\u00e1lhatnak.<\/p>\n<p>R\u00e1ad\u00e1sul egy saj\u00e1t homokoz\u00f3 a kertben azt is jelenti, hogy a gyerekek biztons\u00e1gos k\u00f6rnyezetben j\u00e1tszhatnak, a sz\u00fcl\u0151k pedig k\u00f6nnyebben szemmel tarthatj\u00e1k \u0151ket. Gyakran gond az er\u0151s naps\u00fct\u00e9s, de j\u00f3 megold\u00e1s egy \u00e1rny\u00e9kol\u00f3: megfelel\u0151 UV-v\u00e9delem mellett m\u00e9g a d\u00e9li \u00f3r\u00e1k is k\u00e9nyelmesen \u00e9s biztons\u00e1gosan telnek majd a kertben.<\/p>\n<h2>Mit tud a Lidl kerti homokoz\u00f3ja?<\/h2>\n<p>A <strong><a href=\"https:\/\/www.startlap.hu\/vasarlas\/lidl-reklam-megtevesztes-nemetorszag\/\" target=\"_blank\" rel=\"noopener\">Lidl<\/a><\/strong> k\u00edn\u00e1lat\u00e1ban most <strong>egy \u00e1rny\u00e9kol\u00f3val ell\u00e1tott, massz\u00edv szerkezet\u0171 kerti homokoz\u00f3<\/strong> is megjelent, amelyet kifejezetten kisgyerekes csal\u00e1dok sz\u00e1m\u00e1ra terveztek. A Lupilu kerti homokoz\u00f3 stabil fel\u00e9p\u00edt\u00e9s\u0171, \u00e9s k\u00f6rnyezetbar\u00e1t, v\u00edzalap\u00fa laz\u00farral kezelt fa szerkezetet kapott.<\/p>\n<p>A j\u00e1t\u00e9k k\u00f6zben a gyerekeket egy k\u00e9k sz\u00edn\u0171 ponyva (<a href=\"https:\/\/akcios-ujsag.hu\/akcios-ujsagok\/lidl-nonfood-akcios-ujsag-2026-03-12\/\" target=\"_blank\" target=\"_blank\" rel=\"noopener\"><strong>k\u00e9p az akci\u00f3s \u00fajs\u00e1gban<\/strong><\/a>) v\u00e9di a naps\u00fct\u00e9st\u0151l, amely 80-as f\u00e9nyv\u00e9d\u0151 faktor\u00fa <strong><a href=\"https:\/\/www.startlap.hu\/vasarlas\/a-legjobb-naptejek-gyerekeknek-2025\/\" target=\"_blank\" rel=\"noopener\">UV-v\u00e9delemmel<\/a><\/strong> rendelkezik. A homokoz\u00f3ban egyszerre ak\u00e1r n\u00e9gy gyerek is j\u00e1tszhat, \u00edgy testv\u00e9rek vagy bar\u00e1tok sz\u00e1m\u00e1ra is ide\u00e1lis.<\/p>\n<p>A biztons\u00e1gra is gondoltak:<\/p>\n<blockquote class=\"article__extraTxt\"><p>a m\u0171anyag sarkok seg\u00edtenek megel\u0151zni a s\u00e9r\u00fcl\u00e9seket, az alj\u00e1ra pedig gy\u00f6kerekkel szemben ellen\u00e1ll\u00f3, ugyanakkor v\u00edz\u00e1tereszt\u0151 talajponyva ker\u00fclt.<\/p><\/blockquote>\n<p>A term\u00e9ket &#8211; amely a TV-rekl\u00e1mb\u00f3l m\u00e1r ismer\u0151s lehet &#8211; kedvezm\u00e9nyes \u00e1ron k\u00edn\u00e1lja a Lidl.<\/p>\n<p><strong>A Lupilu kerti homokoz\u00f3 f\u0151bb adatai:<\/strong><\/p>\n<ul>\n<li data-start=\"94\" data-end=\"110\"><strong>3 \u00e9v garancia<\/strong>;<\/li>\n<li data-start=\"113\" data-end=\"166\"><strong>stabil<\/strong> szerkezet <strong>k\u00f6rnyezetbar\u00e1t<\/strong>, v\u00edzalap\u00fa laz\u00farral;<\/li>\n<li data-start=\"169\" data-end=\"218\">tet\u0151f\u00f3lia 80-as f\u00e9nyv\u00e9d\u0151 faktor\u00fa <strong>UV-v\u00e9delemmel<\/strong>;<\/li>\n<li data-start=\"255\" data-end=\"315\">gy\u00f6kerekkel szemben <strong>ellen\u00e1ll\u00f3 \u00e9s v\u00edz\u00e1tereszt\u0151 talajponyva<\/strong>;<\/li>\n<li data-start=\"318\" data-end=\"361\">biztons\u00e1gos kialak\u00edt\u00e1s <strong>m\u0171anyag sarkokkal<\/strong>;<\/li>\n<li data-start=\"364\" data-end=\"394\">teljes magass\u00e1g: kb. 118 cm;<\/li>\n<li data-start=\"397\" data-end=\"429\">m\u00e9ret: <strong>kb. 118 \u00d7 118 \u00d7 118 cm<\/strong>;<\/li>\n<li data-start=\"432\" data-end=\"451\"><strong>k\u00e9k sz\u00edn\u0171<\/strong> ponyva;<\/li>\n<li data-start=\"454\" data-end=\"498\">egyszerre ak\u00e1r <strong>4 gyerek is j\u00e1tszhat benne<\/strong>;<\/li>\n<li data-start=\"501\" data-end=\"536\">szuper \u00e1r: mind\u00f6ssze <strong>19 990 forint<\/strong>.<\/li>\n<\/ul>\n<div class=\"text-base my-auto mx-auto [--thread-content-margin:var(--thread-content-margin-xs,calc(var(--spacing)*4))] @w-sm\/main:[--thread-content-margin:var(--thread-content-margin-sm,calc(var(--spacing)*6))] @w-lg\/main:[--thread-content-margin:var(--thread-content-margin-lg,calc(var(--spacing)*16))] px-(--thread-content-margin)\">\n<div class=\"[--thread-content-max-width:40rem] @w-lg\/main:[--thread-content-max-width:48rem] mx-auto max-w-(--thread-content-max-width) flex-1 group\/turn-messages focus-visible:outline-hidden relative flex w-full min-w-0 flex-col agent-turn\">\n<div class=\"flex max-w-full flex-col gap-4 grow\">\n<div class=\"min-h-8 text-message relative flex w-full flex-col items-end gap-2 text-start break-words whitespace-normal [.text-message+&amp;]:mt-1\">\n<div class=\"flex w-full flex-col gap-1 empty:hidden\">\n<div class=\"markdown prose dark:prose-invert w-full wrap-break-word dark markdown-new-styling\">\n<p data-start=\"453\" data-end=\"852\" data-is-last-node=\"\" data-is-only-node=\"\">A kedvez\u0151 \u00e1r \u00e9s a praktikus kialak\u00edt\u00e1s miatt k\u00f6nnyen lehet, hogy szab\u00e1lyosan megrohamozz\u00e1k majd az \u00e1ruh\u00e1zakat a csal\u00e1dok. Az \u00e1rny\u00e9kol\u00f3val ell\u00e1tott kialak\u00edt\u00e1s k\u00fcl\u00f6n\u00f6sen a ny\u00e1ri h\u00f3napokban lehet hasznos, hogy a gyerekek ak\u00e1r eg\u00e9sz nap a szabadban j\u00e1tszhassanak. Az akci\u00f3s term\u00e9keket gyorsan elkapkodhatj\u00e1k, \u00e9rdemes gyorsan lecsapni r\u00e1: a homokoz\u00f3 <strong>cs\u00fct\u00f6rt\u00f6kt\u0151l kaphat\u00f3<\/strong>.<\/p>\n<p><strong>\u00c9rdemes az&nbsp;<a href=\"https:\/\/akcios-ujsag.hu\/\" target=\"_blank\" target=\"_blank\" rel=\"noopener\">Akci\u00f3s-\u00dajs\u00e1g.hu<\/a>&nbsp;oldal\u00e1n megtal\u00e1lhat\u00f3 m\u00e1s \u00e1ruh\u00e1zl\u00e1ncok akci\u00f3s term\u00e9keit is \u00e1tb\u00f6ng\u00e9szni, p\u00e9ld\u00e1ul:<\/strong><\/p>\n<ul>\n<li><a href=\"https:\/\/akcios-ujsag.hu\/akcios-ujsag\/elelmiszer-aruhaz\/aldi\/\" target=\"_blank\" target=\"_blank\" rel=\"noopener\"><strong>Aldi<\/strong><\/a><\/li>\n<li><a href=\"https:\/\/akcios-ujsag.hu\/akcios-ujsag\/elelmiszer-aruhaz\/auchan\/\" target=\"_blank\" target=\"_blank\" rel=\"noopener\"><strong>Auchan<\/strong><\/a><\/li>\n<li><a href=\"https:\/\/akcios-ujsag.hu\/akcios-ujsag\/elelmiszer-aruhaz\/spar-interspar\/\" target=\"_blank\" target=\"_blank\" rel=\"noopener\"><strong>Interspar<\/strong><\/a><\/li>\n<li><a href=\"https:\/\/akcios-ujsag.hu\/akcios-ujsag\/elelmiszer-aruhaz\/penny-market\/\" target=\"_blank\" target=\"_blank\" rel=\"noopener\"><strong>Penny&nbsp;<\/strong><\/a><\/li>\n<li><a href=\"https:\/\/akcios-ujsag.hu\/akcios-ujsag\/elelmiszer-aruhaz\/tesco\/\" target=\"_blank\" target=\"_blank\" rel=\"noopener\"><strong>Tesco<\/strong><\/a><\/li>\n<\/ul>\n<div class=\"o-widget m-readMoreWidget -readMore u-shortDecorLineAfter row widget-container _ce_measure_widget bigdata-widget read-more\" data-ce-measure-widget=\"olvass tov\u00e1bb\">\n\t<div class=\"m-readMoreWidget__imgWrapper image-wrapper col-12 col-md-4 no-p\">\n\t\t<a class=\"m-readMoreWidget__imgLink\" href=\"https:\/\/www.startlap.hu\/vasarlas\/aldi-lidl-egyesult-kiralysag-beremeles\/\" >\n\t\t\t<img decoding=\"async\" src=\"https:\/\/www.startlap.hu\/vasarlas\/uploads\/2026\/02\/bolt-kassza-aru-350x285.jpg\" class=\"m-readMoreWidget__img\">\n\t\t<\/a>\n\t<\/div>\n\t<div class=\"m-readMoreWidget__titleWrapper title-wrapper col-12 col-md-8\">\n\t\t<span class=\"m-readMoreWidget__titleLabel u-shortDecorLineBefore label hidden-sm-up\">Ez is \u00e9rdekelhet:<\/span>\n\t\t<h3 class=\"m-readMoreWidget__title title\">\n\t\t\t<a class=\"m-readMoreWidget__titleLink -secondFont u-bold u-upperCase\" href=\"https:\/\/www.startlap.hu\/vasarlas\/aldi-lidl-egyesult-kiralysag-beremeles\/\" >Aldi, Lidl: leesik az \u00e1llad, ha megl\u00e1tod mennyi az \u00f3rab\u00e9r a britekn\u00e9l<\/a>\n\t\t<\/h3>\n\t\t<a class=\"m-readMoreWidget__btn -coloredBack u-tC link\" href=\"https:\/\/www.startlap.hu\/vasarlas\/aldi-lidl-egyesult-kiralysag-beremeles\/\" >Elolvasom<\/a>\n\t<\/div>\n<\/div>\n<\/div>\n<\/div>\n<\/div>\n<\/div>\n<\/div>\n<\/div>\n","protected":false},"excerpt":{"rendered":"<p>Meg\u00e9rkezett a Lidl egyik \u00faj, tavaszi akci\u00f3ja, amely kifejezetten a kisgyerekes csal\u00e1dokat c\u00e9lozt\u00e1k meg. A praktikus kerti kieg\u00e9sz\u00edt\u0151 nemcsak a j\u00e1t\u00e9kot teszi \u00e9lvezetesebb\u00e9, hanem a biztons\u00e1gra \u00e9s a napv\u00e9delemre is gondol.<\/p>\n","protected":false},"author":14,"featured_media":2278082,"comment_status":"closed","ping_status":"closed","sticky":false,"template":"","format":"standard","meta":{"footnotes":""},"categories":[8180],"tags":[2368,3106,280],"class_list":["post-2278079","post","type-post","status-publish","format-standard","has-post-thumbnail","hentry","category-trending","tag-akcio","tag-gyerekjatek","tag-lidl"],"aioseo_notices":[],"_links":{"self":[{"href":"https:\/\/www.startlap.hu\/vasarlas\/wp-json\/wp\/v2\/posts\/2278079","targetHints":{"allow":["GET"]}}],"collection":[{"href":"https:\/\/www.startlap.hu\/vasarlas\/wp-json\/wp\/v2\/posts"}],"about":[{"href":"https:\/\/www.startlap.hu\/vasarlas\/wp-json\/wp\/v2\/types\/post"}],"author":[{"embeddable":true,"href":"https:\/\/www.startlap.hu\/vasarlas\/wp-json\/wp\/v2\/users\/14"}],"replies":[{"embeddable":true,"href":"https:\/\/www.startlap.hu\/vasarlas\/wp-json\/wp\/v2\/comments?post=2278079"}],"version-history":[{"count":1,"href":"https:\/\/www.startlap.hu\/vasarlas\/wp-json\/wp\/v2\/posts\/2278079\/revisions"}],"predecessor-version":[{"id":2278083,"href":"https:\/\/www.startlap.hu\/vasarlas\/wp-json\/wp\/v2\/posts\/2278079\/revisions\/2278083"}],"wp:featuredmedia":[{"embeddable":true,"href":"https:\/\/www.startlap.hu\/vasarlas\/wp-json\/wp\/v2\/media\/2278082"}],"wp:attachment":[{"href":"https:\/\/www.startlap.hu\/vasarlas\/wp-json\/wp\/v2\/media?parent=2278079"}],"wp:term":[{"taxonomy":"category","embeddable":true,"href":"https:\/\/www.startlap.hu\/vasarlas\/wp-json\/wp\/v2\/categories?post=2278079"},{"taxonomy":"post_tag","embeddable":true,"href":"https:\/\/www.startlap.hu\/vasarlas\/wp-json\/wp\/v2\/tags?post=2278079"}],"curies":[{"name":"wp","href":"https:\/\/api.w.org\/{rel}","templated":true}]}}