{"id":2278068,"date":"2026-03-06T22:03:38","date_gmt":"2026-03-06T21:03:38","guid":{"rendered":"https:\/\/www.startlap.hu\/vasarlas\/?p=2278068"},"modified":"2026-03-06T22:03:38","modified_gmt":"2026-03-06T21:03:38","slug":"hajmosas-oblites-viz","status":"publish","type":"post","link":"https:\/\/www.startlap.hu\/vasarlas\/hajmosas-oblites-viz\/","title":{"rendered":"A fodr\u00e1szok egyet\u00e9rtenek: csakis \u00edgy \u00f6bl\u00edtsd a hajad"},"content":{"rendered":"<p>Az egyes hajt\u00edpusok k\u00fcl\u00f6nb\u00f6z\u0151 \u00e1pol\u00e1st ig\u00e9nyelnek, \u00e9s az sem mindegy, h\u00e1ny \u00e9vesek vagyunk. Van azonban n\u00e9h\u00e1ny egyetemes igazs\u00e1g a <strong><a href=\"https:\/\/www.startlap.hu\/vasarlas\/hajapolas-otthon-fodrasz-karanten-hajvagas-hajfestes-koronavirus\/\" target=\"_blank\" rel=\"noopener\">haj\u00e1pol\u00e1sban<\/a><\/strong> is: meglep\u0151 m\u00f3don a <strong><a href=\"https:\/\/www.startlap.hu\/vasarlas\/sampon-tippek-takaritas-por-kosz-praktika\/\" target=\"_blank\" rel=\"noopener\">hajmos\u00e1shoz<\/a><\/strong> haszn\u00e1lt v\u00edz h\u0151m\u00e9rs\u00e9klete is ide tartozik.<\/p>\n<figure id=\"attachment_2278070\" aria-describedby=\"caption-attachment-2278070\" style=\"width: 755px\" class=\"wp-caption alignnone\"><img loading=\"lazy\" decoding=\"async\" class=\"size-article-size-large-image wp-image-2278070\" src=\"https:\/\/www.startlap.hu\/vasarlas\/uploads\/2026\/03\/hajmosas-755x503.jpg\" alt=\"K\u00e9t kisfi\u00fa pancsol a k\u00e1dban\" width=\"755\" height=\"503\" srcset=\"https:\/\/www.startlap.hu\/vasarlas\/uploads\/2026\/03\/hajmosas-755x503.jpg 755w, https:\/\/www.startlap.hu\/vasarlas\/uploads\/2026\/03\/hajmosas-526x350.jpg 526w, https:\/\/www.startlap.hu\/vasarlas\/uploads\/2026\/03\/hajmosas.jpg 1280w\" sizes=\"auto, (max-width: 755px) 100vw, 755px\" \/><figcaption id=\"caption-attachment-2278070\" class=\"wp-caption-text\">A hideg \u00e9s a meleg v\u00edznek is vannak el\u0151nyei hajmos\u00e1skor. (Fot\u00f3: Getty Images)<\/figcaption><\/figure>\n<div class=\"o-widget m-readMoreWidget -readMore u-shortDecorLineAfter row widget-container _ce_measure_widget bigdata-widget read-more\" data-ce-measure-widget=\"olvass tov\u00e1bb\">\n\t<div class=\"m-readMoreWidget__imgWrapper image-wrapper col-12 col-md-4 no-p\">\n\t\t<a class=\"m-readMoreWidget__imgLink\" href=\"https:\/\/www.startlap.hu\/vasarlas\/lidl-steffi-graf-kampany-sportmarka-crivit\/\" >\n\t\t\t<img decoding=\"async\" src=\"https:\/\/www.startlap.hu\/vasarlas\/uploads\/2026\/02\/lidl-bevasarlokocsik-vasarlok-350x285.jpg\" class=\"m-readMoreWidget__img\">\n\t\t<\/a>\n\t<\/div>\n\t<div class=\"m-readMoreWidget__titleWrapper title-wrapper col-12 col-md-8\">\n\t\t<span class=\"m-readMoreWidget__titleLabel u-shortDecorLineBefore label hidden-sm-up\">Ez is \u00e9rdekelhet:<\/span>\n\t\t<h3 class=\"m-readMoreWidget__title title\">\n\t\t\t<a class=\"m-readMoreWidget__titleLink -secondFont u-bold u-upperCase\" href=\"https:\/\/www.startlap.hu\/vasarlas\/lidl-steffi-graf-kampany-sportmarka-crivit\/\" >V\u00e1ratlan l\u00e9p\u00e9s: a Parkside mellett a Lidl \u00fajabb term\u00e9kekkel nyomul<\/a>\n\t\t<\/h3>\n\t\t<a class=\"m-readMoreWidget__btn -coloredBack u-tC link\" href=\"https:\/\/www.startlap.hu\/vasarlas\/lidl-steffi-graf-kampany-sportmarka-crivit\/\" >Elolvasom<\/a>\n\t<\/div>\n<\/div>\n<p>Arra a k\u00e9rd\u00e9sre, hogy meleg vagy hideg v\u00edzre van sz\u00fcks\u00e9g, nem olyan egyszer\u0171 a v\u00e1lasz: a meleg vizes hajmos\u00e1s a term\u00e9kek hat\u00e9konys\u00e1g\u00e1t fokozza, a hideg vizes \u00f6bl\u00edt\u00e9s viszont a haj f\u00e9ny\u00e9t \u00e9s tisztas\u00e1g\u00e1t t\u00e1mogatja.<\/p>\n<h2>Milyen h\u0151m\u00e9rs\u00e9klet\u0171 v\u00edzzel mossuk a hajunkat?<\/h2>\n<p>A Lecturas Magazinnak t\u00f6bb fodr\u00e1sz nyilatkozott a t\u00e9m\u00e1r\u00f3l, \u00e9s a forr\u00f3 vizet mindannyian ellenezt\u00e9k. Egy&nbsp;tenerifei fodr\u00e1sz, Antonio Breu elmondta:&nbsp;<\/p>\n<blockquote><p>a meleg v\u00edz, mik\u00f6zben mosod, massz\u00edrozod, d\u00f6rzs\u00f6l\u00f6d \u00e9s kezeled a hajad, seg\u00edt abban, hogy az \u00f6sszes term\u00e9k jobban behatoljon.<\/p><\/blockquote>\n<p>Mindazon\u00e1ltal a hideg v\u00edz is j\u00f3t tesz.<\/p>\n<blockquote><p>A hideg v\u00edz f\u00e9nyesebb\u00e9 teszi a hajat, mert lez\u00e1rja a kutikul\u00e1t \u00e9s a fejb\u0151rt.<\/p><\/blockquote>\n<p>A hajas fejb\u0151r kit\u00e1gul a forr\u00f3 v\u00edz, a massz\u00edroz\u00e1s, <strong><a href=\"https:\/\/www.startlap.hu\/vasarlas\/so-sampon-tippek-praktika\/\" target=\"_blank\" rel=\"noopener\">samponoz\u00e1s<\/a><\/strong>, hajmaszkok, balzsamoz\u00e1s \u00e9s minden m\u00e1s hat\u00e1s\u00e1ra, amit r\u00e1teszel, majd a hideg v\u00edz \u00f6sszeh\u00faz\u00f3dik, a hideg bez\u00e1rj a fejb\u0151r p\u00f3rusait, \u00e9s a hajad tov\u00e1bb tiszta marad\u201d &#8211; magyar\u00e1zta a szakember.<\/p>\n<p>Inma Botella, az elchei Sucre Estilismo fodr\u00e1szat munkat\u00e1rsa egyet\u00e9rt ezzel az \u00e1ll\u00edt\u00e1ssal, \u00e9s hangs\u00falyozza, hogy sem a j\u00e9g, sem a t\u00fal magas h\u0151m\u00e9rs\u00e9klet nem j\u00f3 \u00f6tlet. \u201eA meleg v\u00edz seg\u00edt alaposan elt\u00e1vol\u00edtani az \u00f6sszes maradv\u00e1nyt. A hideg v\u00edz viszont, amelyet a mos\u00e1s v\u00e9g\u00e9n kell haszn\u00e1lni, stimul\u00e1lja a fejb\u0151rt, bez\u00e1rja a p\u00f3rusokat, \u00e9s sokkal f\u00e9nyesebb\u00e9 teszi a haj\u00e1t\u201d &#8211; \u00e1ll\u00edtja Botella.<\/p>\n<p>Egy m\u00e1sik fodr\u00e1sz, V\u00edctor del Valle azt javasolja, a hajmos\u00e1st langyos v\u00edzzel v\u00e9gezz\u00fck, de befejez\u00e9skor haszn\u00e1ljunk hideg vizet, mert az lez\u00e1rja a haj kutikul\u00e1j\u00e1t.<\/p>\n<blockquote class=\"article__extraTxt\"><p>A j\u00f3 megold\u00e1s egy 30-40 fokos v\u00edzben t\u00f6rt\u00e9n\u0151 hajmos\u00e1st, amelyet egy 10-20 fokos v\u00edzben t\u00f6rt\u00e9n\u0151 \u00f6bl\u00edt\u00e9s k\u00f6vet<\/p><\/blockquote>\n<p>&#8211; der\u00fcl ki Ram\u00f3n Santiago aj\u00e1nl\u00e1s\u00e1b\u00f3l.<\/p>\n<p>Rafael Bueno szt\u00e1rfodr\u00e1sz is meger\u0151s\u00edtette a fentieket, \u00e9s hozz\u00e1tette, a t\u00fal forr\u00f3 v\u00edz irrit\u00e1lhatja a fejb\u0151rt \u00e9s serkentheti a kompenz\u00e1l\u00f3 olajtermel\u00e9st, a hajat pedig sz\u00e1razz\u00e1 \u00e9s t\u00f6redezett\u00e9 teheti. A <strong>t\u00fal hideg v\u00edz megnehez\u00edti a tiszt\u00edt\u00e1st, mert nem emulge\u00e1lja megfelel\u0151en a faggy\u00fat \u00e9s a szennyez\u0151d\u00e9seket<\/strong>.<\/p>\n<p>Helena Rodero gy\u00f3gyszer\u00e9sz megjegyzi, hogy <strong>nemcsak a v\u00edz h\u0151m\u00e9rs\u00e9klete sz\u00e1m\u00edt, hanem az is, hogy mennyi id\u0151t t\u00f6lt\u00fcnk a foly\u00f3 v\u00edz alatt<\/strong>. Ha t\u00fal sokat, az t\u00f6nkreteheti a festett haj sz\u00edn\u00e9t. \u201eA hajmos\u00e1snak hat\u00e9konynak \u00e9s gyorsnak kell lennie\u201d \u2013 v\u00e9lekedik.<\/p>\n<h2>A hajmaszkot nem \u00fagy kellene haszn\u00e1lni, ahogy gondolod<\/h2>\n<p>A vezet\u0151 hajszak\u00e9rt\u0151k egyet\u00e9rtenek abban is, hogy<\/p>\n<blockquote class=\"article__extraTxt\"><p>a pakol\u00e1st zuhanyz\u00e1s el\u0151tt, sz\u00e1raz hajra kell felvinni. A maszkot a tincsek k\u00f6zep\u00e9t\u0151l a hajv\u00e9gekig kenj\u00fcnk fel, \u00e9s hagyjuk n\u00e9h\u00e1ny percig, am\u00edg kifejti a hat\u00e1s\u00e1t.<\/p><\/blockquote>\n<p>\u201eNagyon hasznos \u00e9s sz\u00e1mos el\u0151nnyel j\u00e1r, ha sz\u00e1raz hajra visz\u00fcnk fel hajpakol\u00e1st samponoz\u00e1s el\u0151tt, k\u00fcl\u00f6n\u00f6sen a sz\u00e1razabb hajra. Megv\u00e9di a hajat a sampon k\u00e1ros hat\u00e1sait\u00f3l\u201d \u2013 magyar\u00e1zza Simon Scarano b\u0151rgy\u00f3gy\u00e1sz.<\/p>\n<p><strong><a href=\"https:\/\/www.lecturas.com\/belleza\/peluqueros-coinciden-lavar-pelo-agua-caliente-hace-que-productos-penetren-mejor-pero-terminar-fria-potencia-brillo-hace-que-dure-mas-limpio_189587\" target=\"_blank\" target=\"_blank\" rel=\"noopener\">via<\/a><\/strong><\/p>\n<div class=\"o-widget m-readMoreWidget -readMore u-shortDecorLineAfter row widget-container _ce_measure_widget bigdata-widget read-more\" data-ce-measure-widget=\"olvass tov\u00e1bb\">\n\t<div class=\"m-readMoreWidget__imgWrapper image-wrapper col-12 col-md-4 no-p\">\n\t\t<a class=\"m-readMoreWidget__imgLink\" href=\"https:\/\/www.startlap.hu\/vasarlas\/torolkozo-hasznalati-ido-csere\/\" >\n\t\t\t<img decoding=\"async\" src=\"https:\/\/www.startlap.hu\/vasarlas\/uploads\/2025\/08\/zuhanyzas-350x285.jpg\" class=\"m-readMoreWidget__img\">\n\t\t<\/a>\n\t<\/div>\n\t<div class=\"m-readMoreWidget__titleWrapper title-wrapper col-12 col-md-8\">\n\t\t<span class=\"m-readMoreWidget__titleLabel u-shortDecorLineBefore label hidden-sm-up\">Ez is \u00e9rdekelhet:<\/span>\n\t\t<h3 class=\"m-readMoreWidget__title title\">\n\t\t\t<a class=\"m-readMoreWidget__titleLink -secondFont u-bold u-upperCase\" href=\"https:\/\/www.startlap.hu\/vasarlas\/torolkozo-hasznalati-ido-csere\/\" >Tudtad, hogy a t\u00f6r\u00f6lk\u00f6z\u0151knek is van &#8222;lej\u00e1rati d\u00e1tumuk&#8221;? \u00cdme, mikor kell lecser\u00e9lned \u0151ket<\/a>\n\t\t<\/h3>\n\t\t<a class=\"m-readMoreWidget__btn -coloredBack u-tC link\" href=\"https:\/\/www.startlap.hu\/vasarlas\/torolkozo-hasznalati-ido-csere\/\" >Elolvasom<\/a>\n\t<\/div>\n<\/div>\n","protected":false},"excerpt":{"rendered":"<p>A haj\u00e1pol\u00e1si term\u00e9kek \u00e9s kezel\u00e9sek is sokat sz\u00e1m\u00edtanak, de vannak bizonyos apr\u00f3s\u00e1gok, amik ugyanolyan fontosak a sz\u00e9p haj szempontj\u00e1b\u00f3l, \u00e9s egy fill\u00e9rbe sem ker\u00fclnek.<\/p>\n","protected":false},"author":14,"featured_media":2278070,"comment_status":"closed","ping_status":"closed","sticky":false,"template":"","format":"standard","meta":{"footnotes":""},"categories":[8180],"tags":[5994,8260],"class_list":["post-2278068","post","type-post","status-publish","format-standard","has-post-thumbnail","hentry","category-trending","tag-fodrasz","tag-hajmosas"],"aioseo_notices":[],"_links":{"self":[{"href":"https:\/\/www.startlap.hu\/vasarlas\/wp-json\/wp\/v2\/posts\/2278068","targetHints":{"allow":["GET"]}}],"collection":[{"href":"https:\/\/www.startlap.hu\/vasarlas\/wp-json\/wp\/v2\/posts"}],"about":[{"href":"https:\/\/www.startlap.hu\/vasarlas\/wp-json\/wp\/v2\/types\/post"}],"author":[{"embeddable":true,"href":"https:\/\/www.startlap.hu\/vasarlas\/wp-json\/wp\/v2\/users\/14"}],"replies":[{"embeddable":true,"href":"https:\/\/www.startlap.hu\/vasarlas\/wp-json\/wp\/v2\/comments?post=2278068"}],"version-history":[{"count":2,"href":"https:\/\/www.startlap.hu\/vasarlas\/wp-json\/wp\/v2\/posts\/2278068\/revisions"}],"predecessor-version":[{"id":2278072,"href":"https:\/\/www.startlap.hu\/vasarlas\/wp-json\/wp\/v2\/posts\/2278068\/revisions\/2278072"}],"wp:featuredmedia":[{"embeddable":true,"href":"https:\/\/www.startlap.hu\/vasarlas\/wp-json\/wp\/v2\/media\/2278070"}],"wp:attachment":[{"href":"https:\/\/www.startlap.hu\/vasarlas\/wp-json\/wp\/v2\/media?parent=2278068"}],"wp:term":[{"taxonomy":"category","embeddable":true,"href":"https:\/\/www.startlap.hu\/vasarlas\/wp-json\/wp\/v2\/categories?post=2278068"},{"taxonomy":"post_tag","embeddable":true,"href":"https:\/\/www.startlap.hu\/vasarlas\/wp-json\/wp\/v2\/tags?post=2278068"}],"curies":[{"name":"wp","href":"https:\/\/api.w.org\/{rel}","templated":true}]}}