{"id":2278052,"date":"2026-03-13T05:33:19","date_gmt":"2026-03-13T04:33:19","guid":{"rendered":"https:\/\/www.startlap.hu\/vasarlas\/?p=2278052"},"modified":"2026-03-09T13:13:34","modified_gmt":"2026-03-09T12:13:34","slug":"gyerek-hiszti-bolt-vasarlas-pszichologus","status":"publish","type":"post","link":"https:\/\/www.startlap.hu\/vasarlas\/gyerek-hiszti-bolt-vasarlas-pszichologus\/","title":{"rendered":"&#8222;A fiam a vizes j\u00e1rd\u00e1n fek\u00fcdt a bolt el\u0151tt&#8221; &#8211; minden sz\u00fcl\u0151 r\u00e9m\u00e1lma t\u00f6rt\u00e9nt meg Lucie-vel"},"content":{"rendered":"<p>A kisgyerekek sokszor nem akarnak \u00fcres k\u00e9zzel t\u00e1vozni a boltb\u00f3l, ami kellemetlen pillanatokat okozhat a sz\u00fcleik sz\u00e1m\u00e1ra. A hat\u00e9ves <strong>Tom\u00e1\u0161<\/strong> p\u00e9ld\u00e1ul szinte minden alkalommal ragaszkodik ahhoz, hogy v\u00e1s\u00e1roljanak neki valamit, legyen sz\u00f3 j\u00e1t\u00e9kr\u00f3l, <a href=\"https:\/\/www.startlap.hu\/vasarlas\/kakao-csokolade-ara-2026\/\" target=\"_blank\" rel=\"noopener\">\u00e9dess\u00e9gr\u0151l<\/a> vagy m\u00e1s apr\u00f3s\u00e1gr\u00f3l. Ha a sz\u00fclei nemet mondanak, a fi\u00fa s\u00edrni, kiab\u00e1lni kezd, s\u0151t n\u00e9ha lefekszik a f\u00f6ldre, ak\u00e1r a pocsoly\u00e1ba is. A helyzet\u00e9rt azonban nemcsak a gyermek, hanem sok esetben a boltok kialak\u00edt\u00e1sa is okolhat\u00f3.<\/p>\n<div class=\"o-widget m-readMoreWidget -readMore u-shortDecorLineAfter row widget-container _ce_measure_widget bigdata-widget read-more\" data-ce-measure-widget=\"olvass tov\u00e1bb\">\n\t<div class=\"m-readMoreWidget__imgWrapper image-wrapper col-12 col-md-4 no-p\">\n\t\t<a class=\"m-readMoreWidget__imgLink\" href=\"https:\/\/www.startlap.hu\/vasarlas\/lidl-steffi-graf-kampany-sportmarka-crivit\/\" >\n\t\t\t<img decoding=\"async\" src=\"https:\/\/www.startlap.hu\/vasarlas\/uploads\/2026\/02\/lidl-bevasarlokocsik-vasarlok-350x285.jpg\" class=\"m-readMoreWidget__img\">\n\t\t<\/a>\n\t<\/div>\n\t<div class=\"m-readMoreWidget__titleWrapper title-wrapper col-12 col-md-8\">\n\t\t<span class=\"m-readMoreWidget__titleLabel u-shortDecorLineBefore label hidden-sm-up\">Ez is \u00e9rdekelhet:<\/span>\n\t\t<h3 class=\"m-readMoreWidget__title title\">\n\t\t\t<a class=\"m-readMoreWidget__titleLink -secondFont u-bold u-upperCase\" href=\"https:\/\/www.startlap.hu\/vasarlas\/lidl-steffi-graf-kampany-sportmarka-crivit\/\" >V\u00e1ratlan l\u00e9p\u00e9s: a Parkside mellett a Lidl \u00fajabb term\u00e9kekkel nyomul<\/a>\n\t\t<\/h3>\n\t\t<a class=\"m-readMoreWidget__btn -coloredBack u-tC link\" href=\"https:\/\/www.startlap.hu\/vasarlas\/lidl-steffi-graf-kampany-sportmarka-crivit\/\" >Elolvasom<\/a>\n\t<\/div>\n<\/div>\n<h2>Nem felt\u00e9tlen\u00fcl a gyerek hib\u00e1ja: \u00edgy vannak kital\u00e1lva a boltok<\/h2>\n<p>Tom\u00e1\u0161 \u00e9desanyja szerint a probl\u00e9ma eleinte \u00e1rtatlannak t\u0171nt: a fi\u00fa kezdetben csak kisebb dolgokat k\u00e9rt, p\u00e9ld\u00e1ul egy kisaut\u00f3t vagy \u00e9dess\u00e9get a p\u00e9nzt\u00e1rn\u00e1l. Id\u0151vel azonban egyre dr\u00e1g\u00e1bb dolgokat szeretett volna: egy alkalommal p\u00e9ld\u00e1ul egy t\u00f6bb mint <strong>ezer cseh koron\u00e1s (16 ezer forintos) \u00e9p\u00edt\u0151j\u00e1t\u00e9kot<\/strong> akart megvetetni, \u00e9s amikor az anyja nemet mondott, hangos jelenetet rendezett a boltban. De olyan rendkv\u00fcli eset is el\u0151fordult m\u00e1r vel\u00fck, hogy a gyerek levetette mag\u00e1t a kirakat el\u0151tti vizes j\u00e1rd\u00e1ra, miut\u00e1n nem kapta meg a v\u00e1gyott term\u00e9ket. &#8222;Hideg volt, esett, \u00e9s csak fek\u00fcdt egy t\u00f3cs\u00e1ban k\u00f6zvetlen\u00fcl a kirakat el\u0151tt&#8221; &#8211; \u00edrta le Lucie azt a pillanatot, amikor r\u00e1j\u00f6tt, hogy m\u00e1r nem egy \u00e1tlagos gyerekd\u00fchrohammal van dolga.<\/p>\n<figure id=\"attachment_2278122\" aria-describedby=\"caption-attachment-2278122\" style=\"width: 755px\" class=\"wp-caption alignnone\"><a href=\"https:\/\/www.startlap.hu\/vasarlas\/uploads\/2026\/03\/gyerek-duzzog-bevasarlokocsi.jpg\"><img loading=\"lazy\" decoding=\"async\" class=\"size-article-size-large-image wp-image-2278122\" src=\"https:\/\/www.startlap.hu\/vasarlas\/uploads\/2026\/03\/gyerek-duzzog-bevasarlokocsi-755x452.jpg\" alt=\"Egy duzzog\u00f3 kisfi\u00fa a bev\u00e1s\u00e1rl\u00f3kocsiban \u00fcl a boltban.\" width=\"755\" height=\"452\" srcset=\"https:\/\/www.startlap.hu\/vasarlas\/uploads\/2026\/03\/gyerek-duzzog-bevasarlokocsi-755x452.jpg 755w, https:\/\/www.startlap.hu\/vasarlas\/uploads\/2026\/03\/gyerek-duzzog-bevasarlokocsi-584x350.jpg 584w, https:\/\/www.startlap.hu\/vasarlas\/uploads\/2026\/03\/gyerek-duzzog-bevasarlokocsi.jpg 1500w\" sizes=\"auto, (max-width: 755px) 100vw, 755px\" \/><\/a><figcaption id=\"caption-attachment-2278122\" class=\"wp-caption-text\">Amikor m\u00e1r nem egy \u00e1tlagos gyerekd\u00fchrohamr\u00f3l van sz\u00f3. Fot\u00f3: Getty Images<\/figcaption><\/figure>\n<p>A gyerekpszichol\u00f3gusok szerint a jelens\u00e9g nem egyszer\u0171en rossz viselked\u00e9s vagy hiszti:<\/p>\n<blockquote class=\"article__extraTxt\"><p>a boltok kifejezetten cs\u00e1b\u00edt\u00f3 k\u00f6rnyezetet jelentenek a gyerekek sz\u00e1m\u00e1ra; az \u00e9dess\u00e9gek \u00e9s j\u00e1t\u00e9kok gyakran a gyerekek szemmagass\u00e1g\u00e1ban vannak elhelyezve,<\/p><\/blockquote>\n<p>k\u00fcl\u00f6n\u00f6sen a <a href=\"https:\/\/www.startlap.hu\/vasarlas\/lidl-penztar-gyorsasag-fizetes-kassza\/\" target=\"_blank\" rel=\"noopener\">p\u00e9nzt\u00e1rakn\u00e1l<\/a>. A kisebb gyerekek r\u00e1ad\u00e1sul m\u00e9g nehezen tudj\u00e1k k\u00e9sleltetni a v\u00e1gyaikat, ez\u00e9rt ha valamit megl\u00e1tnak, azt azonnal szeretn\u00e9k.<\/p>\n<p>A pszichol\u00f3gusok szerint azonban <strong>fontos, hogy a sz\u00fcl\u0151k ne engedjenek a nyom\u00e1snak<\/strong> csak az\u00e9rt, hogy elker\u00fclj\u00e9k a nyilv\u00e1nos jeleneteket. <strong>Ha a gyerek azt tapasztalja, hogy a kiab\u00e1l\u00e1s vagy a s\u00edr\u00e1s v\u00e9g\u00fcl eredm\u00e9nyre vezet, k\u00f6nnyen r\u00f6gz\u00fclhet benne ez a viselked\u00e9si minta.<\/strong> Hat\u00e9ves korban a gyerekek m\u00e1r k\u00e9pesek meg\u00e9rteni az egyszer\u0171 szab\u00e1lyokat, ez\u00e9rt a sz\u00fcl\u0151knek \u00e9rdemes m\u00e1r a boltba l\u00e9p\u00e9s el\u0151tt tiszt\u00e1zniuk, mit fognak v\u00e1s\u00e1rolni.<\/p>\n<h2>Ez\u00e9rt \u00e9rdemes zsebp\u00e9nzt adni: \u00edgy seg\u00edt<\/h2>\n<p>A p\u00e9nzhez val\u00f3 viszony m\u00e1r gyerekkorban kialakul: ha a gyerek azt tanulja meg, hogy nyom\u00e1ssal b\u00e1rmit el\u00e9rhet, k\u00e9s\u0151bb impulz\u00edv k\u00f6ltekez\u00e9si szok\u00e1sai lehetnek. \u00c9ppen ez\u00e9rt sokan javasolj\u00e1k<\/p>\n<blockquote class=\"article__extraTxt\"><p>a zsebp\u00e9nz vagy a megtakar\u00edt\u00e1s bevezet\u00e9s\u00e9t a csal\u00e1di rutinba,<\/p><\/blockquote>\n<p>hogy a gyerek megtanulja: nem minden szerezhet\u0151 meg azonnal.<\/p>\n<p>Tom\u00e1\u0161 \u00e9desanyja is pr\u00f3b\u00e1l v\u00e1ltoztatni a helyzeten: <strong>el\u0151re megbesz\u00e9li a fi\u00e1val, mit vesznek a boltban<\/strong>, \u00e9s ha a gyerek valami pluszt szeretne, arra saj\u00e1t p\u00e9nzb\u0151l kell gy\u0171jtenie. B\u00e1r a hisztik nem sz\u0171ntek meg teljesen, egyre r\u00f6videbbek, \u00e9s az anya szerint <strong>a k\u00f6vetkezetess\u00e9g hossz\u00fa t\u00e1von seg\u00edthet abban, hogy a gyerek megtanulja a hat\u00e1rokat \u00e9s a p\u00e9nz \u00e9rt\u00e9k\u00e9t.<\/strong><\/p>\n<p><a href=\"https:\/\/www.kupi.cz\/magazin\/clanek\/42549-sceny-v-obchode-dite\" target=\"_blank\" target=\"_blank\" rel=\"noopener\">via<\/a><\/p>\n<div class=\"o-widget m-readMoreWidget -readMore u-shortDecorLineAfter row widget-container _ce_measure_widget bigdata-widget read-more\" data-ce-measure-widget=\"olvass tov\u00e1bb\">\n\t<div class=\"m-readMoreWidget__imgWrapper image-wrapper col-12 col-md-4 no-p\">\n\t\t<a class=\"m-readMoreWidget__imgLink\" href=\"https:\/\/www.startlap.hu\/vasarlas\/sutoajto-uveg-tisztitas\/\" >\n\t\t\t<img decoding=\"async\" src=\"https:\/\/www.startlap.hu\/vasarlas\/uploads\/2025\/12\/GettyImages-2178082789_11zon-350x285.jpg\" class=\"m-readMoreWidget__img\">\n\t\t<\/a>\n\t<\/div>\n\t<div class=\"m-readMoreWidget__titleWrapper title-wrapper col-12 col-md-8\">\n\t\t<span class=\"m-readMoreWidget__titleLabel u-shortDecorLineBefore label hidden-sm-up\">Ez is \u00e9rdekelhet:<\/span>\n\t\t<h3 class=\"m-readMoreWidget__title title\">\n\t\t\t<a class=\"m-readMoreWidget__titleLink -secondFont u-bold u-upperCase\" href=\"https:\/\/www.startlap.hu\/vasarlas\/sutoajto-uveg-tisztitas\/\" >Sz\u00e9t ne szereld a dupla \u00fcveg\u0171 s\u00fct\u0151ajt\u00f3t: tiszt\u00edt\u00e1shoz itt egy zseni\u00e1lis m\u00f3dszer!<\/a>\n\t\t<\/h3>\n\t\t<a class=\"m-readMoreWidget__btn -coloredBack u-tC link\" href=\"https:\/\/www.startlap.hu\/vasarlas\/sutoajto-uveg-tisztitas\/\" >Elolvasom<\/a>\n\t<\/div>\n<\/div>\n","protected":false},"excerpt":{"rendered":"<p>A sz\u00fcl\u0151k sz\u00e1m\u00e1ra k\u00fcl\u00f6n\u00f6sen neh\u00e9z lehet b\u00e1nni gyermekeikkel a boltban, hiszen ezek a helyek k\u00f6nnyed\u00e9n er\u0151s reakci\u00f3kat v\u00e1lthatnak ki a csemet\u00e9kb\u0151l.<\/p>\n","protected":false},"author":63,"featured_media":2278122,"comment_status":"closed","ping_status":"closed","sticky":false,"template":"","format":"standard","meta":{"footnotes":""},"categories":[8180],"tags":[5707,1697,414,3514],"class_list":["post-2278052","post","type-post","status-publish","format-standard","has-post-thumbnail","hentry","category-trending","tag-bevasarlas","tag-edesseg","tag-gyerek","tag-szulok"],"aioseo_notices":[],"_links":{"self":[{"href":"https:\/\/www.startlap.hu\/vasarlas\/wp-json\/wp\/v2\/posts\/2278052","targetHints":{"allow":["GET"]}}],"collection":[{"href":"https:\/\/www.startlap.hu\/vasarlas\/wp-json\/wp\/v2\/posts"}],"about":[{"href":"https:\/\/www.startlap.hu\/vasarlas\/wp-json\/wp\/v2\/types\/post"}],"author":[{"embeddable":true,"href":"https:\/\/www.startlap.hu\/vasarlas\/wp-json\/wp\/v2\/users\/63"}],"replies":[{"embeddable":true,"href":"https:\/\/www.startlap.hu\/vasarlas\/wp-json\/wp\/v2\/comments?post=2278052"}],"version-history":[{"count":5,"href":"https:\/\/www.startlap.hu\/vasarlas\/wp-json\/wp\/v2\/posts\/2278052\/revisions"}],"predecessor-version":[{"id":2278123,"href":"https:\/\/www.startlap.hu\/vasarlas\/wp-json\/wp\/v2\/posts\/2278052\/revisions\/2278123"}],"wp:featuredmedia":[{"embeddable":true,"href":"https:\/\/www.startlap.hu\/vasarlas\/wp-json\/wp\/v2\/media\/2278122"}],"wp:attachment":[{"href":"https:\/\/www.startlap.hu\/vasarlas\/wp-json\/wp\/v2\/media?parent=2278052"}],"wp:term":[{"taxonomy":"category","embeddable":true,"href":"https:\/\/www.startlap.hu\/vasarlas\/wp-json\/wp\/v2\/categories?post=2278052"},{"taxonomy":"post_tag","embeddable":true,"href":"https:\/\/www.startlap.hu\/vasarlas\/wp-json\/wp\/v2\/tags?post=2278052"}],"curies":[{"name":"wp","href":"https:\/\/api.w.org\/{rel}","templated":true}]}}