{"id":2278017,"date":"2026-03-11T05:33:30","date_gmt":"2026-03-11T04:33:30","guid":{"rendered":"https:\/\/www.startlap.hu\/vasarlas\/?p=2278017"},"modified":"2026-03-09T09:29:02","modified_gmt":"2026-03-09T08:29:02","slug":"fodrasz-50-folott-nok-hajvagas","status":"publish","type":"post","link":"https:\/\/www.startlap.hu\/vasarlas\/fodrasz-50-folott-nok-hajvagas\/","title":{"rendered":"Minden 50 \u00e9v f\u00f6l\u00f6tti n\u0151t \u00e9rint: ilyen gyakran kellene fodr\u00e1szhoz j\u00e1rni"},"content":{"rendered":"<p>Az 50 \u00e9v f\u00f6l\u00f6tti n\u0151k k\u00f6r\u00e9ben a <a href=\"https:\/\/www.startlap.hu\/vasarlas\/hajszaritas-fodrasz-hiba\/\" target=\"_blank\" rel=\"noopener\">haj<\/a> n\u00f6veked\u00e9se gyakran lelassul, ami a menopauz\u00e1val \u00f6sszef\u00fcgg\u0151 hormon\u00e1lis v\u00e1ltoz\u00e1sokkal magyar\u00e1zhat\u00f3. M\u00edg a v\u00e1ltoz\u00f3kor el\u0151tt a haj \u00e1tlagosan havi 1,5 centim\u00e9tert n\u0151, k\u00e9s\u0151bb ez ak\u00e1r 0,8\u20131 centim\u00e9terre is cs\u00f6kkenhet. Emiatt sokan elgondolkodnak azon, milyen gyakran \u00e9rdemes fodr\u00e1szhoz j\u00e1rni a menopauza ut\u00e1n: n\u00e9zz\u00fck, mit \u00e9rdemes figyelembe venni!<\/p>\n<div class=\"o-widget m-readMoreWidget -readMore u-shortDecorLineAfter row widget-container _ce_measure_widget bigdata-widget read-more\" data-ce-measure-widget=\"olvass tov\u00e1bb\">\n\t<div class=\"m-readMoreWidget__imgWrapper image-wrapper col-12 col-md-4 no-p\">\n\t\t<a class=\"m-readMoreWidget__imgLink\" href=\"https:\/\/www.startlap.hu\/vasarlas\/zuhanyzas-egeszseg-idosek-orvos\/\" >\n\t\t\t<img decoding=\"async\" src=\"https:\/\/www.startlap.hu\/vasarlas\/uploads\/2026\/02\/zuhanyzas-2-350x285.jpg\" class=\"m-readMoreWidget__img\">\n\t\t<\/a>\n\t<\/div>\n\t<div class=\"m-readMoreWidget__titleWrapper title-wrapper col-12 col-md-8\">\n\t\t<span class=\"m-readMoreWidget__titleLabel u-shortDecorLineBefore label hidden-sm-up\">Ez is \u00e9rdekelhet:<\/span>\n\t\t<h3 class=\"m-readMoreWidget__title title\">\n\t\t\t<a class=\"m-readMoreWidget__titleLink -secondFont u-bold u-upperCase\" href=\"https:\/\/www.startlap.hu\/vasarlas\/zuhanyzas-egeszseg-idosek-orvos\/\" >Higi\u00e9nia 65 \u00e9v felett: nem naponta egyszer, nem hetente egyszer &#8211; ilyen gyakran aj\u00e1nlott a zuhanyoz\u00e1s id\u0151s korban<\/a>\n\t\t<\/h3>\n\t\t<a class=\"m-readMoreWidget__btn -coloredBack u-tC link\" href=\"https:\/\/www.startlap.hu\/vasarlas\/zuhanyzas-egeszseg-idosek-orvos\/\" >Elolvasom<\/a>\n\t<\/div>\n<\/div>\n<h2>Ennyi id\u0151nk\u00e9nt \u00e9rdemes fodr\u00e1szhoz menni<\/h2>\n<p>Az \u00e1ltal\u00e1nos aj\u00e1nl\u00e1s szerint <strong>a hajv\u00e9geket hathetente \u00e9rdemes lev\u00e1gatni<\/strong>: 50 felett azonban, ha a haj j\u00f3 \u00e1llapotban van \u00e9s megfelel\u0151en \u00e1polj\u00e1k, ez az id\u0151tartam <strong>10\u201312 h\u00e9tre is kitolhat\u00f3.<\/strong> A rendszeres <a href=\"https:\/\/www.startlap.hu\/vasarlas\/frizura-hajszin-proba-app\/\" target=\"_blank\" rel=\"noopener\">hajv\u00e1g\u00e1s<\/a> ugyan nem gyors\u00edtja a n\u00f6veked\u00e9st, de seg\u00edt megel\u0151zni a t\u00f6redezett hajv\u00e9geket, amelyek a haj tov\u00e1bbi k\u00e1rosod\u00e1s\u00e1hoz vezethetnek.<\/p>\n<figure id=\"attachment_2278018\" aria-describedby=\"caption-attachment-2278018\" style=\"width: 755px\" class=\"wp-caption alignnone\"><a href=\"https:\/\/www.startlap.hu\/vasarlas\/uploads\/2026\/03\/fodrasz-scaled.jpg\"><img loading=\"lazy\" decoding=\"async\" class=\"size-article-size-large-image wp-image-2278018\" src=\"https:\/\/www.startlap.hu\/vasarlas\/uploads\/2026\/03\/fodrasz-755x503.jpg\" alt=\"Fodr\u00e1sz mossa egy id\u0151sebb n\u0151 haj\u00e1t.\" width=\"755\" height=\"503\" srcset=\"https:\/\/www.startlap.hu\/vasarlas\/uploads\/2026\/03\/fodrasz-755x503.jpg 755w, https:\/\/www.startlap.hu\/vasarlas\/uploads\/2026\/03\/fodrasz-1536x1024.jpg 1536w, https:\/\/www.startlap.hu\/vasarlas\/uploads\/2026\/03\/fodrasz-2048x1365.jpg 2048w, https:\/\/www.startlap.hu\/vasarlas\/uploads\/2026\/03\/fodrasz-525x350.jpg 525w\" sizes=\"auto, (max-width: 755px) 100vw, 755px\" \/><\/a><figcaption id=\"caption-attachment-2278018\" class=\"wp-caption-text\">Fot\u00f3: Getty Images<\/figcaption><\/figure>\n<p>Aki szeretne sp\u00f3rolni a fodr\u00e1szk\u00f6lts\u00e9geken, t\u00f6bb m\u00f3dszert is alkalmazhat: a szalonban p\u00e9ld\u00e1ul k\u00e9rhetj\u00fck, hogy <strong>a fodr\u00e1sz csak a s\u00e9r\u00fclt millim\u00e9tereket v\u00e1gja le a hajsz\u00e1lak v\u00e9g\u00e9r\u0151l<\/strong>, an\u00e9lk\u00fcl hogy a frizura hossza vagy form\u00e1ja v\u00e1ltozna. Ez seg\u00edt abban, hogy ritk\u00e1bban kelljen fodr\u00e1szhoz menni.<\/p>\n<p>Otthon is lehet tenni a hajv\u00e9gek \u00e1llapot\u00e1\u00e9rt: egy elterjedt m\u00f3dszer, hogy<\/p>\n<blockquote class=\"article__extraTxt\"><p>megfelel\u0151 f\u00e9nyn\u00e9l, \u00e9les fodr\u00e1szoll\u00f3val csak az egyenk\u00e9nt ki\u00e1ll\u00f3, t\u00f6redezett hajsz\u00e1lakat v\u00e1gjuk le.<\/p><\/blockquote>\n<p>Emellett az is seg\u00edthet, ha a hajv\u00e9geket rendszeresen t\u00e1pl\u00e1l\u00f3 sz\u00e9rummal kezelik, mert ez cs\u00f6kkenti a haj t\u00f6redez\u00e9s\u00e9t.<\/p>\n<h2>Sok m\u00falik a frizur\u00e1n<\/h2>\n<p>Az ide\u00e1lis hajv\u00e1g\u00e1si gyakoris\u00e1g a frizur\u00e1t\u00f3l is f\u00fcgg<\/p>\n<blockquote class=\"article__extraTxt\"><p>a nagyon r\u00f6vid frizur\u00e1k, p\u00e9ld\u00e1ul a &#8222;pixie&#8221; fazon, \u00e1ltal\u00e1ban 4\u20136 hetente ig\u00e9nyelnek igaz\u00edt\u00e1st, m\u00edg egy r\u00f6vid &#8222;bob&#8221; frizur\u00e1n\u00e1l 6\u20138 h\u00e9t az ide\u00e1lis.<\/p><\/blockquote>\n<p>A k\u00f6zepes vagy hossz\u00fa haj eset\u00e9ben viszont elegend\u0151 lehet 10\u201312 hetente v\u00e1gatni, s\u0151t a nagyon hossz\u00fa hajat n\u00f6veszt\u0151knek ak\u00e1r 3\u20134 havonta is el\u00e9g lehet egy igaz\u00edt\u00e1s.<\/p>\n<p>A szak\u00e9rt\u0151k arra is figyelmeztetnek, hogy bizonyos jelek eset\u00e9n <strong>nem \u00e9rdemes halogatni<\/strong> a fodr\u00e1szl\u00e1togat\u00e1st: ilyenek p\u00e9ld\u00e1ul a <strong>l\u00e1that\u00f3an t\u00f6redezett, elv\u00e9konyod\u00f3 hajv\u00e9gek vagy a f\u00e9s\u00fcl\u00e9s k\u00f6zbeni hajt\u00f6redez\u00e9s.<\/strong> Ha id\u0151ben reag\u00e1lunk ezekre a jelekre, elker\u00fclhet\u0151k a komolyabb hajk\u00e1rosod\u00e1sok \u00e9s a k\u00e9s\u0151bbi, dr\u00e1g\u00e1bb kezel\u00e9sek.<\/p>\n<p><a href=\"https:\/\/www.restaurangmimolett.se\/live-10748-ar-du-over-50-ar-har-ar-den-ideala-frekvensen-for-att-klippa-dina-toppar-och-spara-upp-till-150-e-om-aret.html\" target=\"_blank\" target=\"_blank\" rel=\"noopener\">via<\/a><\/p>\n<div class=\"o-widget m-readMoreWidget -readMore u-shortDecorLineAfter row widget-container _ce_measure_widget bigdata-widget read-more\" data-ce-measure-widget=\"olvass tov\u00e1bb\">\n\t<div class=\"m-readMoreWidget__imgWrapper image-wrapper col-12 col-md-4 no-p\">\n\t\t<a class=\"m-readMoreWidget__imgLink\" href=\"https:\/\/www.startlap.hu\/vasarlas\/sutoajto-uveg-tisztitas\/\" >\n\t\t\t<img decoding=\"async\" src=\"https:\/\/www.startlap.hu\/vasarlas\/uploads\/2025\/12\/GettyImages-2178082789_11zon-350x285.jpg\" class=\"m-readMoreWidget__img\">\n\t\t<\/a>\n\t<\/div>\n\t<div class=\"m-readMoreWidget__titleWrapper title-wrapper col-12 col-md-8\">\n\t\t<span class=\"m-readMoreWidget__titleLabel u-shortDecorLineBefore label hidden-sm-up\">Ez is \u00e9rdekelhet:<\/span>\n\t\t<h3 class=\"m-readMoreWidget__title title\">\n\t\t\t<a class=\"m-readMoreWidget__titleLink -secondFont u-bold u-upperCase\" href=\"https:\/\/www.startlap.hu\/vasarlas\/sutoajto-uveg-tisztitas\/\" >Sz\u00e9t ne szereld a dupla \u00fcveg\u0171 s\u00fct\u0151ajt\u00f3t: tiszt\u00edt\u00e1shoz itt egy zseni\u00e1lis m\u00f3dszer!<\/a>\n\t\t<\/h3>\n\t\t<a class=\"m-readMoreWidget__btn -coloredBack u-tC link\" href=\"https:\/\/www.startlap.hu\/vasarlas\/sutoajto-uveg-tisztitas\/\" >Elolvasom<\/a>\n\t<\/div>\n<\/div>\n","protected":false},"excerpt":{"rendered":"<p>A menopauz\u00e1t k\u00f6vet\u0151en ha\u00e1pol\u00e1si rutinunk is v\u00e1ltoztat\u00e1sra szorul: n\u00e9zz\u00fck, milyen gyakran \u00e9rdemes lev\u00e1gatni hajunkat 50 felett!<\/p>\n","protected":false},"author":63,"featured_media":2278018,"comment_status":"closed","ping_status":"closed","sticky":false,"template":"","format":"standard","meta":{"footnotes":""},"categories":[8180],"tags":[5994,1749,5096,5995,4399],"class_list":["post-2278017","post","type-post","status-publish","format-standard","has-post-thumbnail","hentry","category-trending","tag-fodrasz","tag-frizura","tag-hajapolas","tag-hajvagas","tag-idos"],"aioseo_notices":[],"_links":{"self":[{"href":"https:\/\/www.startlap.hu\/vasarlas\/wp-json\/wp\/v2\/posts\/2278017","targetHints":{"allow":["GET"]}}],"collection":[{"href":"https:\/\/www.startlap.hu\/vasarlas\/wp-json\/wp\/v2\/posts"}],"about":[{"href":"https:\/\/www.startlap.hu\/vasarlas\/wp-json\/wp\/v2\/types\/post"}],"author":[{"embeddable":true,"href":"https:\/\/www.startlap.hu\/vasarlas\/wp-json\/wp\/v2\/users\/63"}],"replies":[{"embeddable":true,"href":"https:\/\/www.startlap.hu\/vasarlas\/wp-json\/wp\/v2\/comments?post=2278017"}],"version-history":[{"count":3,"href":"https:\/\/www.startlap.hu\/vasarlas\/wp-json\/wp\/v2\/posts\/2278017\/revisions"}],"predecessor-version":[{"id":2278032,"href":"https:\/\/www.startlap.hu\/vasarlas\/wp-json\/wp\/v2\/posts\/2278017\/revisions\/2278032"}],"wp:featuredmedia":[{"embeddable":true,"href":"https:\/\/www.startlap.hu\/vasarlas\/wp-json\/wp\/v2\/media\/2278018"}],"wp:attachment":[{"href":"https:\/\/www.startlap.hu\/vasarlas\/wp-json\/wp\/v2\/media?parent=2278017"}],"wp:term":[{"taxonomy":"category","embeddable":true,"href":"https:\/\/www.startlap.hu\/vasarlas\/wp-json\/wp\/v2\/categories?post=2278017"},{"taxonomy":"post_tag","embeddable":true,"href":"https:\/\/www.startlap.hu\/vasarlas\/wp-json\/wp\/v2\/tags?post=2278017"}],"curies":[{"name":"wp","href":"https:\/\/api.w.org\/{rel}","templated":true}]}}