{"id":2278007,"date":"2026-03-05T12:21:01","date_gmt":"2026-03-05T11:21:01","guid":{"rendered":"https:\/\/www.startlap.hu\/vasarlas\/?p=2278007"},"modified":"2026-03-05T12:21:01","modified_gmt":"2026-03-05T11:21:01","slug":"ennyivel-nott-a-boltok-forgalma-januarban","status":"publish","type":"post","link":"https:\/\/www.startlap.hu\/vasarlas\/ennyivel-nott-a-boltok-forgalma-januarban\/","title":{"rendered":"Ennyivel n\u0151tt a boltok forgalma janu\u00e1rban"},"content":{"rendered":"<p>Az <a href=\"https:\/\/www.startlap.hu\/vasarlas\/muanyag-etelek-szennyezettseg\/\" target=\"_blank\" rel=\"noopener\">\u00e9lelmiszer<\/a>&#8211; \u00e9s \u00e9lelmiszer jelleg\u0171 vegyes \u00fczletekben 1,2, a nem \u00e9lelmiszer-kiskereskedelemben 4,7, az \u00fczemanyag-kiskereskedelemben 5,7 sz\u00e1zal\u00e9kkal b\u0151v\u00fclt az \u00e9rt\u00e9kes\u00edt\u00e9s napt\u00e1rhat\u00e1st\u00f3l megtiszt\u00edtott volumene az el\u0151z\u0151 \u00e9v azonos id\u0151szak\u00e1hoz viszony\u00edtva. A szezon\u00e1lis \u00e9s napt\u00e1rhat\u00e1ssal kiigaz\u00edtott adatok szerint a kiskereskedelmi forgalom volumene 0,5 sz\u00e1zal\u00e9kkal nagyobb volt az el\u0151z\u0151 havin\u00e1l.<\/p>\n<div class=\"o-widget m-readMoreWidget -readMore u-shortDecorLineAfter row widget-container _ce_measure_widget bigdata-widget read-more\" data-ce-measure-widget=\"olvass tov\u00e1bb\">\n\t<div class=\"m-readMoreWidget__imgWrapper image-wrapper col-12 col-md-4 no-p\">\n\t\t<a class=\"m-readMoreWidget__imgLink\" href=\"https:\/\/www.startlap.hu\/vasarlas\/lidl-steffi-graf-kampany-sportmarka-crivit\/\" >\n\t\t\t<img decoding=\"async\" src=\"https:\/\/www.startlap.hu\/vasarlas\/uploads\/2026\/02\/lidl-bevasarlokocsik-vasarlok-350x285.jpg\" class=\"m-readMoreWidget__img\">\n\t\t<\/a>\n\t<\/div>\n\t<div class=\"m-readMoreWidget__titleWrapper title-wrapper col-12 col-md-8\">\n\t\t<span class=\"m-readMoreWidget__titleLabel u-shortDecorLineBefore label hidden-sm-up\">Ez is \u00e9rdekelhet:<\/span>\n\t\t<h3 class=\"m-readMoreWidget__title title\">\n\t\t\t<a class=\"m-readMoreWidget__titleLink -secondFont u-bold u-upperCase\" href=\"https:\/\/www.startlap.hu\/vasarlas\/lidl-steffi-graf-kampany-sportmarka-crivit\/\" >V\u00e1ratlan l\u00e9p\u00e9s: a Parkside mellett a Lidl \u00fajabb term\u00e9kekkel nyomul<\/a>\n\t\t<\/h3>\n\t\t<a class=\"m-readMoreWidget__btn -coloredBack u-tC link\" href=\"https:\/\/www.startlap.hu\/vasarlas\/lidl-steffi-graf-kampany-sportmarka-crivit\/\" >Elolvasom<\/a>\n\t<\/div>\n<\/div>\n<p>Janu\u00e1rban az <strong>\u00e9lelmiszer- \u00e9s \u00e9lelmiszer jelleg\u0171 vegyes kiskereskedelemben<\/strong> a forgalom volumene 1,2 sz\u00e1zal\u00e9kkal emelkedett. Az \u00e9lelmiszer-kiskereskedelem 77 sz\u00e1zal\u00e9k\u00e1t ad\u00f3 \u00e9lelmiszer jelleg\u0171 vegyes \u00fczletek \u00e9rt\u00e9kes\u00edt\u00e9si volumene 3,7 sz\u00e1zal\u00e9kkal n\u00f6vekedett, az \u00e9lelmiszer-, ital-, doh\u00e1ny\u00e1ru-szak\u00fczletek\u00e9 6,5 sz\u00e1zal\u00e9kkal cs\u00f6kkent.<\/p>\n<figure id=\"attachment_2276784\" aria-describedby=\"caption-attachment-2276784\" style=\"width: 755px\" class=\"wp-caption alignnone\"><a href=\"https:\/\/www.startlap.hu\/vasarlas\/uploads\/2026\/02\/GettyImages-2190772186_11zon.jpg\"><img loading=\"lazy\" decoding=\"async\" class=\"size-article-size-large-image wp-image-2276784\" src=\"https:\/\/www.startlap.hu\/vasarlas\/uploads\/2026\/02\/GettyImages-2190772186_11zon-755x500.jpg\" alt=\"bev\u00e1s\u00e1rl\u00f3 kosarat tol\u00f3 f\u00e9rfik\u00e9z\" width=\"755\" height=\"500\" srcset=\"https:\/\/www.startlap.hu\/vasarlas\/uploads\/2026\/02\/GettyImages-2190772186_11zon-755x500.jpg 755w, https:\/\/www.startlap.hu\/vasarlas\/uploads\/2026\/02\/GettyImages-2190772186_11zon-1536x1018.jpg 1536w, https:\/\/www.startlap.hu\/vasarlas\/uploads\/2026\/02\/GettyImages-2190772186_11zon-250x165.jpg 250w, https:\/\/www.startlap.hu\/vasarlas\/uploads\/2026\/02\/GettyImages-2190772186_11zon-528x350.jpg 528w, https:\/\/www.startlap.hu\/vasarlas\/uploads\/2026\/02\/GettyImages-2190772186_11zon.jpg 1701w\" sizes=\"auto, (max-width: 755px) 100vw, 755px\" \/><\/a><figcaption id=\"caption-attachment-2276784\" class=\"wp-caption-text\">Fot\u00f3: Getty Images<\/figcaption><\/figure>\n<p>A KSH ismertette, a <strong>nem \u00e9lelmiszer-kiskereskedelem<\/strong> forgalm\u00e1nak volumene \u00f6sszess\u00e9g\u00e9ben 4,7 sz\u00e1zal\u00e9kkal b\u0151v\u00fclt. Az elad\u00e1sok volumene a haszn\u00e1ltcikk-\u00fczletekben 10, a textil-, ruh\u00e1zati \u00e9s l\u00e1bbeli\u00fczletekben 6,7, a k\u00f6nyv-, sz\u00e1m\u00edt\u00e1stechnika-, egy\u00e9b iparcikk-\u00fczletekben 3,3, az iparcikk jelleg\u0171 vegyes \u00fczletekben 1,9, a gy\u00f3gyszer-, gy\u00f3gy\u00e1szatiterm\u00e9k-, illatszer\u00fczletekben 1,5 sz\u00e1zal\u00e9kkal n\u0151tt.<\/p>\n<blockquote class=\"article__extraTxt\"><p>A forgalom volumene ugyanakkor a b\u00fator-, m\u0171szakicikk-\u00fczletekben 3,3 sz\u00e1zal\u00e9kkal cs\u00f6kkent.<\/p><\/blockquote>\n<p>Az \u00e1rucikkek sz\u00e9les k\u00f6r\u00e9re kiterjed\u0151, a kiskereskedelmi forgalomb\u00f3l 9,8 sz\u00e1zal\u00e9kkal r\u00e9szesed\u0151 <strong>csomagk\u00fcld\u0151 \u00e9s internetes kiskereskedelem<\/strong> volumene 14 sz\u00e1zal\u00e9kkal emelkedett &#8211; tette hozz\u00e1 a KSH.<\/p>\n<p>A jelent\u00e9sb\u0151l kider\u00fclt, hogy a kiskereskedelmi adatokba nem tartoz\u00f3 <strong>g\u00e9pj\u00e1rm\u0171- \u00e9s g\u00e9pj\u00e1rm\u0171alkatr\u00e9sz-\u00fczletek<\/strong> volumene 6,5 sz\u00e1zal\u00e9kkal cs\u00f6kkent.<\/p>\n<p>Az orsz\u00e1gos kiskereskedelem forgalma foly\u00f3 \u00e1ron 1504 milli\u00e1rd forintot \u00e9rt el janu\u00e1rban. A forgalom 50 sz\u00e1zal\u00e9ka az \u00e9lelmiszer- \u00e9s \u00e9lelmiszer jelleg\u0171 vegyes \u00fczletekben, 36 sz\u00e1zal\u00e9ka a nem \u00e9lelmiszer-kiskereskedelemben, 14 sz\u00e1zal\u00e9ka az \u00fczemanyagt\u00f6lt\u0151 \u00e1llom\u00e1sok forgalm\u00e1ban realiz\u00e1l\u00f3dott &#8211; jelentette a KSH.<\/p>\n<p>(MTI)<\/p>\n<div class=\"o-widget m-readMoreWidget -readMore u-shortDecorLineAfter row widget-container _ce_measure_widget bigdata-widget read-more\" data-ce-measure-widget=\"olvass tov\u00e1bb\">\n\t<div class=\"m-readMoreWidget__imgWrapper image-wrapper col-12 col-md-4 no-p\">\n\t\t<a class=\"m-readMoreWidget__imgLink\" href=\"https:\/\/www.startlap.hu\/vasarlas\/lidl-fa-jatekkonyha-lupilu\/\" >\n\t\t\t<img decoding=\"async\" src=\"https:\/\/www.startlap.hu\/vasarlas\/uploads\/2026\/03\/lidl-ulet-vasarlok-sor-350x285.jpg\" class=\"m-readMoreWidget__img\">\n\t\t<\/a>\n\t<\/div>\n\t<div class=\"m-readMoreWidget__titleWrapper title-wrapper col-12 col-md-8\">\n\t\t<span class=\"m-readMoreWidget__titleLabel u-shortDecorLineBefore label hidden-sm-up\">Ez is \u00e9rdekelhet:<\/span>\n\t\t<h3 class=\"m-readMoreWidget__title title\">\n\t\t\t<a class=\"m-readMoreWidget__titleLink -secondFont u-bold u-upperCase\" href=\"https:\/\/www.startlap.hu\/vasarlas\/lidl-fa-jatekkonyha-lupilu\/\" >Hajnali sor a Lidl el\u0151tt? A kor\u00e1bbi \u00e1r fel\u00e9\u00e9rt adj\u00e1k a sikerterm\u00e9ket &#8211; tavaly percek alatt elfogyott a magyar boltokb\u00f3l<\/a>\n\t\t<\/h3>\n\t\t<a class=\"m-readMoreWidget__btn -coloredBack u-tC link\" href=\"https:\/\/www.startlap.hu\/vasarlas\/lidl-fa-jatekkonyha-lupilu\/\" >Elolvasom<\/a>\n\t<\/div>\n<\/div>\n","protected":false},"excerpt":{"rendered":"<p>2026. janu\u00e1rban a kiskereskedelem forgalm\u00e1nak volumene a nyers adat szerint 3,0, napt\u00e1rhat\u00e1st\u00f3l megtiszt\u00edtva 3,5 sz\u00e1zal\u00e9kkal meghaladta az el\u0151z\u0151 \u00e9v azonos id\u0151szakit &#8211; jelentette cs\u00fct\u00f6rt\u00f6k\u00f6n a K\u00f6zponti Statisztikai Hivatal (KSH).<\/p>\n","protected":false},"author":7,"featured_media":2276784,"comment_status":"closed","ping_status":"closed","sticky":false,"template":"","format":"standard","meta":{"footnotes":""},"categories":[8180],"tags":[13360,3719,18425,548],"class_list":["post-2278007","post","type-post","status-publish","format-standard","has-post-thumbnail","hentry","category-trending","tag-boltok","tag-inflacio","tag-kiskereskedelmi-forgalom","tag-ksh"],"aioseo_notices":[],"_links":{"self":[{"href":"https:\/\/www.startlap.hu\/vasarlas\/wp-json\/wp\/v2\/posts\/2278007","targetHints":{"allow":["GET"]}}],"collection":[{"href":"https:\/\/www.startlap.hu\/vasarlas\/wp-json\/wp\/v2\/posts"}],"about":[{"href":"https:\/\/www.startlap.hu\/vasarlas\/wp-json\/wp\/v2\/types\/post"}],"author":[{"embeddable":true,"href":"https:\/\/www.startlap.hu\/vasarlas\/wp-json\/wp\/v2\/users\/7"}],"replies":[{"embeddable":true,"href":"https:\/\/www.startlap.hu\/vasarlas\/wp-json\/wp\/v2\/comments?post=2278007"}],"version-history":[{"count":3,"href":"https:\/\/www.startlap.hu\/vasarlas\/wp-json\/wp\/v2\/posts\/2278007\/revisions"}],"predecessor-version":[{"id":2278010,"href":"https:\/\/www.startlap.hu\/vasarlas\/wp-json\/wp\/v2\/posts\/2278007\/revisions\/2278010"}],"wp:featuredmedia":[{"embeddable":true,"href":"https:\/\/www.startlap.hu\/vasarlas\/wp-json\/wp\/v2\/media\/2276784"}],"wp:attachment":[{"href":"https:\/\/www.startlap.hu\/vasarlas\/wp-json\/wp\/v2\/media?parent=2278007"}],"wp:term":[{"taxonomy":"category","embeddable":true,"href":"https:\/\/www.startlap.hu\/vasarlas\/wp-json\/wp\/v2\/categories?post=2278007"},{"taxonomy":"post_tag","embeddable":true,"href":"https:\/\/www.startlap.hu\/vasarlas\/wp-json\/wp\/v2\/tags?post=2278007"}],"curies":[{"name":"wp","href":"https:\/\/api.w.org\/{rel}","templated":true}]}}