{"id":2277966,"date":"2026-03-09T05:33:22","date_gmt":"2026-03-09T04:33:22","guid":{"rendered":"https:\/\/www.startlap.hu\/vasarlas\/?p=2277966"},"modified":"2026-03-04T13:14:38","modified_gmt":"2026-03-04T12:14:38","slug":"nutella-uveg-folia-kinyitas","status":"publish","type":"post","link":"https:\/\/www.startlap.hu\/vasarlas\/nutella-uveg-folia-kinyitas\/","title":{"rendered":"Mindenkit ideges\u00edt a nutell\u00e1s \u00fcvegen a f\u00f3lia, a gy\u00e1rt\u00f3 m\u00e9gis ragaszkodik hozz\u00e1 &#8211; de van egy tr\u00fckk, amit \u00e9rdemes kipr\u00f3b\u00e1lnod!"},"content":{"rendered":"<p>Egy \u00fcveg <strong>Nutella<\/strong> felbont\u00e1sa nem mindig olyan egyszer\u0171 feladat, mint amilyennek t\u0171nik. A n\u00e9pszer\u0171 mogyor\u00f3s, <a href=\"https:\/\/www.startlap.hu\/vasarlas\/dubai-csokolade-helyett\/\" target=\"_blank\" rel=\"noopener\">csokol\u00e1d\u00e9s kr\u00e9met<\/a> v\u00e9d\u0151 aranysz\u00edn\u0171 f\u00f3lia gyakran nehezen j\u00f6n le: pr\u00f3b\u00e1lkozhatunk a sz\u00e9l\u00e9n felhajtani \u00e9s let\u00e9pdesni az alig megfoghat\u00f3 keskeny peremet, de ez nem az igazi megold\u00e1s. Ilyenkor sokszor kis aluf\u00f3lia-darabok maradnak az \u00fcveg perem\u00e9n, amelyekre r\u00e1 is tapadhat a kr\u00e9m, ami bosszant\u00f3 lehet a fogyaszt\u00f3k sz\u00e1m\u00e1ra.<\/p>\n<div class=\"o-widget m-readMoreWidget -readMore u-shortDecorLineAfter row widget-container _ce_measure_widget bigdata-widget read-more\" data-ce-measure-widget=\"olvass tov\u00e1bb\">\n\t<div class=\"m-readMoreWidget__imgWrapper image-wrapper col-12 col-md-4 no-p\">\n\t\t<a class=\"m-readMoreWidget__imgLink\" href=\"https:\/\/www.startlap.hu\/vasarlas\/sutoajto-uveg-tisztitas\/\" >\n\t\t\t<img decoding=\"async\" src=\"https:\/\/www.startlap.hu\/vasarlas\/uploads\/2025\/12\/GettyImages-2178082789_11zon-350x285.jpg\" class=\"m-readMoreWidget__img\">\n\t\t<\/a>\n\t<\/div>\n\t<div class=\"m-readMoreWidget__titleWrapper title-wrapper col-12 col-md-8\">\n\t\t<span class=\"m-readMoreWidget__titleLabel u-shortDecorLineBefore label hidden-sm-up\">Ez is \u00e9rdekelhet:<\/span>\n\t\t<h3 class=\"m-readMoreWidget__title title\">\n\t\t\t<a class=\"m-readMoreWidget__titleLink -secondFont u-bold u-upperCase\" href=\"https:\/\/www.startlap.hu\/vasarlas\/sutoajto-uveg-tisztitas\/\" >Sz\u00e9t ne szereld a dupla \u00fcveg\u0171 s\u00fct\u0151ajt\u00f3t: tiszt\u00edt\u00e1shoz itt egy zseni\u00e1lis m\u00f3dszer!<\/a>\n\t\t<\/h3>\n\t\t<a class=\"m-readMoreWidget__btn -coloredBack u-tC link\" href=\"https:\/\/www.startlap.hu\/vasarlas\/sutoajto-uveg-tisztitas\/\" >Elolvasom<\/a>\n\t<\/div>\n<\/div>\n<h2>Ez garant\u00e1lja a finom \u00edzt<\/h2>\n<p>A csomagol\u00e1s jellege azonban nem v\u00e9letlen: a Nutell\u00e1t gy\u00e1rt\u00f3 <strong>Ferrero<\/strong> szerint a csomagol\u00e1sban haszn\u00e1lt aranysz\u00edn\u0171 f\u00f3lia alum\u00edniumb\u00f3l \u00e9s pap\u00edrb\u00f3l k\u00e9sz\u00fcl, \u00e9s fontos szerepe van a term\u00e9k <a href=\"https:\/\/www.startlap.hu\/vasarlas\/olivaolaj-szavatossag-lejarat-minoseg\/\" target=\"_blank\" rel=\"noopener\">min\u0151s\u00e9g\u00e9nek<\/a> meg\u0151rz\u00e9s\u00e9ben.<\/p>\n<blockquote class=\"article__extraTxt\"><p>Ez a r\u00e9teg seg\u00edt meg\u00f3vni az \u00edzt \u00e9s meghosszabb\u00edtja a kr\u00e9m eltarthat\u00f3s\u00e1g\u00e1t, ez\u00e9rt er\u0151sen kell tapadnia az \u00fcveghez.<\/p><\/blockquote>\n<p>A t\u00f6k\u00e9letes z\u00e1r\u00e1s \u00e9rdek\u00e9ben a gy\u00e1rt\u00f3 egy speci\u00e1lis technol\u00f3gi\u00e1t haszn\u00e1l: az \u00fcveg perem\u00e9re egy kev\u00e9s ragaszt\u00f3t visznek fel, mik\u00f6zben az alum\u00edniumf\u00f3li\u00e1t viasszal r\u00f6gz\u00edtik a fed\u00e9l kartonbet\u00e9tj\u00e9hez. Amikor a frissen t\u00f6lt\u00f6tt \u00fcveget lez\u00e1rj\u00e1k, a f\u00f3lia szorosan r\u00e1nyom\u00f3dik az \u00fcvegre, a ragaszt\u00f3 pedig megsz\u00e1rad, \u00edgy a csomagol\u00e1s teljesen l\u00e9gmentesen lez\u00e1r\u00f3dik.<\/p>\n<figure id=\"attachment_2277967\" aria-describedby=\"caption-attachment-2277967\" style=\"width: 755px\" class=\"wp-caption alignnone\"><a href=\"https:\/\/www.startlap.hu\/vasarlas\/uploads\/2026\/03\/nutellas-kenyer-scaled.jpg\"><img loading=\"lazy\" decoding=\"async\" class=\"size-article-size-large-image wp-image-2277967\" src=\"https:\/\/www.startlap.hu\/vasarlas\/uploads\/2026\/03\/nutellas-kenyer-755x504.jpg\" alt=\"Nutell\u00e1s keny\u00e9r.\" width=\"755\" height=\"504\" srcset=\"https:\/\/www.startlap.hu\/vasarlas\/uploads\/2026\/03\/nutellas-kenyer-755x504.jpg 755w, https:\/\/www.startlap.hu\/vasarlas\/uploads\/2026\/03\/nutellas-kenyer-1536x1025.jpg 1536w, https:\/\/www.startlap.hu\/vasarlas\/uploads\/2026\/03\/nutellas-kenyer-2048x1367.jpg 2048w, https:\/\/www.startlap.hu\/vasarlas\/uploads\/2026\/03\/nutellas-kenyer-524x350.jpg 524w\" sizes=\"auto, (max-width: 755px) 100vw, 755px\" \/><\/a><figcaption id=\"caption-attachment-2277967\" class=\"wp-caption-text\">Fot\u00f3: Getty Images<\/figcaption><\/figure>\n<p>Amikor az \u00fcveget el\u0151sz\u00f6r kinyitjuk, gyakran egy jellegzetes, pattan\u00f3 hangot hallunk: ez akkor keletkezik, amikor a f\u00f3lia lev\u00e1lik a fed\u00e9l kartonbet\u00e9tj\u00e9r\u0151l, \u00e9s m\u00e1r csak az \u00fcveghez tapad. \u00c9rdekess\u00e9g, hogy ez a hang nem minden orsz\u00e1gban hallhat\u00f3: p\u00e9ld\u00e1ul<\/p>\n<blockquote class=\"article__extraTxt\"><p>az Egyes\u00fclt \u00c1llamokban \u00e9s Ausztr\u00e1li\u00e1ban m\u00e1s z\u00e1r\u00e1si technol\u00f3gi\u00e1t alkalmaznak.<\/p><\/blockquote>\n<p>Sokan javasolt\u00e1k m\u00e1r, hogy <strong>a f\u00f3li\u00e1n legyen egy kis f\u00fcl, ami megk\u00f6nny\u00edten\u00e9 a kinyit\u00e1st.<\/strong> A gy\u00e1rt\u00f3 szerint azonban ez nem m\u0171k\u00f6dne j\u00f3l: a f\u00f3lia annyira er\u0151sen r\u00f6gz\u00fcl az \u00fcveghez, hogy a f\u00fcl val\u00f3sz\u00edn\u0171leg elszakadna, vagy csak egy keskeny cs\u00edkot t\u00e9pne le.<\/p>\n<h2>\u00cdgy nyisd ki min\u00e9l egyszer\u0171bben!<\/h2>\n<p>B\u00e1r a Ferrero nem ad hivatalos haszn\u00e1lati utas\u00edt\u00e1st a f\u00f3lia elt\u00e1vol\u00edt\u00e1s\u00e1hoz, n\u00e9h\u00e1nyan k\u00fcl\u00f6nf\u00e9le tr\u00fckk\u00f6ket alkalmaznak: sokan <strong>a f\u00f3lia k\u00f6zep\u00e9t sz\u00farj\u00e1k ki<\/strong>, majd k\u00f6rk\u00f6r\u00f6sen h\u00fazz\u00e1k le, m\u00e1sok <strong>k\u00e9ssel emelik fel a sz\u00e9l\u00e9t.<\/strong> Egy kev\u00e9sb\u00e9 ismert praktika szerint <strong>az \u00fcveget n\u00e9h\u00e1ny percre fejjel lefel\u00e9 forr\u00f3 v\u00edzbe kell \u00e1ll\u00edtani<\/strong>: a h\u0151 hat\u00e1s\u00e1ra a ragaszt\u00f3 meglazul, \u00edgy a f\u00f3lia ak\u00e1r egy mozdulattal is leh\u00fazhat\u00f3.<\/p>\n<p><a href=\"https:\/\/www.t-online.de\/leben\/essen-und-trinken\/essen\/id_100564830\/nutella-lifehack-so-ziehen-sie-die-folie-in-einem-stueck-ab.html\" target=\"_blank\" target=\"_blank\" rel=\"noopener\">via<\/a><\/p>\n<div class=\"o-widget m-readMoreWidget -readMore u-shortDecorLineAfter row widget-container _ce_measure_widget bigdata-widget read-more\" data-ce-measure-widget=\"olvass tov\u00e1bb\">\n\t<div class=\"m-readMoreWidget__imgWrapper image-wrapper col-12 col-md-4 no-p\">\n\t\t<a class=\"m-readMoreWidget__imgLink\" href=\"https:\/\/www.startlap.hu\/vasarlas\/lidl-steffi-graf-kampany-sportmarka-crivit\/\" >\n\t\t\t<img decoding=\"async\" src=\"https:\/\/www.startlap.hu\/vasarlas\/uploads\/2026\/02\/lidl-bevasarlokocsik-vasarlok-350x285.jpg\" class=\"m-readMoreWidget__img\">\n\t\t<\/a>\n\t<\/div>\n\t<div class=\"m-readMoreWidget__titleWrapper title-wrapper col-12 col-md-8\">\n\t\t<span class=\"m-readMoreWidget__titleLabel u-shortDecorLineBefore label hidden-sm-up\">Ez is \u00e9rdekelhet:<\/span>\n\t\t<h3 class=\"m-readMoreWidget__title title\">\n\t\t\t<a class=\"m-readMoreWidget__titleLink -secondFont u-bold u-upperCase\" href=\"https:\/\/www.startlap.hu\/vasarlas\/lidl-steffi-graf-kampany-sportmarka-crivit\/\" >V\u00e1ratlan l\u00e9p\u00e9s: a Parkside mellett a Lidl \u00fajabb term\u00e9kekkel nyomul<\/a>\n\t\t<\/h3>\n\t\t<a class=\"m-readMoreWidget__btn -coloredBack u-tC link\" href=\"https:\/\/www.startlap.hu\/vasarlas\/lidl-steffi-graf-kampany-sportmarka-crivit\/\" >Elolvasom<\/a>\n\t<\/div>\n<\/div>\n","protected":false},"excerpt":{"rendered":"<p>A Nutella sokak kedvenc \u00e9dess\u00e9ge: a csomagol\u00e1s felbont\u00e1sa azonban nem mindig egyszer\u0171 feladat. A gy\u00e1rt\u00f3 elmagyar\u00e1zta a neh\u00e9zs\u00e9g ok\u00e1t.<\/p>\n","protected":false},"author":63,"featured_media":2277967,"comment_status":"closed","ping_status":"closed","sticky":false,"template":"","format":"standard","meta":{"footnotes":""},"categories":[8180],"tags":[8974,18448,1696,14767],"class_list":["post-2277966","post","type-post","status-publish","format-standard","has-post-thumbnail","hentry","category-trending","tag-csomagolas","tag-folia","tag-nutella","tag-tippek-es-trukkok"],"aioseo_notices":[],"_links":{"self":[{"href":"https:\/\/www.startlap.hu\/vasarlas\/wp-json\/wp\/v2\/posts\/2277966","targetHints":{"allow":["GET"]}}],"collection":[{"href":"https:\/\/www.startlap.hu\/vasarlas\/wp-json\/wp\/v2\/posts"}],"about":[{"href":"https:\/\/www.startlap.hu\/vasarlas\/wp-json\/wp\/v2\/types\/post"}],"author":[{"embeddable":true,"href":"https:\/\/www.startlap.hu\/vasarlas\/wp-json\/wp\/v2\/users\/63"}],"replies":[{"embeddable":true,"href":"https:\/\/www.startlap.hu\/vasarlas\/wp-json\/wp\/v2\/comments?post=2277966"}],"version-history":[{"count":5,"href":"https:\/\/www.startlap.hu\/vasarlas\/wp-json\/wp\/v2\/posts\/2277966\/revisions"}],"predecessor-version":[{"id":2277980,"href":"https:\/\/www.startlap.hu\/vasarlas\/wp-json\/wp\/v2\/posts\/2277966\/revisions\/2277980"}],"wp:featuredmedia":[{"embeddable":true,"href":"https:\/\/www.startlap.hu\/vasarlas\/wp-json\/wp\/v2\/media\/2277967"}],"wp:attachment":[{"href":"https:\/\/www.startlap.hu\/vasarlas\/wp-json\/wp\/v2\/media?parent=2277966"}],"wp:term":[{"taxonomy":"category","embeddable":true,"href":"https:\/\/www.startlap.hu\/vasarlas\/wp-json\/wp\/v2\/categories?post=2277966"},{"taxonomy":"post_tag","embeddable":true,"href":"https:\/\/www.startlap.hu\/vasarlas\/wp-json\/wp\/v2\/tags?post=2277966"}],"curies":[{"name":"wp","href":"https:\/\/api.w.org\/{rel}","templated":true}]}}