{"id":2277906,"date":"2026-03-03T12:23:31","date_gmt":"2026-03-03T11:23:31","guid":{"rendered":"https:\/\/www.startlap.hu\/vasarlas\/?p=2277906"},"modified":"2026-03-03T12:23:31","modified_gmt":"2026-03-03T11:23:31","slug":"hajszaritas-fodrasz-hiba","status":"publish","type":"post","link":"https:\/\/www.startlap.hu\/vasarlas\/hajszaritas-fodrasz-hiba\/","title":{"rendered":"Te is rosszul sz\u00e1r\u00edtod a hajad? Most kider\u00fcl, mit hib\u00e1zol el"},"content":{"rendered":"<p>A legt\u00f6bben rutinszer\u0171en, gondolkod\u00e1s n\u00e9lk\u00fcl sz\u00e1r\u00edtj\u00e1k a<a href=\"https:\/\/www.startlap.hu\/vasarlas\/hajmosas-gyakorisag-borgyogyasz\/\" target=\"_blank\" rel=\"noopener\"> hajukat<\/a>, majd csod\u00e1lkoznak, hogy k\u00e9t nap m\u00falva zs\u00edros a t\u00f6ve, sz\u00f6sz\u00f6s a v\u00e9ge, \u00e9s \u00fagy \u00e9rzik, csak egy drasztikus v\u00e1g\u00e1s mentheti meg a frizur\u00e1jukat. A fodr\u00e1szok szerint azonban a probl\u00e9ma nem a haj min\u0151s\u00e9g\u00e9vel kezd\u0151dik, hanem egy apr\u00f3, szinte \u00e9szrev\u00e9tlen technikai hib\u00e1val, m\u00e1r j\u00f3val a hajsz\u00e1r\u00edt\u00f3 bekapcsol\u00e1sa el\u0151tt.<\/p>\n<div class=\"o-widget m-readMoreWidget -readMore u-shortDecorLineAfter row widget-container _ce_measure_widget bigdata-widget read-more\" data-ce-measure-widget=\"olvass tov\u00e1bb\">\n\t<div class=\"m-readMoreWidget__imgWrapper image-wrapper col-12 col-md-4 no-p\">\n\t\t<a class=\"m-readMoreWidget__imgLink\" href=\"https:\/\/www.startlap.hu\/vasarlas\/sutoajto-uveg-tisztitas\/\" >\n\t\t\t<img decoding=\"async\" src=\"https:\/\/www.startlap.hu\/vasarlas\/uploads\/2025\/12\/GettyImages-2178082789_11zon-350x285.jpg\" class=\"m-readMoreWidget__img\">\n\t\t<\/a>\n\t<\/div>\n\t<div class=\"m-readMoreWidget__titleWrapper title-wrapper col-12 col-md-8\">\n\t\t<span class=\"m-readMoreWidget__titleLabel u-shortDecorLineBefore label hidden-sm-up\">Ez is \u00e9rdekelhet:<\/span>\n\t\t<h3 class=\"m-readMoreWidget__title title\">\n\t\t\t<a class=\"m-readMoreWidget__titleLink -secondFont u-bold u-upperCase\" href=\"https:\/\/www.startlap.hu\/vasarlas\/sutoajto-uveg-tisztitas\/\" >Sz\u00e9t ne szereld a dupla \u00fcveg\u0171 s\u00fct\u0151ajt\u00f3t: tiszt\u00edt\u00e1shoz itt egy zseni\u00e1lis m\u00f3dszer!<\/a>\n\t\t<\/h3>\n\t\t<a class=\"m-readMoreWidget__btn -coloredBack u-tC link\" href=\"https:\/\/www.startlap.hu\/vasarlas\/sutoajto-uveg-tisztitas\/\" >Elolvasom<\/a>\n\t<\/div>\n<\/div>\n<p>A szakemberek tapasztalata szerint a legt\u00f6bben rossz helyre teszik a hangs\u00falyt hajmos\u00e1skor. Sokan er\u0151sen d\u00f6rzs\u00f6lik a haj hossz\u00e1t, mintha egy makacs foltot pr\u00f3b\u00e1ln\u00e1nak kiszedni egy ruh\u00e1b\u00f3l, mik\u00f6zben a fejb\u0151rt alig massz\u00edrozz\u00e1k \u00e1t. Ilyenkor a hajv\u00e9gek feleslegesen s\u00e9r\u00fclnek, a t\u00f6vekn\u00e9l viszont visszamarad a faggy\u00fa \u00e9s a lerak\u00f3d\u00e1s.<\/p>\n<blockquote class=\"article__extraTxt\"><p>Az eredm\u00e9ny bor\u00edt\u00e9kolhat\u00f3: gyorsan zs\u00edrosod\u00f3 hajt\u0151 \u00e9s kisz\u00e1radt, t\u00f6redezett hajv\u00e9g.<\/p><\/blockquote>\n<p>A m\u00e1sik tipikus hiba a kapkod\u00e1s. R\u00f6vid, fel\u00fcletes \u00f6bl\u00edt\u00e9s, a sampon k\u00f6zvetlen\u00fcl a hajv\u00e9geken, maxim\u00e1lis h\u0151fokon haszn\u00e1lt hajsz\u00e1r\u00edt\u00f3 h\u0151v\u00e9delem n\u00e9lk\u00fcl. Olyan ez, mint amikor egy gondosan elk\u00e9sz\u00edtett fog\u00e1st az utols\u00f3 pillanatban elrontanak: az el\u0151z\u0151 l\u00e9p\u00e9sek hi\u00e1ba voltak rendben.<\/p>\n<h2>A helyes mozdulat, ami mindent megv\u00e1ltoztat<\/h2>\n<p>A <a href=\"https:\/\/www.startlap.hu\/vasarlas\/frizura-hajszin-proba-app\/\" target=\"_blank\" rel=\"noopener\">fodr\u00e1szok<\/a> szerint a j\u00f3 hajsz\u00e1r\u00edt\u00e1s legfontosabb szab\u00e1lya az ir\u00e1ny \u00e9s a m\u00e9rt\u00e9kletess\u00e9g. A leveg\u0151t mindig fel\u00fclr\u0151l lefel\u00e9 kell ir\u00e1ny\u00edtani, vagyis a hajt\u0151t\u0151l a hajv\u00e9gek fel\u00e9. Ez seg\u00edt lez\u00e1rni a haj k\u00fcls\u0151 r\u00e9teg\u00e9t, \u00edgy a haj sim\u00e1bb, f\u00e9nyesebb lesz, \u00e9s kev\u00e9sb\u00e9 sz\u00f6sz\u00f6s\u00f6dik. <strong>Ugyanilyen fontos, hogy a hajsz\u00e1r\u00edt\u00f3t folyamatosan mozgassuk, ne tartsuk hosszasan egyetlen ponton, mert a t\u00falzott h\u0151terhel\u00e9s sz\u00f3 szerint \u201emegf\u0151zheti\u201d a hajsz\u00e1lakat.<\/strong> A k\u00f6zepes h\u0151fok b\u0151ven elegend\u0151 a legt\u00f6bb hajt\u00edpushoz. A t\u00fal forr\u00f3 leveg\u0151 gyorsabb eredm\u00e9nyt \u00edg\u00e9r, de hossz\u00fa t\u00e1von roncsolja a szerkezetet. A szakemberek azt is javasolj\u00e1k, hogy a sz\u00e1r\u00edt\u00e1s v\u00e9g\u00e9n r\u00f6vid ideig hideg leveg\u0151vel f\u00fajjuk \u00e1t a frizur\u00e1t, ami tov\u00e1bb fokozza a f\u00e9nyt \u00e9s seg\u00edt a forma tart\u00e1s\u00e1ban.<\/p>\n<figure id=\"attachment_2277909\" aria-describedby=\"caption-attachment-2277909\" style=\"width: 755px\" class=\"wp-caption alignnone\"><img loading=\"lazy\" decoding=\"async\" class=\"size-article-size-large-image wp-image-2277909\" src=\"https:\/\/www.startlap.hu\/vasarlas\/uploads\/2026\/03\/hajszarito_11zon-755x504.jpg\" alt=\"Hajat sz\u00e1r\u00edt\u00f3 vid\u00e1m n\u0151\" width=\"755\" height=\"504\" srcset=\"https:\/\/www.startlap.hu\/vasarlas\/uploads\/2026\/03\/hajszarito_11zon-755x504.jpg 755w, https:\/\/www.startlap.hu\/vasarlas\/uploads\/2026\/03\/hajszarito_11zon-1536x1025.jpg 1536w, https:\/\/www.startlap.hu\/vasarlas\/uploads\/2026\/03\/hajszarito_11zon-525x350.jpg 525w, https:\/\/www.startlap.hu\/vasarlas\/uploads\/2026\/03\/hajszarito_11zon.jpg 1695w\" sizes=\"auto, (max-width: 755px) 100vw, 755px\" \/><figcaption id=\"caption-attachment-2277909\" class=\"wp-caption-text\">Fot\u00f3: Getty Images<\/figcaption><\/figure>\n<p>A hajsz\u00e1r\u00edt\u00e1s el\u0151tti el\u0151k\u00e9sz\u00edt\u00e9s legal\u00e1bb ilyen fontos. A hajat nem szabad t\u00f6r\u00f6lk\u00f6z\u0151be csavarni vagy d\u00f6rzs\u00f6lni, a legjobb, ha puha anyaggal finoman kinyomkodjuk bel\u0151le a vizet. <strong>A h\u0151v\u00e9d\u0151 haszn\u00e1lata pedig nem extra, hanem alapl\u00e9p\u00e9s, k\u00fcl\u00f6n\u00f6sen rendszeres sz\u00e1r\u00edt\u00e1s eset\u00e9n.<\/strong><\/p>\n<h2>A rutin, ami megk\u00f6nny\u00edti az eg\u00e9sz folyamatot<\/h2>\n<p>A fodr\u00e1szok szerint \u00e9rdemes m\u00e1r sz\u00e1razon \u00e1tf\u00e9s\u00fclni a hajat hajmos\u00e1s el\u0151tt, \u00edgy kevesebb lesz a d\u00f6rzs\u00f6l\u00e9s a zuhany alatt. A sampont el\u0151sz\u00f6r a teny\u00e9rben kell felhabos\u00edtani, majd az ujjbegyekkel a fejb\u0151rbe massz\u00edrozni, nem pedig a hajv\u00e9gekre felvinni. Az \u00f6bl\u00edt\u00e9st sem szabad elkapkodni: addig kell langyos v\u00edzzel tiszt\u00edtani, am\u00edg a haj k\u00f6nny\u0171 tapint\u00e1s\u00fa nem lesz. A balzsam a haj k\u00f6z\u00e9ps\u0151 r\u00e9sz\u00e9t\u0151l a v\u00e9gekig ker\u00fclj\u00f6n, a t\u00f6veket \u00e9rdemes kihagyni. A kibogoz\u00e1s alulr\u00f3l felfel\u00e9 t\u00f6rt\u00e9njen, t\u00fcrelmesen, hogy ne s\u00e9r\u00fcljenek a sz\u00e1lak.<\/p>\n<blockquote class=\"article__extraTxt\"><p>A szakemberek tapasztalata szerint m\u00e1r k\u00e9t-h\u00e1rom h\u00e9t alatt l\u00e1tv\u00e1nyos v\u00e1ltoz\u00e1s \u00e9rhet\u0151 el.<\/p><\/blockquote>\n<p>Egy szalonvend\u00e9g p\u00e9ld\u00e1ul komoly hajv\u00e1g\u00e1sra k\u00e9sz\u00fclt a t\u00f6redezett v\u00e9gek miatt, \u00e1m az \u00faj rutin bevezet\u00e9se ut\u00e1n a hajt\u0151 leveg\u0151sebb lett, a hajv\u00e9gek kev\u00e9sb\u00e9 sz\u00e1lltak, \u00edgy v\u00e9g\u00fcl csak minim\u00e1lis igaz\u00edt\u00e1sra volt sz\u00fcks\u00e9g.<\/p>\n<h2>Milyen gyakran mossunk hajat?<\/h2>\n<p>A legt\u00f6bb fejb\u0151r sz\u00e1m\u00e1ra a k\u00e9t-h\u00e1rom naponta t\u00f6rt\u00e9n\u0151 hajmos\u00e1s ide\u00e1lis. A zs\u00edrosabb t\u00edpusok gyakoribb tiszt\u00edt\u00e1st ig\u00e9nyelhetnek, m\u00edg a sz\u00e1raz vagy g\u00f6nd\u00f6r hajn\u00e1l a ritk\u00e1bb mos\u00e1s is j\u00f3l m\u0171k\u00f6dik. K\u00e9tszeri samponoz\u00e1s sem mindig indokolt: h\u00e9tk\u00f6znapi szennyez\u0151d\u00e9sn\u00e9l egy k\u00f6r b\u0151ven elegend\u0151, er\u0151s form\u00e1z\u00f3haszn\u00e1lat vagy hosszabb kihagy\u00e1s ut\u00e1n viszont j\u00f3l j\u00f6het egy m\u00e1sodik, gyeng\u00e9debb tiszt\u00edt\u00e1s.<\/p>\n<p>A sz\u00e9p, eg\u00e9szs\u00e9ges haj nem dr\u00e1ga kezel\u00e9seken m\u00falik, hanem tudatos, k\u00edm\u00e9letes mozdulatokon. Ha a mos\u00e1st\u00f3l a sz\u00e1r\u00edt\u00e1sig figyelsz az apr\u00f3 r\u00e9szletekre, a hajsz\u00e1r\u00edt\u00f3 t\u00f6bb\u00e9 nem az ellens\u00e9ged lesz, hanem az egyik leghasznosabb eszk\u00f6z\u00f6d a ragyog\u00f3 frizur\u00e1hoz.<\/p>\n<p><a href=\"https:\/\/www.rainhadosfrangos.pt\/a-maioria-das-pessoas-seca-o-cabelo-de-forma-errada-cabeleireiros-explicam-o-gesto-correto\/#google_vignette\" target=\"_blank\" target=\"_blank\" rel=\"noopener\">via<\/a><\/p>\n<div class=\"o-widget m-readMoreWidget -readMore u-shortDecorLineAfter row widget-container _ce_measure_widget bigdata-widget read-more\" data-ce-measure-widget=\"olvass tov\u00e1bb\">\n\t<div class=\"m-readMoreWidget__imgWrapper image-wrapper col-12 col-md-4 no-p\">\n\t\t<a class=\"m-readMoreWidget__imgLink\" href=\"https:\/\/www.startlap.hu\/vasarlas\/oled-led-vilagitas-otthon\/\" >\n\t\t\t<img decoding=\"async\" src=\"https:\/\/www.startlap.hu\/vasarlas\/uploads\/2026\/03\/led-lampa-350x285.jpg\" class=\"m-readMoreWidget__img\">\n\t\t<\/a>\n\t<\/div>\n\t<div class=\"m-readMoreWidget__titleWrapper title-wrapper col-12 col-md-8\">\n\t\t<span class=\"m-readMoreWidget__titleLabel u-shortDecorLineBefore label hidden-sm-up\">Ez is \u00e9rdekelhet:<\/span>\n\t\t<h3 class=\"m-readMoreWidget__title title\">\n\t\t\t<a class=\"m-readMoreWidget__titleLink -secondFont u-bold u-upperCase\" href=\"https:\/\/www.startlap.hu\/vasarlas\/oled-led-vilagitas-otthon\/\" >Viszl\u00e1t, LED-vil\u00e1g\u00edt\u00e1s! Bemutatt\u00e1k, a leg\u00fajabb f\u00e9nyforr\u00e1st<\/a>\n\t\t<\/h3>\n\t\t<a class=\"m-readMoreWidget__btn -coloredBack u-tC link\" href=\"https:\/\/www.startlap.hu\/vasarlas\/oled-led-vilagitas-otthon\/\" >Elolvasom<\/a>\n\t<\/div>\n<\/div>\n","protected":false},"excerpt":{"rendered":"<p>Nem a hajsz\u00e1r\u00edt\u00f3val rontod el a hajmos\u00e1st, hanem m\u00e1r a zuhany alatt. Fodr\u00e1szok \u00e1rulj\u00e1k el, mit csin\u00e1l a legt\u00f6bb ember rosszul.<\/p>\n","protected":false},"author":64,"featured_media":2277909,"comment_status":"closed","ping_status":"closed","sticky":false,"template":"","format":"standard","meta":{"footnotes":""},"categories":[8180],"tags":[13498,13341,3640],"class_list":["post-2277906","post","type-post","status-publish","format-standard","has-post-thumbnail","hentry","category-trending","tag-fodraszat","tag-hajszaritas","tag-tippek"],"aioseo_notices":[],"_links":{"self":[{"href":"https:\/\/www.startlap.hu\/vasarlas\/wp-json\/wp\/v2\/posts\/2277906","targetHints":{"allow":["GET"]}}],"collection":[{"href":"https:\/\/www.startlap.hu\/vasarlas\/wp-json\/wp\/v2\/posts"}],"about":[{"href":"https:\/\/www.startlap.hu\/vasarlas\/wp-json\/wp\/v2\/types\/post"}],"author":[{"embeddable":true,"href":"https:\/\/www.startlap.hu\/vasarlas\/wp-json\/wp\/v2\/users\/64"}],"replies":[{"embeddable":true,"href":"https:\/\/www.startlap.hu\/vasarlas\/wp-json\/wp\/v2\/comments?post=2277906"}],"version-history":[{"count":5,"href":"https:\/\/www.startlap.hu\/vasarlas\/wp-json\/wp\/v2\/posts\/2277906\/revisions"}],"predecessor-version":[{"id":2277941,"href":"https:\/\/www.startlap.hu\/vasarlas\/wp-json\/wp\/v2\/posts\/2277906\/revisions\/2277941"}],"wp:featuredmedia":[{"embeddable":true,"href":"https:\/\/www.startlap.hu\/vasarlas\/wp-json\/wp\/v2\/media\/2277909"}],"wp:attachment":[{"href":"https:\/\/www.startlap.hu\/vasarlas\/wp-json\/wp\/v2\/media?parent=2277906"}],"wp:term":[{"taxonomy":"category","embeddable":true,"href":"https:\/\/www.startlap.hu\/vasarlas\/wp-json\/wp\/v2\/categories?post=2277906"},{"taxonomy":"post_tag","embeddable":true,"href":"https:\/\/www.startlap.hu\/vasarlas\/wp-json\/wp\/v2\/tags?post=2277906"}],"curies":[{"name":"wp","href":"https:\/\/api.w.org\/{rel}","templated":true}]}}