{"id":2277818,"date":"2026-03-03T10:03:02","date_gmt":"2026-03-03T09:03:02","guid":{"rendered":"https:\/\/www.startlap.hu\/vasarlas\/?p=2277818"},"modified":"2026-03-02T13:02:02","modified_gmt":"2026-03-02T12:02:02","slug":"gyomber-kave-ehseg-erzet-elmulasztas-jo-kozerzet-egeszseg","status":"publish","type":"post","link":"https:\/\/www.startlap.hu\/vasarlas\/gyomber-kave-ehseg-erzet-elmulasztas-jo-kozerzet-egeszseg\/","title":{"rendered":"K\u00e9t v\u00e9kony szeletet v\u00e1gj a reggeli k\u00e1v\u00e9ba: n\u00f6veli az energiaszintet, cs\u00f6kkenti az \u00e9tv\u00e1gyat"},"content":{"rendered":"<p>Ha a reggeli <a href=\"https:\/\/www.startlap.hu\/vasarlas\/filter-kave-portorles\/\" target=\"_blank\" rel=\"noopener\"><strong>k\u00e1v\u00e9ba<\/strong><\/a> <strong>k\u00e9t v\u00e9kony szelet friss gy\u00f6mb\u00e9rt tesz\u00fcnk<\/strong>, \u00e9rezhet\u0151en t\u00f6bb energi\u00e1nk lehet, mik\u00f6zben az \u00e9tv\u00e1gyunk is cs\u00f6kken. Ezzel az apr\u00f3 tr\u00fckkel jobb k\u00f6z\u00e9rzetet teremthet\u00fcnk a mindennapokban, mik\u00f6zben nassol\u00e1si v\u00e1gyunk is elm\u00falik. N\u00e9zz\u00fck, mi\u00e9rt \u00e9rdemes kipr\u00f3b\u00e1lni!<\/p>\n<div class=\"o-widget m-readMoreWidget -readMore u-shortDecorLineAfter row widget-container _ce_measure_widget bigdata-widget read-more\" data-ce-measure-widget=\"olvass tov\u00e1bb\">\n\t<div class=\"m-readMoreWidget__imgWrapper image-wrapper col-12 col-md-4 no-p\">\n\t\t<a class=\"m-readMoreWidget__imgLink\" href=\"https:\/\/www.startlap.hu\/vasarlas\/zuhanyzas-egeszseg-idosek-orvos\/\" >\n\t\t\t<img decoding=\"async\" src=\"https:\/\/www.startlap.hu\/vasarlas\/uploads\/2026\/02\/zuhanyzas-2-350x285.jpg\" class=\"m-readMoreWidget__img\">\n\t\t<\/a>\n\t<\/div>\n\t<div class=\"m-readMoreWidget__titleWrapper title-wrapper col-12 col-md-8\">\n\t\t<span class=\"m-readMoreWidget__titleLabel u-shortDecorLineBefore label hidden-sm-up\">Ez is \u00e9rdekelhet:<\/span>\n\t\t<h3 class=\"m-readMoreWidget__title title\">\n\t\t\t<a class=\"m-readMoreWidget__titleLink -secondFont u-bold u-upperCase\" href=\"https:\/\/www.startlap.hu\/vasarlas\/zuhanyzas-egeszseg-idosek-orvos\/\" >Higi\u00e9nia 65 \u00e9v felett: nem naponta egyszer, nem hetente egyszer &#8211; ilyen gyakran aj\u00e1nlott a zuhanyoz\u00e1s id\u0151s korban<\/a>\n\t\t<\/h3>\n\t\t<a class=\"m-readMoreWidget__btn -coloredBack u-tC link\" href=\"https:\/\/www.startlap.hu\/vasarlas\/zuhanyzas-egeszseg-idosek-orvos\/\" >Elolvasom<\/a>\n\t<\/div>\n<\/div>\n<h2>Val\u00f3di eg\u00e9szs\u00e9gbomba: ez\u00e9rt j\u00f3 a gy\u00f6mb\u00e9res k\u00e1v\u00e9<\/h2>\n<p>A gy\u00f6mb\u00e9r nemcsak k\u00fcl\u00f6nleges, f\u0171szeres arom\u00e1t ad a k\u00e1v\u00e9nak, hanem <a href=\"https:\/\/www.startlap.hu\/vasarlas\/kave-olivaolaj-feherje-egeszseges-etkezes-alapanyagok\/\" target=\"_blank\" rel=\"noopener\">eg\u00e9szs\u00e9g\u00fcgyi<\/a> okokb\u00f3l is el\u0151ny\u00f6s: <strong>gyullad\u00e1scs\u00f6kkent\u0151, v\u00edrus- \u00e9s bakt\u00e9rium\u00f6l\u0151 hat\u00e1s\u00fa<\/strong>, \u00edgy hozz\u00e1j\u00e1rul a szervezet v\u00e9dekez\u0151k\u00e9pess\u00e9g\u00e9nek er\u0151s\u00edt\u00e9s\u00e9hez, k\u00fcl\u00f6n\u00f6sen a hidegebb h\u00f3napokban. Emellett<\/p>\n<blockquote class=\"article__extraTxt\"><p>serkenti az anyagcser\u00e9t \u00e9s bel\u00fclr\u0151l meleg\u00edt.<\/p><\/blockquote>\n<figure id=\"attachment_2270574\" aria-describedby=\"caption-attachment-2270574\" style=\"width: 755px\" class=\"wp-caption alignnone\"><a href=\"https:\/\/www.startlap.hu\/vasarlas\/uploads\/2025\/10\/kave-5.jpg\"><img loading=\"lazy\" decoding=\"async\" class=\"size-article-size-large-image wp-image-2270574\" src=\"https:\/\/www.startlap.hu\/vasarlas\/uploads\/2025\/10\/kave-5-755x503.jpg\" alt=\"K\u00e1v\u00e9 feh\u00e9r cs\u00e9sz\u00e9ben asztalon\" width=\"755\" height=\"503\" srcset=\"https:\/\/www.startlap.hu\/vasarlas\/uploads\/2025\/10\/kave-5-755x503.jpg 755w, https:\/\/www.startlap.hu\/vasarlas\/uploads\/2025\/10\/kave-5-526x350.jpg 526w, https:\/\/www.startlap.hu\/vasarlas\/uploads\/2025\/10\/kave-5.jpg 1024w\" sizes=\"auto, (max-width: 755px) 100vw, 755px\" \/><\/a><figcaption id=\"caption-attachment-2270574\" class=\"wp-caption-text\">Fot\u00f3: Jakub Porzycki \/ AFP<\/figcaption><\/figure>\n<p>A gy\u00f6mb\u00e9rgy\u00f6k\u00e9r <strong>\u00e9rt\u00e9kes \u00e1sv\u00e1nyi anyagokat<\/strong> (k\u00e1lium, magn\u00e9zium, kalcium, cink) \u00e9s <strong>B-vitaminokat<\/strong> tartalmaz, valamint <strong>antioxid\u00e1ns vegy\u00fcletekben<\/strong> is gazdag. <strong>Seg\u00edthet a v\u00e9rcukorszint szab\u00e1lyoz\u00e1s\u00e1ban, jav\u00edthatja az inzulin\u00e9rz\u00e9kenys\u00e9get<\/strong>, ami m\u00e9rs\u00e9kelheti a hirtelen \u00e9hs\u00e9grohamokat \u00e9s t\u00e1mogathatja a tests\u00falykontrollt. Egyes kutat\u00e1sok szerint <strong>a koleszterinszint cs\u00f6kkent\u00e9s\u00e9ben \u00e9s a sz\u00edv- \u00e9s \u00e9rrendszer v\u00e9delm\u00e9ben<\/strong> is szerepet j\u00e1tszhat.<\/p>\n<h2>\u00cdgy k\u00e9sz\u00edtsd el otthon!<\/h2>\n<p>A gy\u00f6mb\u00e9res k\u00e1v\u00e9 elk\u00e9sz\u00edt\u00e9se egyszer\u0171:<\/p>\n<blockquote class=\"article__extraTxt\"><p>egy frissen lef\u0151z\u00f6tt k\u00e1v\u00e9hoz k\u00e9t v\u00e9kony szelet friss gy\u00f6mb\u00e9rt, vagy f\u00e9l-egy te\u00e1skan\u00e1lnyi \u0151r\u00f6lt gy\u00f6mb\u00e9rt adunk.<\/p><\/blockquote>\n<p>Az ital \u00edzl\u00e9s szerint<strong> m\u00e9zzel, fah\u00e9jjal vagy kardamommal<\/strong> is \u00edzes\u00edthet\u0151, ami tov\u00e1bb fokozza a f\u0171szeres \u00edzt \u00e9s a j\u00f3t\u00e9kony hat\u00e1sokat.<\/p>\n<p>A gy\u00f6mb\u00e9rrel d\u00fas\u00edtott k\u00e1v\u00e9 nemcsak \u00faj \u00edz\u00e9lm\u00e9nyt k\u00edn\u00e1l, hanem <strong>hozz\u00e1j\u00e1rulhat az energiaszint n\u00f6vel\u00e9s\u00e9hez, az \u00e9tv\u00e1gy m\u00e9rs\u00e9kl\u00e9s\u00e9hez \u00e9s az \u00e1ltal\u00e1nos eg\u00e9szs\u00e9gi \u00e1llapot jav\u00edt\u00e1s\u00e1hoz <\/strong>is \u2013 \u00e9rdemes kipr\u00f3b\u00e1lni!<\/p>\n<p><a href=\"https:\/\/terazgotuje.pl\/porady\/news-dwa-cienkie-plasterki-wrzuc-do-porannej-kawy-energii-przybyw,nId,7867579\" target=\"_blank\" target=\"_blank\" rel=\"noopener\">via<\/a><\/p>\n<div class=\"o-widget m-readMoreWidget -readMore u-shortDecorLineAfter row widget-container _ce_measure_widget bigdata-widget read-more\" data-ce-measure-widget=\"olvass tov\u00e1bb\">\n\t<div class=\"m-readMoreWidget__imgWrapper image-wrapper col-12 col-md-4 no-p\">\n\t\t<a class=\"m-readMoreWidget__imgLink\" href=\"https:\/\/www.startlap.hu\/vasarlas\/lidl-steffi-graf-kampany-sportmarka-crivit\/\" >\n\t\t\t<img decoding=\"async\" src=\"https:\/\/www.startlap.hu\/vasarlas\/uploads\/2026\/02\/lidl-bevasarlokocsik-vasarlok-350x285.jpg\" class=\"m-readMoreWidget__img\">\n\t\t<\/a>\n\t<\/div>\n\t<div class=\"m-readMoreWidget__titleWrapper title-wrapper col-12 col-md-8\">\n\t\t<span class=\"m-readMoreWidget__titleLabel u-shortDecorLineBefore label hidden-sm-up\">Ez is \u00e9rdekelhet:<\/span>\n\t\t<h3 class=\"m-readMoreWidget__title title\">\n\t\t\t<a class=\"m-readMoreWidget__titleLink -secondFont u-bold u-upperCase\" href=\"https:\/\/www.startlap.hu\/vasarlas\/lidl-steffi-graf-kampany-sportmarka-crivit\/\" >V\u00e1ratlan l\u00e9p\u00e9s: a Parkside mellett a Lidl \u00fajabb term\u00e9kekkel nyomul<\/a>\n\t\t<\/h3>\n\t\t<a class=\"m-readMoreWidget__btn -coloredBack u-tC link\" href=\"https:\/\/www.startlap.hu\/vasarlas\/lidl-steffi-graf-kampany-sportmarka-crivit\/\" >Elolvasom<\/a>\n\t<\/div>\n<\/div>\n","protected":false},"excerpt":{"rendered":"<p>Ez a f\u0171szer csaknem minden h\u00e1ztart\u00e1sban megtal\u00e1lhat\u00f3, m\u00e9gsem jut esz\u00fcnkbe, hogy a k\u00e1v\u00e9hoz keverj\u00fck: pedig nem \u00e1rt, s\u0151t, kifejezetten eg\u00e9szs\u00e9ges!<\/p>\n","protected":false},"author":63,"featured_media":2270574,"comment_status":"closed","ping_status":"closed","sticky":false,"template":"","format":"standard","meta":{"footnotes":""},"categories":[8180],"tags":[40,4887,6013,2542],"class_list":["post-2277818","post","type-post","status-publish","format-standard","has-post-thumbnail","hentry","category-trending","tag-egeszseg","tag-fuszer","tag-gyomber","tag-kave"],"aioseo_notices":[],"_links":{"self":[{"href":"https:\/\/www.startlap.hu\/vasarlas\/wp-json\/wp\/v2\/posts\/2277818","targetHints":{"allow":["GET"]}}],"collection":[{"href":"https:\/\/www.startlap.hu\/vasarlas\/wp-json\/wp\/v2\/posts"}],"about":[{"href":"https:\/\/www.startlap.hu\/vasarlas\/wp-json\/wp\/v2\/types\/post"}],"author":[{"embeddable":true,"href":"https:\/\/www.startlap.hu\/vasarlas\/wp-json\/wp\/v2\/users\/63"}],"replies":[{"embeddable":true,"href":"https:\/\/www.startlap.hu\/vasarlas\/wp-json\/wp\/v2\/comments?post=2277818"}],"version-history":[{"count":3,"href":"https:\/\/www.startlap.hu\/vasarlas\/wp-json\/wp\/v2\/posts\/2277818\/revisions"}],"predecessor-version":[{"id":2277841,"href":"https:\/\/www.startlap.hu\/vasarlas\/wp-json\/wp\/v2\/posts\/2277818\/revisions\/2277841"}],"wp:featuredmedia":[{"embeddable":true,"href":"https:\/\/www.startlap.hu\/vasarlas\/wp-json\/wp\/v2\/media\/2270574"}],"wp:attachment":[{"href":"https:\/\/www.startlap.hu\/vasarlas\/wp-json\/wp\/v2\/media?parent=2277818"}],"wp:term":[{"taxonomy":"category","embeddable":true,"href":"https:\/\/www.startlap.hu\/vasarlas\/wp-json\/wp\/v2\/categories?post=2277818"},{"taxonomy":"post_tag","embeddable":true,"href":"https:\/\/www.startlap.hu\/vasarlas\/wp-json\/wp\/v2\/tags?post=2277818"}],"curies":[{"name":"wp","href":"https:\/\/api.w.org\/{rel}","templated":true}]}}