{"id":2276263,"date":"2026-01-27T14:07:18","date_gmt":"2026-01-27T13:07:18","guid":{"rendered":"https:\/\/www.startlap.hu\/vasarlas\/?p=2276263"},"modified":"2026-01-27T14:09:54","modified_gmt":"2026-01-27T13:09:54","slug":"mvm-rezsistop-reszletei-januari-villanyszamla-gazszamla-befizetese","status":"publish","type":"post","link":"https:\/\/www.startlap.hu\/vasarlas\/mvm-rezsistop-reszletei-januari-villanyszamla-gazszamla-befizetese\/","title":{"rendered":"Az MVM fontos r\u00e9szletet k\u00f6z\u00f6lt a rezsistopr\u00f3l &#8211; ezt mindenkinek tudnia kell a janu\u00e1ri sz\u00e1mla befizet\u00e9s\u00e9r\u0151l"},"content":{"rendered":"<p>A rendk\u00edv\u00fcli hideg k\u00f6vetkezm\u00e9nyeit <strong>nem szabad a magyar csal\u00e1doknak megfizetnie<\/strong>, ez\u00e9rt Lantos Csaba energia\u00fcgyi miniszter vezet\u00e9s\u00e9vel munkacsoport \u00e1llt fel, a korm\u00e1ny \u00e1ltal tervezett <a href=\"https:\/\/www.startlap.hu\/vasarlas\/rezsistop-igenyles-kormanyinfo\/\" target=\"_blank\" rel=\"noopener\">rezsivisszat\u00e9r\u00edt\u00e9s<\/a> r\u00e9szleteinek kidolgoz\u00e1s\u00e1ra \u2013 jelentette ki a Guly\u00e1s Gergely janu\u00e1r 22-\u00e9n Budapesten, a Korm\u00e1nyinf\u00f3n. A miniszter arr\u00f3l is besz\u00e1molt, hogy Lantos Csaba vezet\u00e9s\u00e9vel munkacsoport j\u00f6tt l\u00e9tre, amely a napokban konkr\u00e9t javaslatot tesz a korm\u00e1nynak a rezsivisszat\u00e9r\u00edt\u00e9s r\u00e9szleteivel kapcsolatban. A visszat\u00e9r\u00edt\u00e9s r\u00e9szleteir\u0151l pedig legk\u00e9s\u0151bb az e heti korm\u00e1ny\u00fcl\u00e9sen d\u00f6ntenek majd.&nbsp;<\/p>\n<div class=\"o-widget m-readMoreWidget -readMore u-shortDecorLineAfter row widget-container _ce_measure_widget bigdata-widget read-more\" data-ce-measure-widget=\"olvass tov\u00e1bb\">\n\t<div class=\"m-readMoreWidget__imgWrapper image-wrapper col-12 col-md-4 no-p\">\n\t\t<a class=\"m-readMoreWidget__imgLink\" href=\"https:\/\/www.startlap.hu\/vasarlas\/lidl-parkside-szerszamok-titkok-barkacs\/\" >\n\t\t\t<img decoding=\"async\" src=\"https:\/\/www.startlap.hu\/vasarlas\/uploads\/2026\/01\/GettyImages-1200225496-350x285.jpg\" class=\"m-readMoreWidget__img\">\n\t\t<\/a>\n\t<\/div>\n\t<div class=\"m-readMoreWidget__titleWrapper title-wrapper col-12 col-md-8\">\n\t\t<span class=\"m-readMoreWidget__titleLabel u-shortDecorLineBefore label hidden-sm-up\">Ez is \u00e9rdekelhet:<\/span>\n\t\t<h3 class=\"m-readMoreWidget__title title\">\n\t\t\t<a class=\"m-readMoreWidget__titleLink -secondFont u-bold u-upperCase\" href=\"https:\/\/www.startlap.hu\/vasarlas\/lidl-parkside-szerszamok-titkok-barkacs\/\" >Ki \u00e1ll val\u00f3j\u00e1ban a Parkside szersz\u00e1mm\u00e1rka m\u00f6g\u00f6tt?<\/a>\n\t\t<\/h3>\n\t\t<a class=\"m-readMoreWidget__btn -coloredBack u-tC link\" href=\"https:\/\/www.startlap.hu\/vasarlas\/lidl-parkside-szerszamok-titkok-barkacs\/\" >Elolvasom<\/a>\n\t<\/div>\n<\/div>\n<h2>Mit tegy\u00fcnk, ha m\u00e1r megkaptuk a sz\u00e1ml\u00e1t az MVM-t\u0151l?<\/h2>\n<p>Az <a href=\"https:\/\/www.startlap.hu\/vasarlas\/rezsistop-mvm-visszaterites-reszletek\/\" target=\"_blank\" rel=\"noopener\">MVM<\/a> h\u00e9tf\u0151n fontos t\u00e1j\u00e9koztat\u00e1st tett k\u00f6zz\u00e9 h\u00e9tf\u0151n a <a href=\"https:\/\/www.facebook.com\/mvmforyou\" target=\"_blank\" target=\"_blank\" rel=\"noopener\">Facebook-oldal\u00e1n<\/a>. Ism\u00e9t kiemelt\u00e9k, hogy a c\u00e9g a&nbsp;technikai r\u00e9szletek kidolgoz\u00e1s\u00e1ig felf\u00fcggesztette a sz\u00e1ml\u00e1k kik\u00fcld\u00e9s\u00e9t.&nbsp;<\/p>\n<blockquote class=\"article__extraTxt\"><p>Aki m\u00e1r megkapta a janu\u00e1ri mennyis\u00e9gekre sz\u00f3l\u00f3 sz\u00e1ml\u00e1j\u00e1t, egyel\u0151re ne fizesse be azt. A rezsistop miatt nem sz\u00fcks\u00e9ges sz\u00e1ml\u00e1z\u00e1si m\u00f3dot v\u00e1ltani<\/p><\/blockquote>\n<p>&#8211; olvshat\u00f3 a k\u00f6zlem\u00e9nyben.<\/p>\n<p><iframe loading=\"lazy\" width=\"500\" height=\"693\" frameborder=\"0\" src=\"https:\/\/www.facebook.com\/plugins\/post.php?href=https%3A%2F%2Fwww.facebook.com%2Fmvmforyou%2Fposts%2Fpfbid0p5XJgTod4vu1SjjKRSoqEjgqfQzr5qkzubCJDg2c7A3NgfhbjYzgxjA8DLxk8V6Gl&amp;show_text=true&amp;width=500\"><\/iframe><\/p>\n<h2>Kiknek j\u00e1r a rezsistop?<\/h2>\n<p>B\u00e1r a konkr\u00e9t int\u00e9zked\u00e9s m\u00e9g kidolgoz\u00e1sra v\u00e1r, Guly\u00e1s Gergely a m\u00falt heti Korm\u00e1nyinf\u00f3n megosztotta a rezsistop n\u00e9h\u00e1ny, m\u00e1r ismert r\u00e9szlet\u00e9t az \u00fajs\u00e1g\u00edr\u00f3kkal. Kider\u00fclt, hogy a rezsistop automatikusan j\u00e1r majd mindenkinek, a szolg\u00e1ltat\u00f3 int\u00e9z majd mindent, a k\u00fcl\u00f6nb\u00f6zetet val\u00f3sz\u00edn\u0171leg a k\u00f6vetkez\u0151 sz\u00e1mla \u00f6sszeg\u00e9b\u0151l fogj\u00e1k levonni.<\/p>\n<p>A miniszter arr\u00f3l is t\u00e1j\u00e9koztatott, hogy \u00e1tal\u00e1nyfizet\u00e9sn\u00e9l is le lehet majd vonni a t\u00falfogyaszt\u00e1s\u00e9rt j\u00e1r\u00f3 kompenz\u00e1ci\u00f3t.&nbsp;<\/p>\n<div class=\"o-widget m-readMoreWidget -readMore u-shortDecorLineAfter row widget-container _ce_measure_widget bigdata-widget read-more\" data-ce-measure-widget=\"olvass tov\u00e1bb\">\n\t<div class=\"m-readMoreWidget__imgWrapper image-wrapper col-12 col-md-4 no-p\">\n\t\t<a class=\"m-readMoreWidget__imgLink\" href=\"https:\/\/www.startlap.hu\/vasarlas\/orvos-kave-egeszseg-tipp-viz\/\" >\n\t\t\t<img decoding=\"async\" src=\"https:\/\/www.startlap.hu\/vasarlas\/uploads\/2025\/08\/kave_csesze_tejszin_-350x285.jpg\" class=\"m-readMoreWidget__img\">\n\t\t<\/a>\n\t<\/div>\n\t<div class=\"m-readMoreWidget__titleWrapper title-wrapper col-12 col-md-8\">\n\t\t<span class=\"m-readMoreWidget__titleLabel u-shortDecorLineBefore label hidden-sm-up\">Ez is \u00e9rdekelhet:<\/span>\n\t\t<h3 class=\"m-readMoreWidget__title title\">\n\t\t\t<a class=\"m-readMoreWidget__titleLink -secondFont u-bold u-upperCase\" href=\"https:\/\/www.startlap.hu\/vasarlas\/orvos-kave-egeszseg-tipp-viz\/\" >Az orvos figyelmeztet: ezt m\u00e9g az els\u0151 k\u00e1v\u00e9d el\u0151tt meg k\u00e9ne innod<\/a>\n\t\t<\/h3>\n\t\t<a class=\"m-readMoreWidget__btn -coloredBack u-tC link\" href=\"https:\/\/www.startlap.hu\/vasarlas\/orvos-kave-egeszseg-tipp-viz\/\" >Elolvasom<\/a>\n\t<\/div>\n<\/div>\n","protected":false},"excerpt":{"rendered":"<p>Id\u00e9n janu\u00e1rban szokatlanul er\u0151s hideg s\u00fajtotta az orsz\u00e1got, ami jelent\u0151sen megn\u00f6velte a f\u0171t\u00e9si ig\u00e9nyt \u00e9s ezzel egy\u00fctt a rezsik\u00f6lts\u00e9geket. A korm\u00e1ny ez\u00e9rt rezsistopot rendelt el, az MVM pedig most \u00fajabb r\u00e9szleteket k\u00f6z\u00f6lt az int\u00e9zked\u00e9ssel kapcsolatban a fogyaszt\u00f3kkal.<\/p>\n","protected":false},"author":7,"featured_media":2256123,"comment_status":"closed","ping_status":"closed","sticky":false,"template":"","format":"standard","meta":{"footnotes":""},"categories":[8180],"tags":[2398,17639,2389],"class_list":["post-2276263","post","type-post","status-publish","format-standard","has-post-thumbnail","hentry","category-trending","tag-futes","tag-mvm","tag-rezsi"],"aioseo_notices":[],"_links":{"self":[{"href":"https:\/\/www.startlap.hu\/vasarlas\/wp-json\/wp\/v2\/posts\/2276263","targetHints":{"allow":["GET"]}}],"collection":[{"href":"https:\/\/www.startlap.hu\/vasarlas\/wp-json\/wp\/v2\/posts"}],"about":[{"href":"https:\/\/www.startlap.hu\/vasarlas\/wp-json\/wp\/v2\/types\/post"}],"author":[{"embeddable":true,"href":"https:\/\/www.startlap.hu\/vasarlas\/wp-json\/wp\/v2\/users\/7"}],"replies":[{"embeddable":true,"href":"https:\/\/www.startlap.hu\/vasarlas\/wp-json\/wp\/v2\/comments?post=2276263"}],"version-history":[{"count":1,"href":"https:\/\/www.startlap.hu\/vasarlas\/wp-json\/wp\/v2\/posts\/2276263\/revisions"}],"predecessor-version":[{"id":2276264,"href":"https:\/\/www.startlap.hu\/vasarlas\/wp-json\/wp\/v2\/posts\/2276263\/revisions\/2276264"}],"wp:featuredmedia":[{"embeddable":true,"href":"https:\/\/www.startlap.hu\/vasarlas\/wp-json\/wp\/v2\/media\/2256123"}],"wp:attachment":[{"href":"https:\/\/www.startlap.hu\/vasarlas\/wp-json\/wp\/v2\/media?parent=2276263"}],"wp:term":[{"taxonomy":"category","embeddable":true,"href":"https:\/\/www.startlap.hu\/vasarlas\/wp-json\/wp\/v2\/categories?post=2276263"},{"taxonomy":"post_tag","embeddable":true,"href":"https:\/\/www.startlap.hu\/vasarlas\/wp-json\/wp\/v2\/tags?post=2276263"}],"curies":[{"name":"wp","href":"https:\/\/api.w.org\/{rel}","templated":true}]}}