{"id":2276154,"date":"2026-01-25T17:59:32","date_gmt":"2026-01-25T16:59:32","guid":{"rendered":"https:\/\/www.startlap.hu\/vasarlas\/?p=2276154"},"modified":"2026-01-25T17:59:32","modified_gmt":"2026-01-25T16:59:32","slug":"penesz-nedvesseg-para-alufolia-teszt","status":"publish","type":"post","link":"https:\/\/www.startlap.hu\/vasarlas\/penesz-nedvesseg-para-alufolia-teszt\/","title":{"rendered":"\u00c9p\u00edt\u00e9szek javasolj\u00e1k: ha nedvesedik a fal, ragassz r\u00e1 p\u00e1r napra aluf\u00f3li\u00e1t"},"content":{"rendered":"<p>A lak\u00e1s fal\u00e1n megjelen\u0151 s\u00f6t\u00e9t p\u00f6tty\u00f6k, a m\u00e1ll\u00f3 fest\u00e9k \u00e9s a dohos szag mind ugyanazt jelzik: pen\u00e9szesedik a fal. Ilyenkor nem el\u00e9g elt\u00fcntetni a <strong><a href=\"https:\/\/www.startlap.hu\/vasarlas\/szelloztetes-penesz-tel-levego-ablak\/\" target=\"_blank\" rel=\"noopener\">pen\u00e9szt<\/a><\/strong>, annak kiv\u00e1lt\u00f3 ok\u00e1t is meg kell sz\u00fcntetni, k\u00fcl\u00f6nben a probl\u00e9ma \u00fajra visszat\u00e9r. L\u00e9nyeges k\u00e9rd\u00e9s teh\u00e1t, hogy a nedvess\u00e9g forr\u00e1sa bels\u0151 vagy k\u00fcls\u0151: a p\u00e1ra okozza, vagy pedig k\u00edv\u00fclr\u0151l \u00e1zik a fal? Az \u00fcgy v\u00e9g\u00e9re j\u00e1rhatunk egy egyszer\u0171 teszt seg\u00edts\u00e9g\u00e9vel, amelyet laikusok is k\u00f6nnyed\u00e9n elv\u00e9gezhetnek seg\u00edts\u00e9g n\u00e9lk\u00fcl. Az olcs\u00f3 m\u00f3dszert, amelyhez csup\u00e1n aluf\u00f3lia \u00e9s ragaszt\u00f3szalag kell, spanyol \u00e9p\u00edt\u00e9szek aj\u00e1nlj\u00e1k &#8211; \u00edrja a <strong><a href=\"https:\/\/www.rainhadosfrangos.pt\/arquitetos-recomendam-colar-papel-aluminio-na-parede-por-alguns-dias-se-houver-humidade-este-e-o-metodo-certo\/\" target=\"_blank\" target=\"_blank\" rel=\"noopener\">Rainha Dos Frangos<\/a><\/strong>.<\/p>\n<figure id=\"attachment_2276155\" aria-describedby=\"caption-attachment-2276155\" style=\"width: 755px\" class=\"wp-caption alignnone\"><img loading=\"lazy\" decoding=\"async\" class=\"size-article-size-large-image wp-image-2276155\" src=\"https:\/\/www.startlap.hu\/vasarlas\/uploads\/2026\/01\/alufolia-755x500.jpg\" alt=\"F\u00e9rfi kukucsk\u00e1l aluf\u00f3lia sisakban\" width=\"755\" height=\"500\" srcset=\"https:\/\/www.startlap.hu\/vasarlas\/uploads\/2026\/01\/alufolia-755x500.jpg 755w, https:\/\/www.startlap.hu\/vasarlas\/uploads\/2026\/01\/alufolia-1536x1018.jpg 1536w, https:\/\/www.startlap.hu\/vasarlas\/uploads\/2026\/01\/alufolia-2048x1357.jpg 2048w, https:\/\/www.startlap.hu\/vasarlas\/uploads\/2026\/01\/alufolia-250x165.jpg 250w, https:\/\/www.startlap.hu\/vasarlas\/uploads\/2026\/01\/alufolia-528x350.jpg 528w\" sizes=\"auto, (max-width: 755px) 100vw, 755px\" \/><figcaption id=\"caption-attachment-2276155\" class=\"wp-caption-text\">Fot\u00f3: Getty Images<\/figcaption><\/figure>\n<p>Az \u00f6tlet l\u00e9nyege, hogy mivel az aluf\u00f3lia v\u00edzz\u00e1r\u00f3 fel\u00fcletet k\u00e9pez a falon, ez\u00e9rt<\/p>\n<blockquote class=\"article__extraTxt\"><p>ha l\u00e9gmentesen r\u00f6gz\u00edtj\u00fck egy nedvesnek t\u0171n\u0151 ter\u00fcletre, majd n\u00e9h\u00e1ny napig ott hagyjuk, l\u00e1that\u00f3v\u00e1 v\u00e1lik, hogy honnan sz\u00e1rmazik a nedvess\u00e9g.<\/p><\/blockquote>\n<p>\u00cdgy elker\u00fclhet\u0151v\u00e9 v\u00e1lik a felesleges k\u00f6ltekez\u00e9s, mert vil\u00e1goss\u00e1 v\u00e1lik, hogy milyen ir\u00e1nyban kell int\u00e9zkedni a nedvess\u00e9g cs\u00f6kkent\u00e9s\u00e9hez.<\/p>\n<h2>Az aluf\u00f3li\u00e1s nedvess\u00e9gteszt n\u00e9h\u00e1ny nap alatt elv\u00e9gezhet\u0151<\/h2>\n<p>A teszt h\u00e1rom l\u00e9p\u00e9sb\u0151l \u00e1ll.<\/p>\n<p><strong>1. Fel\u00fclet el\u0151k\u00e9sz\u00edt\u00e9se<\/strong><\/p>\n<p><strong>Tiszt\u00edtsd meg a falat port\u00f3l<\/strong>, \u00e9s mindenf\u00e9le egy\u00e9b szennyez\u0151d\u00e9st\u0151l, hogy a f\u00f3lia j\u00f3l tapadjon.<\/p>\n<p><strong>2. F\u00f3lia el\u0151k\u00e9sz\u00edt\u00e9se \u00e9s r\u00f6gz\u00edt\u00e9se<\/strong><\/p>\n<p>V\u00e1gj ki egy kb. A4-es m\u00e9ret\u0171 darabot az aluf\u00f3li\u00e1t, \u00e9s ragaszd fel a probl\u00e9m\u00e1s ter\u00fcletre. Nagyon <strong>l\u00e9nyeges a ragasz\u00e1s m\u00f3dja: az aluf\u00f3lia sz\u00e9leit teljesen z\u00e1rd le k\u00f6rben a ragaszt\u00f3szalaggal<\/strong>, hogy ne jusson al\u00e1 leveg\u0151.<\/p>\n<p><strong>3. V\u00e1rj n\u00e9h\u00e1ny napot<\/strong><\/p>\n<p>A felragasztott f\u00f3li\u00e1t <strong>hagyd a falon 3\u20135 napig<\/strong>, majd figyeld meg, a f\u00f3lia melyik oldal\u00e1n jelenik meg nedvess\u00e9g.<\/p>\n<h2>Honnan tudod, hogy a p\u00e1ra a ludas vagy k\u00fcls\u0151 vizesed\u00e9s?<\/h2>\n<p>A f\u00f3lia elt\u00e1vol\u00edt\u00e1sa ut\u00e1n a nedvess\u00e9g helye \u00e1rulkodik a probl\u00e9ma forr\u00e1s\u00e1r\u00f3l.<\/p>\n<ul>\n<li>Ha <strong>a v\u00edzcseppek a f\u00f3lia szoba fel\u0151li oldal\u00e1n jelennek meg<\/strong>, akkor <strong>a gondot bels\u0151 kondenz\u00e1ci\u00f3 okozza, vagyis a lak\u00e1s leveg\u0151j\u00e9ben l\u00e9v\u0151 p\u00e1ra csap\u00f3dik ki<\/strong> a hidegebb falfel\u00fcleten. Ilyenkor a megold\u00e1s <strong>a szell\u0151z\u00e9s jav\u00edt\u00e1sa<\/strong> \u00e9s a belt\u00e9ri p\u00e1ratartalom cs\u00f6kkent\u00e9se.<\/li>\n<li>Ha viszont <strong>a nedvess\u00e9g a f\u00f3lia \u00e9s a fal k\u00f6z\u00f6tt l\u00e1that\u00f3<\/strong>, akkor nagy val\u00f3sz\u00edn\u0171s\u00e9ggel <strong>k\u00fcls\u0151 be\u00e1z\u00e1sr\u00f3l vagy szerkezeti nedvesed\u00e9sr\u0151l van sz\u00f3<\/strong>, amely m\u00e1r \u00e9p\u00fcletszerkezeti probl\u00e9m\u00e1ra utal, ez\u00e9rt<strong> szakember bevon\u00e1sa indokolt<\/strong>.<\/li>\n<\/ul>\n<p>B\u00e1r az aluf\u00f3li\u00e1s teszt nem helyettes\u00edti a szak\u00e9rt\u0151i vizsg\u00e1latot, j\u00f3 ir\u00e1nyt\u0171t ad ahhoz, hogy a szell\u0151ztet\u00e9s jav\u00edt\u00e1sa ter\u00e9n keresg\u00e9lj\u00fcnk megold\u00e1st, vagy ink\u00e1bb jav\u00edt\u00e1si munk\u00e1kban gondolkodjunk.<\/p>\n<div class=\"o-widget m-readMoreWidget -readMore u-shortDecorLineAfter row widget-container _ce_measure_widget bigdata-widget read-more\" data-ce-measure-widget=\"olvass tov\u00e1bb\">\n\t<div class=\"m-readMoreWidget__imgWrapper image-wrapper col-12 col-md-4 no-p\">\n\t\t<a class=\"m-readMoreWidget__imgLink\" href=\"https:\/\/www.startlap.hu\/vasarlas\/paratlanito-lakas-tippek-szakerto\/\" >\n\t\t\t<img decoding=\"async\" src=\"https:\/\/www.startlap.hu\/vasarlas\/uploads\/2025\/11\/GettyImages-2194379170_11zon-350x285.jpg\" class=\"m-readMoreWidget__img\">\n\t\t<\/a>\n\t<\/div>\n\t<div class=\"m-readMoreWidget__titleWrapper title-wrapper col-12 col-md-8\">\n\t\t<span class=\"m-readMoreWidget__titleLabel u-shortDecorLineBefore label hidden-sm-up\">Ez is \u00e9rdekelhet:<\/span>\n\t\t<h3 class=\"m-readMoreWidget__title title\">\n\t\t\t<a class=\"m-readMoreWidget__titleLink -secondFont u-bold u-upperCase\" href=\"https:\/\/www.startlap.hu\/vasarlas\/paratlanito-lakas-tippek-szakerto\/\" >Szak\u00e9rt\u0151 tan\u00e1csa: 5 hely a lak\u00e1sban, ahol soha ne kapcsold be a p\u00e1r\u00e1tlan\u00edt\u00f3t \u2013 t\u00f6bbet \u00e1rthatsz vele, mint hinn\u00e9d<\/a>\n\t\t<\/h3>\n\t\t<a class=\"m-readMoreWidget__btn -coloredBack u-tC link\" href=\"https:\/\/www.startlap.hu\/vasarlas\/paratlanito-lakas-tippek-szakerto\/\" >Elolvasom<\/a>\n\t<\/div>\n<\/div>\n","protected":false},"excerpt":{"rendered":"<p>A spanyol \u00e9p\u00edt\u00e9szek \u00e1ltal javasolt aluf\u00f3li\u00e1s tr\u00fckkel sok p\u00e9nzt sp\u00f3rolhatsz, ha be\u00e1zik a lak\u00e1s vagy t\u00fal p\u00e1r\u00e1s a leveg\u0151, \u00e9s pen\u00e9szesedhet a fal.<\/p>\n","protected":false},"author":14,"featured_media":2276155,"comment_status":"closed","ping_status":"closed","sticky":false,"template":"","format":"standard","meta":{"footnotes":""},"categories":[8180],"tags":[19642,10670,3319],"class_list":["post-2276154","post","type-post","status-publish","format-standard","has-post-thumbnail","hentry","category-trending","tag-haztartasi-praktika","tag-para","tag-penesz"],"aioseo_notices":[],"_links":{"self":[{"href":"https:\/\/www.startlap.hu\/vasarlas\/wp-json\/wp\/v2\/posts\/2276154","targetHints":{"allow":["GET"]}}],"collection":[{"href":"https:\/\/www.startlap.hu\/vasarlas\/wp-json\/wp\/v2\/posts"}],"about":[{"href":"https:\/\/www.startlap.hu\/vasarlas\/wp-json\/wp\/v2\/types\/post"}],"author":[{"embeddable":true,"href":"https:\/\/www.startlap.hu\/vasarlas\/wp-json\/wp\/v2\/users\/14"}],"replies":[{"embeddable":true,"href":"https:\/\/www.startlap.hu\/vasarlas\/wp-json\/wp\/v2\/comments?post=2276154"}],"version-history":[{"count":2,"href":"https:\/\/www.startlap.hu\/vasarlas\/wp-json\/wp\/v2\/posts\/2276154\/revisions"}],"predecessor-version":[{"id":2276157,"href":"https:\/\/www.startlap.hu\/vasarlas\/wp-json\/wp\/v2\/posts\/2276154\/revisions\/2276157"}],"wp:featuredmedia":[{"embeddable":true,"href":"https:\/\/www.startlap.hu\/vasarlas\/wp-json\/wp\/v2\/media\/2276155"}],"wp:attachment":[{"href":"https:\/\/www.startlap.hu\/vasarlas\/wp-json\/wp\/v2\/media?parent=2276154"}],"wp:term":[{"taxonomy":"category","embeddable":true,"href":"https:\/\/www.startlap.hu\/vasarlas\/wp-json\/wp\/v2\/categories?post=2276154"},{"taxonomy":"post_tag","embeddable":true,"href":"https:\/\/www.startlap.hu\/vasarlas\/wp-json\/wp\/v2\/tags?post=2276154"}],"curies":[{"name":"wp","href":"https:\/\/api.w.org\/{rel}","templated":true}]}}