{"id":2276143,"date":"2026-01-24T11:42:28","date_gmt":"2026-01-24T10:42:28","guid":{"rendered":"https:\/\/www.startlap.hu\/vasarlas\/?p=2276143"},"modified":"2026-01-24T11:42:28","modified_gmt":"2026-01-24T10:42:28","slug":"milka-csomagolas-atveres-fogyasztoveledem","status":"publish","type":"post","link":"https:\/\/www.startlap.hu\/vasarlas\/milka-csomagolas-atveres-fogyasztoveledem\/","title":{"rendered":"A Milka csoki lett az \u00e9v \u00e1tver\u00e9se &#8211; t\u00f6bb t\u00edzezer v\u00e1s\u00e1rl\u00f3 d\u00f6nt\u00f6tt"},"content":{"rendered":"<p>Minden \u00e9vben megszavaztatja a hamburgi fogyaszt\u00f3v\u00e9delem, hogy mely term\u00e9kekn\u00e9l t\u00f6rt\u00e9nt a legink\u00e1bb f\u00e9lrevezet\u0151 v\u00e1ltoztat\u00e1s. A &#8222;2025-\u00f6s \u00e9v megt\u00e9veszt\u0151 csomagol\u00e1sa&#8221; c\u00edmet a <strong><a href=\"https:\/\/www.startlap.hu\/vasarlas\/milka-extra-uj-tablacsoki-vasarloi-reakciok\/\" target=\"_blank\" rel=\"noopener\">Milka<\/a><\/strong> alpesi tejcsokol\u00e1d\u00e9ja szerezte meg, m\u00e9ghozz\u00e1 rekordk\u00fcl\u00f6nbs\u00e9ggel: a szavazatok 66,7 sz\u00e1zal\u00e9ka erre a term\u00e9kre \u00e9rkezett &#8211; \u00edrja a <strong><a href=\"https:\/\/www.bild.de\/leben-wissen\/mein-recht-verbraucherportal\/mogelpackung-des-jahres-grosse-mehrheit-stimmt-fuer-alpenmilch-schokolade-von-milka-69708f1e707d4aa20757b87d\" target=\"_blank\" target=\"_blank\" rel=\"noopener\">Bild<\/a><\/strong>.<\/p>\n<div class=\"o-widget m-readMoreWidget -readMore u-shortDecorLineAfter row widget-container _ce_measure_widget bigdata-widget read-more\" data-ce-measure-widget=\"olvass tov\u00e1bb\">\n\t<div class=\"m-readMoreWidget__imgWrapper image-wrapper col-12 col-md-4 no-p\">\n\t\t<a class=\"m-readMoreWidget__imgLink\" href=\"https:\/\/www.startlap.hu\/vasarlas\/kviz-csoki-csomagolas-nelkul\/\" >\n\t\t\t<img decoding=\"async\" src=\"https:\/\/www.startlap.hu\/vasarlas\/uploads\/2023\/11\/csoki5-350x285.jpg\" class=\"m-readMoreWidget__img\">\n\t\t<\/a>\n\t<\/div>\n\t<div class=\"m-readMoreWidget__titleWrapper title-wrapper col-12 col-md-8\">\n\t\t<span class=\"m-readMoreWidget__titleLabel u-shortDecorLineBefore label hidden-sm-up\">Ez is \u00e9rdekelhet:<\/span>\n\t\t<h3 class=\"m-readMoreWidget__title title\">\n\t\t\t<a class=\"m-readMoreWidget__titleLink -secondFont u-bold u-upperCase\" href=\"https:\/\/www.startlap.hu\/vasarlas\/kviz-csoki-csomagolas-nelkul\/\" >Kv\u00edz: felismered a csokikat csomagol\u00e1s n\u00e9lk\u00fcl?<\/a>\n\t\t<\/h3>\n\t\t<a class=\"m-readMoreWidget__btn -coloredBack u-tC link\" href=\"https:\/\/www.startlap.hu\/vasarlas\/kviz-csoki-csomagolas-nelkul\/\" >Elolvasom<\/a>\n\t<\/div>\n<\/div>\n<h2>Dr\u00e1g\u00e1bb lett, mik\u00f6zben kevesebb csoki van a csomagban<\/h2>\n<p>A v\u00e1s\u00e1rl\u00f3k felh\u00e1borod\u00e1s\u00e1nak oka egy\u00e9rtelm\u0171: a Milka 100 grammos t\u00e1bl\u00e1ja 90 grammra cs\u00f6kkent, mik\u00f6zben az \u00e1ra 1,49 eur\u00f3r\u00f3l 1,99 eur\u00f3ra n\u0151tt. Ez k\u00f6zel 48 sz\u00e1zal\u00e9kos \u00e1remelked\u00e9st jelent.<\/p>\n<blockquote class=\"article__extraTxt\"><p>A csomagol\u00e1s szinte v\u00e1ltozatlan maradt, csak \u00e9ppen a csokol\u00e1d\u00e9 vastags\u00e1ga lett k\u00f6r\u00fclbel\u00fcl egy millim\u00e9terrel kisebb.<\/p><\/blockquote>\n<p><strong>A fogyaszt\u00f3v\u00e9d\u0151k szerint ez m\u00e1r megt\u00e9veszt\u0151 gyakorlat, ez\u00e9rt pert ind\u00edtottak a Mondelez ellen. Az \u00fcgyet 2026 \u00e1prilis\u00e1ban t\u00e1rgyalja a br\u00e9mai tartom\u00e1nyi b\u00edr\u00f3s\u00e1g.<\/strong><\/p>\n<figure id=\"attachment_2276145\" aria-describedby=\"caption-attachment-2276145\" style=\"width: 755px\" class=\"wp-caption alignnone\"><a href=\"https:\/\/www.startlap.hu\/vasarlas\/uploads\/2026\/01\/milka-alpesi-tejcsoki-scaled.jpg\"><img loading=\"lazy\" decoding=\"async\" class=\"size-article-size-large-image wp-image-2276145\" src=\"https:\/\/www.startlap.hu\/vasarlas\/uploads\/2026\/01\/milka-alpesi-tejcsoki-755x503.jpg\" alt=\"Milka alpesi tejcsokol\u00e1d\u00e9\" width=\"755\" height=\"503\" srcset=\"https:\/\/www.startlap.hu\/vasarlas\/uploads\/2026\/01\/milka-alpesi-tejcsoki-755x503.jpg 755w, https:\/\/www.startlap.hu\/vasarlas\/uploads\/2026\/01\/milka-alpesi-tejcsoki-1536x1024.jpg 1536w, https:\/\/www.startlap.hu\/vasarlas\/uploads\/2026\/01\/milka-alpesi-tejcsoki-2048x1365.jpg 2048w, https:\/\/www.startlap.hu\/vasarlas\/uploads\/2026\/01\/milka-alpesi-tejcsoki-525x350.jpg 525w\" sizes=\"auto, (max-width: 755px) 100vw, 755px\" \/><\/a><figcaption id=\"caption-attachment-2276145\" class=\"wp-caption-text\">Milka alpesi tejcsokol\u00e1d\u00e9. Fot\u00f3: AFP<\/figcaption><\/figure>\n<p>A hamburgi fogyaszt\u00f3v\u00e9delmi szervezet szak\u00e9rt\u0151je, <strong>Armin Valet<\/strong> szerint a mennyis\u00e9g ilyen l\u00e9p\u00e9s sok v\u00e1s\u00e1rl\u00f3 sz\u00e1m\u00e1ra pof\u00e1tlan tr\u00fckknek t\u0171nik, \u00e9s a szavaz\u00e1s eredm\u00e9nye egy\u00e9rtelm\u0171 figyelmeztet\u00e9s a gy\u00e1rt\u00f3k sz\u00e1m\u00e1ra.<\/p>\n<h2>Nem csak a Milka \u00e9rintett: egyre t\u00f6bb a rejtett dr\u00e1gul\u00e1s<\/h2>\n<p>A fogyaszt\u00f3v\u00e9d\u0151k szerint 2025-ben \u00f6sszesen 77 \u00faj, megt\u00e9veszt\u0151 csomagol\u00e1ssal kapcsolatos esetet azonos\u00edtottak. Ezekn\u00e9l a term\u00e9kekn\u00e9l az \u00e1tlagos, rejtett \u00e1remelked\u00e9s 28,4 sz\u00e1zal\u00e9k volt. Az &#8222;\u00c9v Megt\u00e9veszt\u0151 Csomagol\u00e1sa 2025&#8221; d\u00edjra \u00f6t term\u00e9ket jel\u00f6ltek, \u00e9s k\u00f6zel 35 ezer ember vett r\u00e9szt a szavaz\u00e1sban.<\/p>\n<p>Ahogy arr\u00f3l kor\u00e1bban <strong><a href=\"https:\/\/www.startlap.hu\/vasarlas\/milka-dragulas-zsugorinflacio\/\" target=\"_blank\" rel=\"noopener\">besz\u00e1moltunk<\/a><\/strong>, a Milk\u00e1t gy\u00e1rt\u00f3 Mondelez el\u0151sz\u00f6r a nyersanyag\u00e1rak emelked\u00e9s\u00e9re hivatkozva emelte az \u00e1rakat, ezt k\u00f6vet\u0151en cs\u00f6kkentett\u00e9k a term\u00e9kek m\u00e9reteit, majd ism\u00e9t emelt\u00e9k az \u00e1rakat.<\/p>\n<div class=\"o-widget m-readMoreWidget -readMore u-shortDecorLineAfter row widget-container _ce_measure_widget bigdata-widget read-more\" data-ce-measure-widget=\"olvass tov\u00e1bb\">\n\t<div class=\"m-readMoreWidget__imgWrapper image-wrapper col-12 col-md-4 no-p\">\n\t\t<a class=\"m-readMoreWidget__imgLink\" href=\"https:\/\/www.startlap.hu\/vasarlas\/amazon-kiszallitas-eredeti-termek-biztonsag\/\" >\n\t\t\t<img decoding=\"async\" src=\"https:\/\/www.startlap.hu\/vasarlas\/uploads\/2025\/11\/GettyImages-509559314_11zon-350x285.jpg\" class=\"m-readMoreWidget__img\">\n\t\t<\/a>\n\t<\/div>\n\t<div class=\"m-readMoreWidget__titleWrapper title-wrapper col-12 col-md-8\">\n\t\t<span class=\"m-readMoreWidget__titleLabel u-shortDecorLineBefore label hidden-sm-up\">Ez is \u00e9rdekelhet:<\/span>\n\t\t<h3 class=\"m-readMoreWidget__title title\">\n\t\t\t<a class=\"m-readMoreWidget__titleLink -secondFont u-bold u-upperCase\" href=\"https:\/\/www.startlap.hu\/vasarlas\/amazon-kiszallitas-eredeti-termek-biztonsag\/\" >V\u00e1ltozik a kisz\u00e1ll\u00edt\u00e1s az Amazonn\u00e1l &#8211; ennek sokan fognak \u00f6r\u00fclni<\/a>\n\t\t<\/h3>\n\t\t<a class=\"m-readMoreWidget__btn -coloredBack u-tC link\" href=\"https:\/\/www.startlap.hu\/vasarlas\/amazon-kiszallitas-eredeti-termek-biztonsag\/\" >Elolvasom<\/a>\n\t<\/div>\n<\/div>\n","protected":false},"excerpt":{"rendered":"<p>A hamburgi fogyaszt\u00f3v\u00e9delmi szervezet a Milka alpesi tejcsokol\u00e1d\u00e9t nyilv\u00e1n\u00edtotta a &#8222;2025-\u00f6s \u00e9v megt\u00e9veszt\u0151 csomagol\u00e1s\u00e1nak&#8221;, miut\u00e1n a szavaz\u00f3k k\u00e9tharmada \u00edgy d\u00f6nt\u00f6tt.<\/p>\n","protected":false},"author":45,"featured_media":2276145,"comment_status":"closed","ping_status":"closed","sticky":false,"template":"","format":"standard","meta":{"footnotes":""},"categories":[8180],"tags":[519,5952,15273],"class_list":["post-2276143","post","type-post","status-publish","format-standard","has-post-thumbnail","hentry","category-trending","tag-csokolade","tag-fogyasztovedelem","tag-milka"],"aioseo_notices":[],"_links":{"self":[{"href":"https:\/\/www.startlap.hu\/vasarlas\/wp-json\/wp\/v2\/posts\/2276143","targetHints":{"allow":["GET"]}}],"collection":[{"href":"https:\/\/www.startlap.hu\/vasarlas\/wp-json\/wp\/v2\/posts"}],"about":[{"href":"https:\/\/www.startlap.hu\/vasarlas\/wp-json\/wp\/v2\/types\/post"}],"author":[{"embeddable":true,"href":"https:\/\/www.startlap.hu\/vasarlas\/wp-json\/wp\/v2\/users\/45"}],"replies":[{"embeddable":true,"href":"https:\/\/www.startlap.hu\/vasarlas\/wp-json\/wp\/v2\/comments?post=2276143"}],"version-history":[{"count":3,"href":"https:\/\/www.startlap.hu\/vasarlas\/wp-json\/wp\/v2\/posts\/2276143\/revisions"}],"predecessor-version":[{"id":2276147,"href":"https:\/\/www.startlap.hu\/vasarlas\/wp-json\/wp\/v2\/posts\/2276143\/revisions\/2276147"}],"wp:featuredmedia":[{"embeddable":true,"href":"https:\/\/www.startlap.hu\/vasarlas\/wp-json\/wp\/v2\/media\/2276145"}],"wp:attachment":[{"href":"https:\/\/www.startlap.hu\/vasarlas\/wp-json\/wp\/v2\/media?parent=2276143"}],"wp:term":[{"taxonomy":"category","embeddable":true,"href":"https:\/\/www.startlap.hu\/vasarlas\/wp-json\/wp\/v2\/categories?post=2276143"},{"taxonomy":"post_tag","embeddable":true,"href":"https:\/\/www.startlap.hu\/vasarlas\/wp-json\/wp\/v2\/tags?post=2276143"}],"curies":[{"name":"wp","href":"https:\/\/api.w.org\/{rel}","templated":true}]}}