{"id":2276136,"date":"2026-01-23T21:08:35","date_gmt":"2026-01-23T20:08:35","guid":{"rendered":"https:\/\/www.startlap.hu\/vasarlas\/?p=2276136"},"modified":"2026-01-23T21:08:58","modified_gmt":"2026-01-23T20:08:58","slug":"tesco-fizetes-fizetesemeles","status":"publish","type":"post","link":"https:\/\/www.startlap.hu\/vasarlas\/tesco-fizetes-fizetesemeles\/","title":{"rendered":"Fizet\u00e9semel\u00e9st ad a dolgoz\u00f3inak Tesco: ennyit lehet n\u00e1luk 2026-ban keresni"},"content":{"rendered":"<p>A t\u00e1j\u00e9koztat\u00e1s szerint <strong>az \u00e1ruh\u00e1zi munkat\u00e1rsak 8 \u00f3r\u00e1s alapb\u00e9re m\u00e1rcius 1-t\u0151l brutt\u00f3 418 ezer forintra emelkedik<\/strong> a <strong><a href=\"https:\/\/www.startlap.hu\/vasarlas\/tesco-lopasgatlo-merleg-teszt-anglia\/\" target=\"_blank\" rel=\"noopener\">Tesc\u00f3n\u00e1l<\/a><\/strong>, m\u00edg <strong>az el\u00e9rhet\u0151 legmagasabb brutt\u00f3 j\u00f6vedelem 562 ezer forintra<\/strong>. A cafeteria-csomag keret\u00f6sszeg\u00e9t a v\u00e1llalat az elm\u00falt k\u00e9t \u00e9vben 25+25 sz\u00e1zal\u00e9kkal emelte, ami \u00edgy jelenleg minden 8 \u00f3r\u00e1s munkav\u00e1llal\u00f3n\u00e1l egys\u00e9gesen brutt\u00f3 301 ezer forint.<\/p>\n<figure id=\"attachment_2276137\" aria-describedby=\"caption-attachment-2276137\" style=\"width: 755px\" class=\"wp-caption alignnone\"><img loading=\"lazy\" decoding=\"async\" class=\"size-article-size-large-image wp-image-2276137\" src=\"https:\/\/www.startlap.hu\/vasarlas\/uploads\/2026\/01\/tesco-755x503.jpg\" alt=\"A Tesco embl\u00e9m\u00e1ja egy \u00fczlet oldal\u00e1n\" width=\"755\" height=\"503\" srcset=\"https:\/\/www.startlap.hu\/vasarlas\/uploads\/2026\/01\/tesco-755x503.jpg 755w, https:\/\/www.startlap.hu\/vasarlas\/uploads\/2026\/01\/tesco-526x350.jpg 526w, https:\/\/www.startlap.hu\/vasarlas\/uploads\/2026\/01\/tesco.jpg 1280w\" sizes=\"auto, (max-width: 755px) 100vw, 755px\" \/><figcaption id=\"caption-attachment-2276137\" class=\"wp-caption-text\">Fot\u00f3: Getty Images<\/figcaption><\/figure>\n<div class=\"o-widget m-readMoreWidget -readMore u-shortDecorLineAfter row widget-container _ce_measure_widget bigdata-widget read-more\" data-ce-measure-widget=\"olvass tov\u00e1bb\">\n\t<div class=\"m-readMoreWidget__imgWrapper image-wrapper col-12 col-md-4 no-p\">\n\t\t<a class=\"m-readMoreWidget__imgLink\" href=\"https:\/\/www.startlap.hu\/vasarlas\/holapat-helyett-hotolo-kerekes\/\" >\n\t\t\t<img decoding=\"async\" src=\"https:\/\/www.startlap.hu\/vasarlas\/uploads\/2026\/01\/holapatolas-350x285.jpg\" class=\"m-readMoreWidget__img\">\n\t\t<\/a>\n\t<\/div>\n\t<div class=\"m-readMoreWidget__titleWrapper title-wrapper col-12 col-md-8\">\n\t\t<span class=\"m-readMoreWidget__titleLabel u-shortDecorLineBefore label hidden-sm-up\">Ez is \u00e9rdekelhet:<\/span>\n\t\t<h3 class=\"m-readMoreWidget__title title\">\n\t\t\t<a class=\"m-readMoreWidget__titleLink -secondFont u-bold u-upperCase\" href=\"https:\/\/www.startlap.hu\/vasarlas\/holapat-helyett-hotolo-kerekes\/\" >Az osztr\u00e1kok m\u00e1r ezt haszn\u00e1lj\u00e1k h\u00f3lap\u00e1t helyett: mintha var\u00e1zs\u00fct\u00e9sre t\u00fcntetn\u00e9 el a havat<\/a>\n\t\t<\/h3>\n\t\t<a class=\"m-readMoreWidget__btn -coloredBack u-tC link\" href=\"https:\/\/www.startlap.hu\/vasarlas\/holapat-helyett-hotolo-kerekes\/\" >Elolvasom<\/a>\n\t<\/div>\n<\/div>\n<p>Az elm\u00falt \u00e9vekben a Tesco \u00e1ltal kialak\u00edtott juttat\u00e1si csomag \u00f6ssz\u00e9rt\u00e9ke a 2026\/27-es p\u00e9nz\u00fcgyi \u00e9vben m\u00e1r 5 milli\u00e1rd forint. A csomag tartalmazza <strong>a 400 ezerr\u0151l 450 ezer forintra n\u0151tt kedvezm\u00e9nykerettel el\u00e9rhet\u0151 15 sz\u00e1zal\u00e9kos dolgoz\u00f3i v\u00e1s\u00e1rl\u00e1si kedvezm\u00e9nyt<\/strong>, valamint a <strong>kilom\u00e9terenk\u00e9nt 30 forintr\u00f3l 40 forintra emelt munk\u00e1ba j\u00e1r\u00e1si k\u00f6lts\u00e9gt\u00e1mogat\u00e1st<\/strong>.<\/p>\n<p>A k\u00f6zlem\u00e9nyben T\u00far\u00f3czi Norbert, a Tesco-Global Zrt. HR igazgat\u00f3ja ismertette: 2017 \u00e9s 2026 k\u00f6z\u00f6tt k\u00f6zel 40 milli\u00e1rd forintos b\u00e9rfejleszt\u00e9st hajtottak v\u00e9gre, ebb\u0151l csak <strong>2022 \u00e9s 2026 k\u00f6z\u00f6tt 21,7 milli\u00e1rd forintos r\u00e1ford\u00edt\u00e1ssal 49 sz\u00e1zal\u00e9kkal emelt\u00e9k a fizet\u00e9seket<\/strong>. Emellett a t\u00f6rv\u00e9nyi el\u0151\u00edr\u00e1sokon t\u00falmutat\u00f3 rugalmas munkav\u00e9gz\u00e9si form\u00e1kat, speci\u00e1lis szabads\u00e1gt\u00edpusokat \u00e9s egy\u00e9b sz\u00e9les k\u00f6r\u0171 t\u00e1mogat\u00e1sokat biztos\u00edtanak.<\/p>\n<p>A nyilv\u00e1nos c\u00e9gadatok szerint a Tesco-Global \u00c1ruh\u00e1zak Zrt. a 2024. m\u00e1rcius 1. \u00e9s 2025.febru\u00e1r 28. k\u00f6z\u00f6tti \u00fczleti \u00e9vben 750 milli\u00e1rd forint nett\u00f3 \u00e1rbev\u00e9telt \u00e9s 10,5 milli\u00e1rd forint vesztes\u00e9get k\u00f6nyvelt el. Egy \u00e9vvel kor\u00e1bban 721,6 milli\u00e1rdos nett\u00f3 \u00e1rbev\u00e9telt \u00e9s 21,5 milli\u00e1rdos vesztes\u00e9get realiz\u00e1lt.<\/p>\n<p>(MTI)<\/p>\n<div class=\"o-widget m-readMoreWidget -readMore u-shortDecorLineAfter row widget-container _ce_measure_widget bigdata-widget read-more\" data-ce-measure-widget=\"olvass tov\u00e1bb\">\n\t<div class=\"m-readMoreWidget__imgWrapper image-wrapper col-12 col-md-4 no-p\">\n\t\t<a class=\"m-readMoreWidget__imgLink\" href=\"https:\/\/www.startlap.hu\/vasarlas\/2025-novemberb-atlagkereset-magyarorszag\/\" >\n\t\t\t<img decoding=\"async\" src=\"https:\/\/www.startlap.hu\/vasarlas\/uploads\/2025\/08\/forint-350x285.jpg\" class=\"m-readMoreWidget__img\">\n\t\t<\/a>\n\t<\/div>\n\t<div class=\"m-readMoreWidget__titleWrapper title-wrapper col-12 col-md-8\">\n\t\t<span class=\"m-readMoreWidget__titleLabel u-shortDecorLineBefore label hidden-sm-up\">Ez is \u00e9rdekelhet:<\/span>\n\t\t<h3 class=\"m-readMoreWidget__title title\">\n\t\t\t<a class=\"m-readMoreWidget__titleLink -secondFont u-bold u-upperCase\" href=\"https:\/\/www.startlap.hu\/vasarlas\/2025-novemberb-atlagkereset-magyarorszag\/\" >Novemberben a brutt\u00f3 \u00e1tlagkereset 756 400 forint volt<\/a>\n\t\t<\/h3>\n\t\t<a class=\"m-readMoreWidget__btn -coloredBack u-tC link\" href=\"https:\/\/www.startlap.hu\/vasarlas\/2025-novemberb-atlagkereset-magyarorszag\/\" >Elolvasom<\/a>\n\t<\/div>\n<\/div>\n","protected":false},"excerpt":{"rendered":"<p>Meg\u00e1llapodott a szakszervezetekkel a Tesco az idei b\u00e9rekr\u0151l, az \u00e1ruh\u00e1zl\u00e1nc \u00e1tlagosan 7,2 sz\u00e1zal\u00e9kkal emeli a munkat\u00e1rsak b\u00e9r\u00e9t &#8211; t\u00e1j\u00e9koztatott a v\u00e1llalat, valamint a Kereskedelmi Alkalmazottak Szakszervezete (KASZ) \u00e9s az Egyenl\u0151.hu &#8211; a modern szakszervezet k\u00f6z\u00f6s k\u00f6zlem\u00e9nyben p\u00e9nteken.<\/p>\n","protected":false},"author":14,"featured_media":2276137,"comment_status":"closed","ping_status":"closed","sticky":false,"template":"","format":"standard","meta":{"footnotes":""},"categories":[8180],"tags":[7350,6669,13,873,12],"class_list":["post-2276136","post","type-post","status-publish","format-standard","has-post-thumbnail","hentry","category-trending","tag-atlagber","tag-atlagfizetes","tag-beremeles","tag-fizetes","tag-tesco"],"aioseo_notices":[],"_links":{"self":[{"href":"https:\/\/www.startlap.hu\/vasarlas\/wp-json\/wp\/v2\/posts\/2276136","targetHints":{"allow":["GET"]}}],"collection":[{"href":"https:\/\/www.startlap.hu\/vasarlas\/wp-json\/wp\/v2\/posts"}],"about":[{"href":"https:\/\/www.startlap.hu\/vasarlas\/wp-json\/wp\/v2\/types\/post"}],"author":[{"embeddable":true,"href":"https:\/\/www.startlap.hu\/vasarlas\/wp-json\/wp\/v2\/users\/14"}],"replies":[{"embeddable":true,"href":"https:\/\/www.startlap.hu\/vasarlas\/wp-json\/wp\/v2\/comments?post=2276136"}],"version-history":[{"count":2,"href":"https:\/\/www.startlap.hu\/vasarlas\/wp-json\/wp\/v2\/posts\/2276136\/revisions"}],"predecessor-version":[{"id":2276139,"href":"https:\/\/www.startlap.hu\/vasarlas\/wp-json\/wp\/v2\/posts\/2276136\/revisions\/2276139"}],"wp:featuredmedia":[{"embeddable":true,"href":"https:\/\/www.startlap.hu\/vasarlas\/wp-json\/wp\/v2\/media\/2276137"}],"wp:attachment":[{"href":"https:\/\/www.startlap.hu\/vasarlas\/wp-json\/wp\/v2\/media?parent=2276136"}],"wp:term":[{"taxonomy":"category","embeddable":true,"href":"https:\/\/www.startlap.hu\/vasarlas\/wp-json\/wp\/v2\/categories?post=2276136"},{"taxonomy":"post_tag","embeddable":true,"href":"https:\/\/www.startlap.hu\/vasarlas\/wp-json\/wp\/v2\/tags?post=2276136"}],"curies":[{"name":"wp","href":"https:\/\/api.w.org\/{rel}","templated":true}]}}