{"id":2276114,"date":"2026-01-23T22:03:37","date_gmt":"2026-01-23T21:03:37","guid":{"rendered":"https:\/\/www.startlap.hu\/vasarlas\/?p=2276114"},"modified":"2026-01-23T21:51:49","modified_gmt":"2026-01-23T20:51:49","slug":"korlatlan-mobilnet-nmhh","status":"publish","type":"post","link":"https:\/\/www.startlap.hu\/vasarlas\/korlatlan-mobilnet-nmhh\/","title":{"rendered":"Csak l\u00e1tsz\u00f3lag j\u00f3 a korl\u00e1tlan mobil: az NMHH szerint rengetegen r\u00e1fizetnek"},"content":{"rendered":"<p>A 2025-ben, t\u00f6bb mint 1000 f\u0151 bevon\u00e1s\u00e1val k\u00e9sz\u00fclt online kutat\u00e1s szerint a lakoss\u00e1gi sz\u00e1ml\u00e1s mobilel\u0151fizet\u0151k mintegy fele korl\u00e1tlan belf\u00f6ldi hangh\u00edv\u00e1st, egyharmaduk pedig korl\u00e1tlan mobilnetet haszn\u00e1l, sokan azonban nem m\u00e9rik fel, val\u00f3ban sz\u00fcks\u00e9g\u00fck van-e limit n\u00e9lk\u00fcli adatcsomagra &#8211; k\u00f6z\u00f6lte a hat\u00f3s\u00e1g kommunik\u00e1ci\u00f3s igazgat\u00f3s\u00e1ga p\u00e9nteken.<\/p>\n<figure id=\"attachment_2276135\" aria-describedby=\"caption-attachment-2276135\" style=\"width: 755px\" class=\"wp-caption alignnone\"><img loading=\"lazy\" decoding=\"async\" class=\"size-article-size-large-image wp-image-2276135\" src=\"https:\/\/www.startlap.hu\/vasarlas\/uploads\/2026\/01\/mobilnet-755x425.jpg\" alt=\"N\u0151 telefonnal a kez\u00e9ben\" width=\"755\" height=\"425\" srcset=\"https:\/\/www.startlap.hu\/vasarlas\/uploads\/2026\/01\/mobilnet-755x425.jpg 755w, https:\/\/www.startlap.hu\/vasarlas\/uploads\/2026\/01\/mobilnet-215x120.jpg 215w, https:\/\/www.startlap.hu\/vasarlas\/uploads\/2026\/01\/mobilnet-622x350.jpg 622w, https:\/\/www.startlap.hu\/vasarlas\/uploads\/2026\/01\/mobilnet.jpg 1280w\" sizes=\"auto, (max-width: 755px) 100vw, 755px\" \/><figcaption id=\"caption-attachment-2276135\" class=\"wp-caption-text\">Fot\u00f3: Getty Images<\/figcaption><\/figure>\n<div class=\"o-widget m-readMoreWidget -readMore u-shortDecorLineAfter row widget-container _ce_measure_widget bigdata-widget read-more\" data-ce-measure-widget=\"olvass tov\u00e1bb\">\n\t<div class=\"m-readMoreWidget__imgWrapper image-wrapper col-12 col-md-4 no-p\">\n\t\t<a class=\"m-readMoreWidget__imgLink\" href=\"https:\/\/www.startlap.hu\/vasarlas\/lidl-ujitas-kassza-okostelefon-onkiszolgalo\/\" >\n\t\t\t<img decoding=\"async\" src=\"https:\/\/www.startlap.hu\/vasarlas\/uploads\/2025\/12\/lidl-3-350x285.jpg\" class=\"m-readMoreWidget__img\">\n\t\t<\/a>\n\t<\/div>\n\t<div class=\"m-readMoreWidget__titleWrapper title-wrapper col-12 col-md-8\">\n\t\t<span class=\"m-readMoreWidget__titleLabel u-shortDecorLineBefore label hidden-sm-up\">Ez is \u00e9rdekelhet:<\/span>\n\t\t<h3 class=\"m-readMoreWidget__title title\">\n\t\t\t<a class=\"m-readMoreWidget__titleLink -secondFont u-bold u-upperCase\" href=\"https:\/\/www.startlap.hu\/vasarlas\/lidl-ujitas-kassza-okostelefon-onkiszolgalo\/\" >Forradalmi \u00faj\u00edt\u00e1st vezet be a Lidl: nem kell t\u00f6bb\u00e9 sorban \u00e1llni a kassz\u00e1n\u00e1l<\/a>\n\t\t<\/h3>\n\t\t<a class=\"m-readMoreWidget__btn -coloredBack u-tC link\" href=\"https:\/\/www.startlap.hu\/vasarlas\/lidl-ujitas-kassza-okostelefon-onkiszolgalo\/\" >Elolvasom<\/a>\n\t<\/div>\n<\/div>\n<p>A kutat\u00e1s szerint a fogyaszt\u00f3k els\u0151 r\u00e1n\u00e9z\u00e9sre \u00e9szszer\u0171 d\u00f6nt\u00e9st hoznak: a t\u00f6bbet telefon\u00e1l\u00f3k nagyobb val\u00f3sz\u00edn\u0171s\u00e9ggel v\u00e1lasztanak korl\u00e1tlan hangcsomagot, m\u00edg a t\u00f6bbet internetez\u0151k korl\u00e1tlan mobilnetcsomagot.<\/p>\n<p>A tanulm\u00e1ny arra is r\u00e1mutat, hogy a gyakori online j\u00e1t\u00e9k, valamint a rendszeres internetmegoszt\u00e1s ig\u00e9nye nagyban n\u00f6veli annak es\u00e9ly\u00e9t, hogy valaki korl\u00e1tlan internetcsomagra fizessen el\u0151.<\/p>\n<p>A haszn\u00e1lati szok\u00e1sok mellett a szolg\u00e1ltat\u00f3k k\u00edn\u00e1lata \u00e9s kedvezm\u00e9nyei, p\u00e9ld\u00e1ul<strong> az \u00faj k\u00e9sz\u00fcl\u00e9kv\u00e1s\u00e1rl\u00e1ssal egybek\u00f6t\u00f6tt kedvezm\u00e9nyek is er\u0151s hat\u00e1ssal lehetnek a v\u00e1laszt\u00e1sra<\/strong>, ezt er\u0151s\u00edti az is, hogy az \u00fajonnan szerz\u0151d\u0151kn\u00e9l nagyobb a val\u00f3sz\u00edn\u0171s\u00e9ge annak, hogy korl\u00e1tlan hang- \u00e9s <a href=\"https:\/\/www.startlap.hu\/vasarlas\/mobilnet-forgalom-rekord\/\" target=\"_blank\" rel=\"noopener\"><strong>mobilinternet<\/strong><\/a>-szolg\u00e1ltat\u00e1st vesznek ig\u00e9nybe. Ez a limit n\u00e9lk\u00fcli tarifacsomagok ar\u00e1ny\u00e1nak tov\u00e1bbi n\u00f6veked\u00e9s\u00e9t vet\u00edti el\u0151re &#8211; \u00edrt\u00e1k.<\/p>\n<h2>Az \u00e9rintett v\u00e1laszad\u00f3k t\u00f6bbs\u00e9ge \u00fagy \u00e9rzi, sz\u00fcks\u00e9ge van a korl\u00e1tlans\u00e1gra<\/h2>\n<p>A limit n\u00e9lk\u00fcli hangh\u00edv\u00e1st haszn\u00e1l\u00f3k csup\u00e1n 7 sz\u00e1zal\u00e9ka, a korl\u00e1tlan mobilnetesek pedig mind\u00f6ssze 6 sz\u00e1zal\u00e9ka mondta azt, hogy nem haszn\u00e1lja ki a megv\u00e1s\u00e1rolt szolg\u00e1ltat\u00e1st.<\/p>\n<p>Ezen v\u00e1laszad\u00f3k d\u00f6nt\u00e9se m\u00f6g\u00f6tt jellemz\u0151en a k\u00fcl\u00f6nf\u00e9le szolg\u00e1ltat\u00f3i kedvezm\u00e9nyek \u00e9s a kisz\u00e1m\u00edthat\u00f3s\u00e1g \u00e1ll: az\u00e9rt v\u00e1lasztottak korl\u00e1tlan csomagot, mert k\u00e9sz\u00fcl\u00e9kv\u00e1s\u00e1rl\u00e1ssal vagy t\u00f6bb szolg\u00e1ltat\u00e1st tartalmaz\u00f3 csomagban kedvez\u0151bb felt\u00e9teleket kaptak, illetve az\u00e9rt, mert fontos sz\u00e1mukra a v\u00e1ratlan kiad\u00e1sok n\u00e9lk\u00fcli eszk\u00f6zhaszn\u00e1lat.<\/p>\n<h2>A fogyaszt\u00f3k jelent\u0151s fel\u00e1rat fizetnek a korl\u00e1tlans\u00e1g\u00e9rt<\/h2>\n<p>M\u00edg a nem korl\u00e1tlan csomagok el\u0151fizet\u0151i medi\u00e1n \u00e1ron havonta csup\u00e1n \u00f6tezer forintot, <strong>a korl\u00e1tlan hangh\u00edv\u00e1st \u00e9s mobilinternetet is haszn\u00e1l\u00f3k ennek csaknem h\u00e1romszoros\u00e1t, havi 13 ezer forintot fizetnek ki<\/strong>.<\/p>\n<p>A kutat\u00e1s r\u00e1mutatott: a fogyaszt\u00f3k jelent\u0151s r\u00e9sze nincs tiszt\u00e1ban a saj\u00e1t mobilk\u00f6lts\u00e9geivel, \u00e9s azzal sem, hogy h\u00e1ny perc h\u00edv\u00e1st kezdem\u00e9nyeznek, illetve mennyi mobilinternetet forgalmaznak.<\/p>\n<p>A <strong>sz\u00e1ml\u00e1s el\u0151fizet\u0151knek mind\u00f6ssze 60 sz\u00e1zal\u00e9ka tudta fejb\u0151l megmondani a havid\u00edj\u00e1t<\/strong>, \u00e9s enn\u00e9l is kevesebben tudt\u00e1k kikeresni az elm\u00falt h\u00f3nap hangforgalm\u00e1t vagy adatforgalm\u00e1t &#8211; f\u0171zt\u00e9k hozz\u00e1.<\/p>\n<p>B\u00e1r a felhaszn\u00e1l\u00f3k egy sz\u0171kebb csoportja t\u00e9nylegesen kihaszn\u00e1lja a limitmentes adatcsomagok ny\u00fajtotta szabads\u00e1got, a tanulm\u00e1ny szerint sok korl\u00e1tlan csomagos el\u0151fizet\u0151nek el\u00e9g lenne valamilyen fix adatkeretes d\u00edjcsomag is.<\/p>\n<blockquote class=\"article__extraTxt\"><p>A becsl\u00e9sek szerint a korl\u00e1tlan mobilnetet v\u00e1laszt\u00f3k fel\u00e9nek jellemz\u0151en egy 10 gigabyte-os adatkeret is el\u00e9g lenne,<\/p><\/blockquote>\n<p>amivel az adatfelv\u00e9tel idej\u00e9n ak\u00e1r havi \u00f6tezer forintot is megtakar\u00edthattak volna &#8211; \u00e1ll a kutat\u00e1sban.<\/p>\n<p>(MTI)<\/p>\n<div class=\"o-widget m-readMoreWidget -readMore u-shortDecorLineAfter row widget-container _ce_measure_widget bigdata-widget read-more\" data-ce-measure-widget=\"olvass tov\u00e1bb\">\n\t<div class=\"m-readMoreWidget__imgWrapper image-wrapper col-12 col-md-4 no-p\">\n\t\t<a class=\"m-readMoreWidget__imgLink\" href=\"https:\/\/www.startlap.hu\/vasarlas\/ikon-telefon-hotspot-akkumulator-merules\/\" >\n\t\t\t<img decoding=\"async\" src=\"https:\/\/www.startlap.hu\/vasarlas\/uploads\/2025\/12\/mobiltelefon_wifijel_-350x285.jpg\" class=\"m-readMoreWidget__img\">\n\t\t<\/a>\n\t<\/div>\n\t<div class=\"m-readMoreWidget__titleWrapper title-wrapper col-12 col-md-8\">\n\t\t<span class=\"m-readMoreWidget__titleLabel u-shortDecorLineBefore label hidden-sm-up\">Ez is \u00e9rdekelhet:<\/span>\n\t\t<h3 class=\"m-readMoreWidget__title title\">\n\t\t\t<a class=\"m-readMoreWidget__titleLink -secondFont u-bold u-upperCase\" href=\"https:\/\/www.startlap.hu\/vasarlas\/ikon-telefon-hotspot-akkumulator-merules\/\" >Ha ezt l\u00e1tod a mobilod kijelz\u0151j\u00e9n, kezdhetsz agg\u00f3dni: rejtett energiafal\u00f3 dolgozik a telefonodon<\/a>\n\t\t<\/h3>\n\t\t<a class=\"m-readMoreWidget__btn -coloredBack u-tC link\" href=\"https:\/\/www.startlap.hu\/vasarlas\/ikon-telefon-hotspot-akkumulator-merules\/\" >Elolvasom<\/a>\n\t<\/div>\n<\/div>\n","protected":false},"excerpt":{"rendered":"<p>Egyre t\u00f6bben haszn\u00e1lnak korl\u00e1tlan mobilszolg\u00e1ltat\u00e1sokat k\u00edn\u00e1l\u00f3 tarifacsomagot, de az \u00e9rintett fogyaszt\u00f3k mintegy fel\u00e9nek valamilyen fix adatkeretes el\u0151fizet\u00e9s is el\u00e9g lenne &#8211; \u00e1llap\u00edtotta meg a Nemzeti M\u00e9dia- \u00e9s H\u00edrk\u00f6zl\u00e9si Hat\u00f3s\u00e1g (NMHH) friss tanulm\u00e1nya. <\/p>\n","protected":false},"author":14,"featured_media":2276135,"comment_status":"closed","ping_status":"closed","sticky":false,"template":"","format":"standard","meta":{"footnotes":""},"categories":[8180],"tags":[18701,11155,14372,844,19249,18002,14629,6936,4065],"class_list":["post-2276114","post","type-post","status-publish","format-standard","has-post-thumbnail","hentry","category-trending","tag-4g","tag-5g","tag-elofizetes","tag-internet","tag-korlatlan","tag-mobilinternet","tag-mobilnet","tag-nmhh","tag-okostelefon"],"aioseo_notices":[],"_links":{"self":[{"href":"https:\/\/www.startlap.hu\/vasarlas\/wp-json\/wp\/v2\/posts\/2276114","targetHints":{"allow":["GET"]}}],"collection":[{"href":"https:\/\/www.startlap.hu\/vasarlas\/wp-json\/wp\/v2\/posts"}],"about":[{"href":"https:\/\/www.startlap.hu\/vasarlas\/wp-json\/wp\/v2\/types\/post"}],"author":[{"embeddable":true,"href":"https:\/\/www.startlap.hu\/vasarlas\/wp-json\/wp\/v2\/users\/14"}],"replies":[{"embeddable":true,"href":"https:\/\/www.startlap.hu\/vasarlas\/wp-json\/wp\/v2\/comments?post=2276114"}],"version-history":[{"count":2,"href":"https:\/\/www.startlap.hu\/vasarlas\/wp-json\/wp\/v2\/posts\/2276114\/revisions"}],"predecessor-version":[{"id":2276140,"href":"https:\/\/www.startlap.hu\/vasarlas\/wp-json\/wp\/v2\/posts\/2276114\/revisions\/2276140"}],"wp:featuredmedia":[{"embeddable":true,"href":"https:\/\/www.startlap.hu\/vasarlas\/wp-json\/wp\/v2\/media\/2276135"}],"wp:attachment":[{"href":"https:\/\/www.startlap.hu\/vasarlas\/wp-json\/wp\/v2\/media?parent=2276114"}],"wp:term":[{"taxonomy":"category","embeddable":true,"href":"https:\/\/www.startlap.hu\/vasarlas\/wp-json\/wp\/v2\/categories?post=2276114"},{"taxonomy":"post_tag","embeddable":true,"href":"https:\/\/www.startlap.hu\/vasarlas\/wp-json\/wp\/v2\/tags?post=2276114"}],"curies":[{"name":"wp","href":"https:\/\/api.w.org\/{rel}","templated":true}]}}