{"id":2276047,"date":"2026-01-23T19:33:57","date_gmt":"2026-01-23T18:33:57","guid":{"rendered":"https:\/\/www.startlap.hu\/vasarlas\/?p=2276047"},"modified":"2026-01-23T18:07:49","modified_gmt":"2026-01-23T17:07:49","slug":"retro-vintage-porcelan-keramia-edeny-olom-mergezo","status":"publish","type":"post","link":"https:\/\/www.startlap.hu\/vasarlas\/retro-vintage-porcelan-keramia-edeny-olom-mergezo\/","title":{"rendered":"Ez\u00e9rt nem szabad bolhapiaci porcel\u00e1nb\u00f3l enni: \u00e9letvesz\u00e9lyes lehet"},"content":{"rendered":"<p>A <a href=\"https:\/\/www.startlap.hu\/vasarlas\/retro-nosztalgia-porcelan-bogre-bolt-vasarlas-webaruhaz\/\" target=\"_blank\" rel=\"noopener\">retr\u00f3 porcel\u00e1n- \u00e9s ker\u00e1miaed\u00e9nyek<\/a> \u2013 nosztalgikus mint\u00e1ikkal, pasztellsz\u00edneikkel vagy aranyszeg\u00e9lyeikkel \u2013 egyre n\u00e9pszer\u0171bbek, \u00e9s gyakran kedvez\u0151 \u00e1ron beszerezhet\u0151k bolhapiacokon vagy haszn\u00e1lt\u00e1ru-\u00fczletekben. Azonban ezek a r\u00e9gi t\u00e1ny\u00e9rok \u00e9s cs\u00e9sz\u00e9k nemcsak sz\u00e9pek, hanem <strong>potenci\u00e1lisan vesz\u00e9lyesek is lehetnek<\/strong>, mert m\u00e9rgez\u0151 anyagokat tartalmazhatnak.<\/p>\n<div class=\"o-widget m-readMoreWidget -readMore u-shortDecorLineAfter row widget-container _ce_measure_widget bigdata-widget read-more\" data-ce-measure-widget=\"olvass tov\u00e1bb\">\n\t<div class=\"m-readMoreWidget__imgWrapper image-wrapper col-12 col-md-4 no-p\">\n\t\t<a class=\"m-readMoreWidget__imgLink\" href=\"https:\/\/www.startlap.hu\/vasarlas\/indukcios-fozolap-sutes-konyha-gaz\/\" >\n\t\t\t<img decoding=\"async\" src=\"https:\/\/www.startlap.hu\/vasarlas\/uploads\/2026\/01\/GettyImages-1318880219_11zon-350x285.jpg\" class=\"m-readMoreWidget__img\">\n\t\t<\/a>\n\t<\/div>\n\t<div class=\"m-readMoreWidget__titleWrapper title-wrapper col-12 col-md-8\">\n\t\t<span class=\"m-readMoreWidget__titleLabel u-shortDecorLineBefore label hidden-sm-up\">Ez is \u00e9rdekelhet:<\/span>\n\t\t<h3 class=\"m-readMoreWidget__title title\">\n\t\t\t<a class=\"m-readMoreWidget__titleLink -secondFont u-bold u-upperCase\" href=\"https:\/\/www.startlap.hu\/vasarlas\/indukcios-fozolap-sutes-konyha-gaz\/\" >Elk\u00f6sz\u00f6nhet\u00fcnk az indukci\u00f3s f\u0151z\u0151lapt\u00f3l? Az okok, amelyek miatt egyre t\u00f6bben mondanak r\u00e1 nemet<\/a>\n\t\t<\/h3>\n\t\t<a class=\"m-readMoreWidget__btn -coloredBack u-tC link\" href=\"https:\/\/www.startlap.hu\/vasarlas\/indukcios-fozolap-sutes-konyha-gaz\/\" >Elolvasom<\/a>\n\t<\/div>\n<\/div>\n<h2>\u00d3lmot tartalmazhatnak<\/h2>\n<p>A kor\u00e1bbi gy\u00e1rt\u00e1si folyamatokban gyakran jelen volt a mostanra m\u00e1r m\u00e9rgez\u0151 anyagnak sz\u00e1m\u00edt\u00f3 <strong>\u00f3lom<\/strong>: ez \u00e1ltal\u00e1ban nem mag\u00e1ban az <a href=\"https:\/\/www.startlap.hu\/vasarlas\/falra-szerelheto-edeny-szarito-csopogteto-konyha\/\" target=\"_blank\" rel=\"noopener\">ed\u00e9ny<\/a> anyag\u00e1ban, hanem a m\u00e1zban tal\u00e1lhat\u00f3, amelyet r\u00e9gen haszn\u00e1ltak a f\u00e9nyes fel\u00fclet \u00e9s az \u00e9l\u00e9nk sz\u00ednek meg\u0151rz\u00e9s\u00e9re. A val\u00f3di kock\u00e1zat nem puszt\u00e1n az \u00f3lom jelenl\u00e9te, hanem az, hogy <strong>bizonyos k\u00f6r\u00fclm\u00e9nyek k\u00f6z\u00f6tt \u2013 p\u00e9ld\u00e1ul \u00e9tellel \u00e9rintkezve \u2013 kiold\u00f3dhat, \u00e9s beker\u00fclhet az \u00e9telekbe.<\/strong> Szak\u00e9rt\u0151k szerint nemcsak \u00f3lom, hanem m\u00e1s neh\u00e9zf\u00e9mek, p\u00e9ld\u00e1ul arz\u00e9n vagy nikkel is felszabadulhatnak a m\u00e1zb\u00f3l.<\/p>\n<blockquote class=\"article__extraTxt\"><p>A vesz\u00e9ly jelent\u0151s, mert az \u00f3lom hossz\u00fa ideig felhalmoz\u00f3dhat a szervezetben, \u00e9s tart\u00f3s terhel\u00e9st okozhat.<\/p><\/blockquote>\n<p>Kr\u00f3nikus bevitel eset\u00e9n t\u00f6bb szervrendszert is \u00e9rinthet, k\u00fcl\u00f6n\u00f6sen az idegrendszert, ez\u00e9rt a t\u00fcnetek nem felt\u00e9tlen\u00fcl azonnal, hanem hossz\u00fa t\u00e1von jelentkeznek.<\/p>\n<figure id=\"attachment_2276049\" aria-describedby=\"caption-attachment-2276049\" style=\"width: 755px\" class=\"wp-caption alignnone\"><a href=\"https:\/\/www.startlap.hu\/vasarlas\/uploads\/2026\/01\/retro-porcelan-tanyer.jpg\"><img loading=\"lazy\" decoding=\"async\" class=\"size-article-size-large-image wp-image-2276049\" src=\"https:\/\/www.startlap.hu\/vasarlas\/uploads\/2026\/01\/retro-porcelan-tanyer-755x503.jpg\" alt=\"\" width=\"755\" height=\"503\" srcset=\"https:\/\/www.startlap.hu\/vasarlas\/uploads\/2026\/01\/retro-porcelan-tanyer-755x503.jpg 755w, https:\/\/www.startlap.hu\/vasarlas\/uploads\/2026\/01\/retro-porcelan-tanyer-1536x1024.jpg 1536w, https:\/\/www.startlap.hu\/vasarlas\/uploads\/2026\/01\/retro-porcelan-tanyer-2048x1365.jpg 2048w, https:\/\/www.startlap.hu\/vasarlas\/uploads\/2026\/01\/retro-porcelan-tanyer-525x350.jpg 525w\" sizes=\"auto, (max-width: 755px) 100vw, 755px\" \/><\/a><figcaption id=\"caption-attachment-2276049\" class=\"wp-caption-text\">Fot\u00f3: Getty Images<\/figcaption><\/figure>\n<p>Fokozott \u00f3vatoss\u00e1g sz\u00fcks\u00e9ges azokn\u00e1l az ed\u00e9nyekn\u00e9l, amelyek eredete vagy kora nem ismert. Ide tartoznak p\u00e9ld\u00e1ul az <strong>utaz\u00e1sr\u00f3l hozott szuven\u00edrek, bolhapiaci vagy haszn\u00e1lt darabok, illetve \u00f6r\u00f6k\u00f6lt, jel\u00f6letlen t\u00e1ny\u00e9rok, cs\u00e9sz\u00e9k \u00e9s t\u00e1lak.<\/strong> Ezekn\u00e9l nagyobb es\u00e9llyel fordulhat el\u0151, hogy a m\u00e1z vesz\u00e9lyes anyagokat tartalmaz.<\/p>\n<h2>Nem \u00e9rdemes mindennap haszn\u00e1lni<\/h2>\n<p>A retr\u00f3 ed\u00e9nyek alkalmank\u00e9nti haszn\u00e1lata nem felt\u00e9tlen\u00fcl okoz bajt, de a mindennapi \u00e9tkez\u00e9shez nem mindig aj\u00e1nlottak. K\u00fcl\u00f6n\u00f6sen kock\u00e1zatos lehet, ha az \u00e9tel hosszabb ideig \u00e9rintkezik a m\u00e1zzal, vagy ha forr\u00f3, savas vagy s\u00f3s \u00e9teleket \u00e9s italokat t\u00e1lalnak benn\u00fck, illetve ha a m\u00e1z s\u00e9r\u00fclt vagy repedezett.<\/p>\n<p><strong>Az interneten kaphat\u00f3 otthoni \u00f3lomtesztek csak korl\u00e1tozottan megb\u00edzhat\u00f3k<\/strong>, mivel sok esetben nem mutatj\u00e1k ki a m\u00e1zban k\u00f6t\u00f6tt \u00f3lmot, vagy csak nagyon magas szennyezetts\u00e9gn\u00e9l jeleznek. Ez hamis biztons\u00e1g\u00e9rzetet adhat, ez\u00e9rt<\/p>\n<blockquote class=\"article__extraTxt\"><p>a legbiztosabb megold\u00e1s a laborat\u00f3riumban bevizsg\u00e1lt ed\u00e9nyek haszn\u00e1lata,<\/p><\/blockquote>\n<p>a r\u00e9gi, bizonytalan eredet\u0171 darabokat pedig ink\u00e1bb dekor\u00e1ci\u00f3k\u00e9nt \u00e9rdemes megtartani.<\/p>\n<p><a href=\"https:\/\/www.heute.at\/s\/wieso-du-von-flohmarkt-porzellan-nicht-essen-solltest-120156622\" target=\"_blank\" target=\"_blank\" rel=\"noopener\">via<\/a><\/p>\n<div class=\"o-widget m-readMoreWidget -readMore u-shortDecorLineAfter row widget-container _ce_measure_widget bigdata-widget read-more\" data-ce-measure-widget=\"olvass tov\u00e1bb\">\n\t<div class=\"m-readMoreWidget__imgWrapper image-wrapper col-12 col-md-4 no-p\">\n\t\t<a class=\"m-readMoreWidget__imgLink\" href=\"https:\/\/www.startlap.hu\/vasarlas\/holapat-helyett-hotolo-kerekes\/\" >\n\t\t\t<img decoding=\"async\" src=\"https:\/\/www.startlap.hu\/vasarlas\/uploads\/2026\/01\/holapatolas-350x285.jpg\" class=\"m-readMoreWidget__img\">\n\t\t<\/a>\n\t<\/div>\n\t<div class=\"m-readMoreWidget__titleWrapper title-wrapper col-12 col-md-8\">\n\t\t<span class=\"m-readMoreWidget__titleLabel u-shortDecorLineBefore label hidden-sm-up\">Ez is \u00e9rdekelhet:<\/span>\n\t\t<h3 class=\"m-readMoreWidget__title title\">\n\t\t\t<a class=\"m-readMoreWidget__titleLink -secondFont u-bold u-upperCase\" href=\"https:\/\/www.startlap.hu\/vasarlas\/holapat-helyett-hotolo-kerekes\/\" >Az osztr\u00e1kok m\u00e1r ezt haszn\u00e1lj\u00e1k h\u00f3lap\u00e1t helyett: mintha var\u00e1zs\u00fct\u00e9sre t\u00fcntetn\u00e9 el a havat<\/a>\n\t\t<\/h3>\n\t\t<a class=\"m-readMoreWidget__btn -coloredBack u-tC link\" href=\"https:\/\/www.startlap.hu\/vasarlas\/holapat-helyett-hotolo-kerekes\/\" >Elolvasom<\/a>\n\t<\/div>\n<\/div>\n","protected":false},"excerpt":{"rendered":"<p>A r\u00e9gi porcel\u00e1nok sok h\u00e1ztart\u00e1s szeretett kieg\u00e9sz\u00edt\u0151i: nem \u00e9rdemes azonban t\u00fal gyakran haszn\u00e1lni \u0151ket, mert m\u00e9rgez\u0151 anyagokat tartalmazhatnak.<\/p>\n","protected":false},"author":63,"featured_media":2276049,"comment_status":"closed","ping_status":"closed","sticky":false,"template":"","format":"standard","meta":{"footnotes":""},"categories":[8180],"tags":[10094,1944,3676,4157,4688],"class_list":["post-2276047","post","type-post","status-publish","format-standard","has-post-thumbnail","hentry","category-trending","tag-edeny","tag-mergezo","tag-porcelan","tag-retro","tag-vintage"],"aioseo_notices":[],"_links":{"self":[{"href":"https:\/\/www.startlap.hu\/vasarlas\/wp-json\/wp\/v2\/posts\/2276047","targetHints":{"allow":["GET"]}}],"collection":[{"href":"https:\/\/www.startlap.hu\/vasarlas\/wp-json\/wp\/v2\/posts"}],"about":[{"href":"https:\/\/www.startlap.hu\/vasarlas\/wp-json\/wp\/v2\/types\/post"}],"author":[{"embeddable":true,"href":"https:\/\/www.startlap.hu\/vasarlas\/wp-json\/wp\/v2\/users\/63"}],"replies":[{"embeddable":true,"href":"https:\/\/www.startlap.hu\/vasarlas\/wp-json\/wp\/v2\/comments?post=2276047"}],"version-history":[{"count":5,"href":"https:\/\/www.startlap.hu\/vasarlas\/wp-json\/wp\/v2\/posts\/2276047\/revisions"}],"predecessor-version":[{"id":2276132,"href":"https:\/\/www.startlap.hu\/vasarlas\/wp-json\/wp\/v2\/posts\/2276047\/revisions\/2276132"}],"wp:featuredmedia":[{"embeddable":true,"href":"https:\/\/www.startlap.hu\/vasarlas\/wp-json\/wp\/v2\/media\/2276049"}],"wp:attachment":[{"href":"https:\/\/www.startlap.hu\/vasarlas\/wp-json\/wp\/v2\/media?parent=2276047"}],"wp:term":[{"taxonomy":"category","embeddable":true,"href":"https:\/\/www.startlap.hu\/vasarlas\/wp-json\/wp\/v2\/categories?post=2276047"},{"taxonomy":"post_tag","embeddable":true,"href":"https:\/\/www.startlap.hu\/vasarlas\/wp-json\/wp\/v2\/tags?post=2276047"}],"curies":[{"name":"wp","href":"https:\/\/api.w.org\/{rel}","templated":true}]}}