{"id":2276004,"date":"2026-01-25T06:33:36","date_gmt":"2026-01-25T05:33:36","guid":{"rendered":"https:\/\/www.startlap.hu\/vasarlas\/?p=2276004"},"modified":"2026-01-23T13:12:52","modified_gmt":"2026-01-23T12:12:52","slug":"lidl-parkside-szerszamok-titkok-barkacs","status":"publish","type":"post","link":"https:\/\/www.startlap.hu\/vasarlas\/lidl-parkside-szerszamok-titkok-barkacs\/","title":{"rendered":"Ki \u00e1ll val\u00f3j\u00e1ban a Parkside szersz\u00e1mm\u00e1rka m\u00f6g\u00f6tt?"},"content":{"rendered":"<p>A Parkside az elm\u00falt \u00e9vekben komoly alternat\u00edv\u00e1v\u00e1 v\u00e1lt az olyan j\u00f3l ismert szersz\u00e1mm\u00e1rk\u00e1k mellett, mint a <a href=\"https:\/\/www.startlap.hu\/vasarlas\/legjobb-beepitheto-sutok-2025\/\" target=\"_blank\" rel=\"noopener\">Bosch<\/a> vagy a Makita. A k\u00edn\u00e1lat sz\u00e9les: kerti g\u00e9pek, elektromos <a href=\"https:\/\/www.startlap.hu\/vasarlas\/praktiker-szerszamok-kertes-haz-barkacsolas\/\" target=\"_blank\" rel=\"noopener\">k\u00e9ziszersz\u00e1mok<\/a> \u00e9s fest\u00e9si kell\u00e9kek egyar\u00e1nt megtal\u00e1lhat\u00f3k benne. 2023-ban a m\u00e1rka m\u00e9g nagyobb reflektorf\u00e9nybe ker\u00fclt, amikor Arnold Schwarzenegger lett a Parkside arca. Az Euromonitor tanulm\u00e1nya szerint m\u00e1ra Eur\u00f3pa egyik legnagyobb p\u00e9ld\u00e1nysz\u00e1mban eladott bark\u00e1csm\u00e1rk\u00e1ja. Ennek egyik oka az \u00e1r: <strong>a Parkside term\u00e9kei j\u00f3val olcs\u00f3bbak a versenyt\u00e1rsakn\u00e1l.<\/strong> De mi a helyzet a min\u0151s\u00e9ggel, \u00e9s hol k\u00e9sz\u00fclnek val\u00f3j\u00e1ban ezek a szersz\u00e1mok?&nbsp;<\/p>\n<div class=\"o-widget m-readMoreWidget -readMore u-shortDecorLineAfter row widget-container _ce_measure_widget bigdata-widget read-more\" data-ce-measure-widget=\"olvass tov\u00e1bb\">\n\t<div class=\"m-readMoreWidget__imgWrapper image-wrapper col-12 col-md-4 no-p\">\n\t\t<a class=\"m-readMoreWidget__imgLink\" href=\"https:\/\/www.startlap.hu\/vasarlas\/mosas-ruhaszaritas-trukk-japan-modszer\/\" >\n\t\t\t<img decoding=\"async\" src=\"https:\/\/www.startlap.hu\/vasarlas\/uploads\/2025\/03\/szennyes-350x285.jpg\" class=\"m-readMoreWidget__img\">\n\t\t<\/a>\n\t<\/div>\n\t<div class=\"m-readMoreWidget__titleWrapper title-wrapper col-12 col-md-8\">\n\t\t<span class=\"m-readMoreWidget__titleLabel u-shortDecorLineBefore label hidden-sm-up\">Ez is \u00e9rdekelhet:<\/span>\n\t\t<h3 class=\"m-readMoreWidget__title title\">\n\t\t\t<a class=\"m-readMoreWidget__titleLink -secondFont u-bold u-upperCase\" href=\"https:\/\/www.startlap.hu\/vasarlas\/mosas-ruhaszaritas-trukk-japan-modszer\/\" >A jap\u00e1nok ruhasz\u00e1r\u00edt\u00e1si m\u00f3dszer\u00e9n \u00e1mul a vil\u00e1g &#8211; nincs sz\u00fcks\u00e9ged dr\u00e1ga sz\u00e1r\u00edt\u00f3g\u00e9pre, hogy r\u00f6vid id\u0151 alatt el\u00e9rd a k\u00edv\u00e1nt hat\u00e1st<\/a>\n\t\t<\/h3>\n\t\t<a class=\"m-readMoreWidget__btn -coloredBack u-tC link\" href=\"https:\/\/www.startlap.hu\/vasarlas\/mosas-ruhaszaritas-trukk-japan-modszer\/\" >Elolvasom<\/a>\n\t<\/div>\n<\/div>\n<h2>Mit\u0151l olyan k\u00fcl\u00f6nleges a Parkside?<\/h2>\n<p>Egy akkumul\u00e1toros csavarbehajt\u00f3\u00e9rt vagy dekop\u00edrf\u0171r\u00e9sz\u00e9rt \u00e1ltal\u00e1ban bark\u00e1cs\u00e1ruh\u00e1zba megy az ember \u2013 a Parkside eset\u00e9ben azonban el\u00e9g bet\u00e9rni a diszkontba. A m\u00e1rka szersz\u00e1mai ugyanis els\u0151sorban a Lidl polcain \u00e9rhet\u0151k el. \u201eA Parkside a <a href=\"https:\/\/www.startlap.hu\/vasarlas\/lidl-meropohar-konyha-sutes-fozes-akcio\/\" target=\"_blank\" rel=\"noopener\">Lidl<\/a> saj\u00e1t m\u00e1rk\u00e1j\u00e1b\u00f3l \u00f6n\u00e1ll\u00f3 bark\u00e1csm\u00e1rk\u00e1v\u00e1 n\u0151tte ki mag\u00e1t\u201d \u2013 \u00e1rulta el a c\u00e9g. A c\u00e9l az, hogy a term\u00e9kek \u201etechnikailag meggy\u0151z\u0151ek legyenek \u00e9s ugyanakkor m\u00e9gis megfizethet\u0151 alternat\u00edv\u00e1t jelentsenek\u201d p\u00e9ld\u00e1ul a Bosch vagy a Makita eszk\u00f6zeivel szemben.<\/p>\n<p>2023 tavasza \u00f3ta a Parkside m\u00e1r nemcsak a Lidlben, hanem a Kaufland \u00fczleteiben is kaphat\u00f3. Emellett az eszk\u00f6z\u00f6k a Lidl \u00e9s a Kaufland web\u00e1ruh\u00e1zaiban is megrendelhet\u0151k.<\/p>\n<h2>Kiknek k\u00e9sz\u00fclnek a Parkside szersz\u00e1mok?<\/h2>\n<p>A gy\u00e1rt\u00f3 szerint a Parkside term\u00e9kei mindenkinek sz\u00f3lnak, \u201eaki sz\u00edvesen ny\u00fal szersz\u00e1mhoz, \u00e9s otthon vagy a kertben maga jav\u00edtja meg a dolgokat, \u00f6r\u00f6mmel \u00e9p\u00edt vagy kert\u00e9szkedik\u201d. A m\u00e1rka \u00e1ll\u00edt\u00e1sa szerint a k\u00edn\u00e1lat egyar\u00e1nt megfelel\u0151 kezd\u0151knek \u00e9s tapasztaltabb felhaszn\u00e1l\u00f3knak is.<\/p>\n<blockquote class=\"article__extraTxt\"><p>Min\u0151s\u00e9g tekintet\u00e9ben a Parkside sok esetben felveszi a versenyt a dr\u00e1g\u00e1bb gy\u00e1rt\u00f3kkal, s\u0151t egyes term\u00e9kek a magasabb \u00e1rkateg\u00f3ri\u00e1ban is meg\u00e1llj\u00e1k a hely\u00fcket.<\/p><\/blockquote>\n<h2>Milyen term\u00e9keket k\u00edn\u00e1l a Parkside?<\/h2>\n<p>A v\u00e1laszt\u00e9k kifejezetten sz\u00e9les: a kisebb kerti seg\u00e9deszk\u00f6z\u00f6kt\u0151l kezdve a nagyobb g\u00e9pekig \u2013 p\u00e9ld\u00e1ul l\u00e1ncf\u0171r\u00e9szekig vagy f\u0171ny\u00edr\u00f3kig \u2013 minden megtal\u00e1lhat\u00f3. Emellett k\u00e9zi \u00e9s elektromos szersz\u00e1mok, valamint speci\u00e1lis eszk\u00f6z\u00f6k, p\u00e9ld\u00e1ul fels\u0151mar\u00f3k is szerepelnek a k\u00edn\u00e1latban.<\/p>\n<p>A term\u00e9kpaletta sok tekintetben hasonl\u00edt a nevesebb szersz\u00e1mm\u00e1rk\u00e1k k\u00edn\u00e1lat\u00e1hoz, ami nem v\u00e9letlen: a Parkside tudatosan k\u00f6veti a piacvezet\u0151k trendjeit.<\/p>\n<figure id=\"attachment_2276006\" aria-describedby=\"caption-attachment-2276006\" style=\"width: 755px\" class=\"wp-caption alignnone\"><img loading=\"lazy\" decoding=\"async\" class=\"size-article-size-large-image wp-image-2276006\" src=\"https:\/\/www.startlap.hu\/vasarlas\/uploads\/2026\/01\/GettyImages-1200225496-755x566.jpg\" alt=\"Parkside f\u00far\u00f3\" width=\"755\" height=\"566\" srcset=\"https:\/\/www.startlap.hu\/vasarlas\/uploads\/2026\/01\/GettyImages-1200225496-755x566.jpg 755w, https:\/\/www.startlap.hu\/vasarlas\/uploads\/2026\/01\/GettyImages-1200225496-85x65.jpg 85w, https:\/\/www.startlap.hu\/vasarlas\/uploads\/2026\/01\/GettyImages-1200225496-467x350.jpg 467w, https:\/\/www.startlap.hu\/vasarlas\/uploads\/2026\/01\/GettyImages-1200225496.jpg 1024w\" sizes=\"auto, (max-width: 755px) 100vw, 755px\" \/><figcaption id=\"caption-attachment-2276006\" class=\"wp-caption-text\">Fot\u00f3: Getty Images<\/figcaption><\/figure>\n<h2>L\u00e9tezik professzion\u00e1lis Parkside sz\u00e9ria?<\/h2>\n<p>Az alapv\u00e1ltozatok mellett el\u00e9rhet\u0151 a Parkside Performance term\u00e9kvonal is, amely a gy\u00e1rt\u00f3 szerint <strong>k\u00fcl\u00f6n\u00f6sen nagy teljes\u00edtm\u00e9ny\u0171 elektromos szersz\u00e1mokat k\u00edn\u00e1l.<\/strong> Az azonban k\u00e9rd\u00e9ses, hogy a profi szakemberek val\u00f3ban ezeket haszn\u00e1lj\u00e1k-e napi szinten az \u00e9p\u00edtkez\u00e9seken.<\/p>\n<p>Az sem mindig egy\u00e9rtelm\u0171, pontosan miben k\u00fcl\u00f6nb\u00f6znek az alap- \u00e9s a Performance-v\u00e1ltozatok, mivel bizonyos term\u00e9kekn\u00e9l a r\u00e9szletek kev\u00e9sb\u00e9 \u00e1tl\u00e1that\u00f3k.<\/p>\n<h2>Ki gy\u00e1rtja val\u00f3j\u00e1ban a Parkside szersz\u00e1mokat?<\/h2>\n<p>A Parkside hivatalos weboldal\u00e1nak impresszuma alapj\u00e1n a m\u00e1rka m\u00f6g\u00f6tt a Lidl Stiftung &amp; Co. KG \u00e1ll. A Lidl \u00e9s a Kaufland egyar\u00e1nt a Schwarz-csoporthoz tartozik, ami magyar\u00e1zza, mi\u00e9rt \u00e9rhet\u0151k el a szersz\u00e1mok mindk\u00e9t \u00e1ruh\u00e1zl\u00e1ncn\u00e1l.<\/p>\n<p>De ki k\u00e9sz\u00edti t\u00e9nylegesen a g\u00e9peket? Sok bark\u00e1csol\u00f3 felt\u00e9telezi, hogy valamelyik nagy gy\u00e1rt\u00f3 \u2013 p\u00e9ld\u00e1ul a Bosch Power Tools vagy az Einhell \u2013 \u00e1llhat a h\u00e1tt\u00e9rben. A Bosch elismerte egy\u00e9bk\u00e9nt, hogy felt\u0171n\u0151 a hasonl\u00f3s\u00e1g egyes z\u00f6ld sz\u00e9ri\u00e1s term\u00e9keikkel, \u00e9s ahol jogilag indokolt, fel is l\u00e9pnek ellene.<\/p>\n<h2>Hol k\u00e9sz\u00fclnek a Parkside eszk\u00f6z\u00f6k?<\/h2>\n<p>A pontos gy\u00e1rt\u00e1si helyet a Parkside nem hozza nyilv\u00e1noss\u00e1gra. Mivel azonban a szersz\u00e1miparban sz\u00e1mos alkatr\u00e9sz \u00c1zsi\u00e1b\u00f3l sz\u00e1rmazik, val\u00f3sz\u00edn\u0171s\u00edthet\u0151, hogy ez a Parkside eset\u00e9ben sincs m\u00e1sk\u00e9nt.<\/p>\n<blockquote class=\"article__extraTxt\"><p>A m\u00e1rka ugyanakkor el\u00e1rulta: t\u00f6bb besz\u00e1ll\u00edt\u00f3val dolgoznak, \u00e9s a konkr\u00e9t gy\u00e1rt\u00f3 neve minden term\u00e9k csomagol\u00e1s\u00e1n szerepel.<\/p><\/blockquote>\n<p>Egy Parkside akkumul\u00e1toros k\u00e9ziporsz\u00edv\u00f3 doboz\u00e1n p\u00e9ld\u00e1ul a Grizzly neve volt felt\u00fcntetve gy\u00e1rt\u00f3k\u00e9nt.<\/p>\n<p>Olvas\u00f3i visszajelz\u00e9sek alapj\u00e1n a Parkside kapcsolatban \u00e1llhat a Grizzly Tools \u00e9s a Scheppach m\u00e1rk\u00e1kkal is. A Grizzly weboldal\u00e1n k\u00fcl\u00f6n Parkside-kateg\u00f3ria is tal\u00e1lhat\u00f3, \u00e9s egy 2021-es Lidl-sajt\u00f3k\u00f6zlem\u00e9ny szint\u00e9n \u00f6sszek\u00f6ti a k\u00e9t nevet. Egyes Scheppach g\u00e9pekr\u0151l pedig azt \u00e1ll\u00edtj\u00e1k, hogy konstrukci\u00f3juk szinte megegyezik a Parkside eszk\u00f6zeivel. A Scheppach megkeres\u00e9sre eddig nem reag\u00e1lt. A Parkside hangs\u00falyozza: a term\u00e9kk\u00edn\u00e1lat kialak\u00edt\u00e1sa, a m\u0171szaki specifik\u00e1ci\u00f3k fejleszt\u00e9se \u00e9s a min\u0151s\u00e9gellen\u0151rz\u00e9s minden esetben a m\u00e1rka kez\u00e9ben marad.<\/p>\n<h2>Kompatibilisek a Parkside akkuk m\u00e1s m\u00e1rk\u00e1kkal?<\/h2>\n<p>A legt\u00f6bb gy\u00e1rt\u00f3 ma m\u00e1r saj\u00e1t akkumul\u00e1torrendszert haszn\u00e1l. A vezet\u00e9kes szersz\u00e1mok h\u00e1tt\u00e9rbe szorultak, ez\u00e9rt a Parkside is f\u0151k\u00e9nt akkumul\u00e1toros eszk\u00f6z\u00f6kre \u00e9p\u00edt.<\/p>\n<blockquote class=\"article__extraTxt\"><p>M\u00edg egyes gy\u00e1rt\u00f3k \u2013 p\u00e9ld\u00e1ul a Bosch \u00e9s a Gardena \u2013 k\u00f6z\u00f6s akkumul\u00e1tor-\u00f6kosziszt\u00e9m\u00e1t alak\u00edtottak ki, a Parkside eset\u00e9ben erre jelenleg nincs lehet\u0151s\u00e9g.<\/p><\/blockquote>\n<p>Az akkuk hivatalosan csak Parkside g\u00e9pekhez haszn\u00e1lhat\u00f3k, b\u00e1r elk\u00e9pzelhet\u0151, hogy bizonyos Grizzly vagy Scheppach eszk\u00f6z\u00f6kkel is kompatibilisek, mivel ezek k\u00fcls\u0151 gy\u00e1rt\u00f3k\u00e9nt bedolgozhatnak a m\u00e1rk\u00e1nak.<\/p>\n<h2>Mennyit \u00e9rnek val\u00f3j\u00e1ban a Parkside szersz\u00e1mok?<\/h2>\n<p>A myHOMEBOOK t\u00f6bb Parkside eszk\u00f6zt is tesztelt az elm\u00falt id\u0151szakban, k\u00f6zt\u00fck akkumul\u00e1toros \u00fctvef\u00far\u00f3-csavaroz\u00f3t, dekop\u00edrf\u0171r\u00e9szt, k\u00e9ziporsz\u00edv\u00f3t \u00e9s robotf\u0171ny\u00edr\u00f3t. Az eredm\u00e9nyek sok esetben meglep\u0151en j\u00f3k voltak. A Stiftung Warentest egy nagyszab\u00e1s\u00fa tesztj\u00e9n a Parkside akkumul\u00e1torai is kimagasl\u00f3an teljes\u00edtettek.<\/p>\n<p>A Parkside korrekt min\u0151s\u00e9get k\u00edn\u00e1l j\u00f3 \u00e1r-\u00e9rt\u00e9k ar\u00e1ny mellett.&nbsp; A profik sz\u00e1m\u00e1ra azonban tov\u00e1bbra is a dr\u00e1g\u00e1bb m\u00e1rk\u00e1k jelenthetik a biztos v\u00e1laszt\u00e1st \u2013 magasabb \u00e1ron.<\/p>\n<p><a href=\"https:\/\/www.myhomebook.de\/tools\/werkzeug\/parkside-lidl-kaufland-wer-steckt-dahinter\" target=\"_blank\" target=\"_blank\" rel=\"noopener\">via<\/a><\/p>\n<div class=\"o-widget m-readMoreWidget -readMore u-shortDecorLineAfter row widget-container _ce_measure_widget bigdata-widget read-more\" data-ce-measure-widget=\"olvass tov\u00e1bb\">\n\t<div class=\"m-readMoreWidget__imgWrapper image-wrapper col-12 col-md-4 no-p\">\n\t\t<a class=\"m-readMoreWidget__imgLink\" href=\"https:\/\/www.startlap.hu\/vasarlas\/gmai-fizetos-funkcio-ingyenes\/\" >\n\t\t\t<img decoding=\"async\" src=\"https:\/\/www.startlap.hu\/vasarlas\/uploads\/2026\/01\/gmail_logo_laptop_nagy_-350x285.jpg\" class=\"m-readMoreWidget__img\">\n\t\t<\/a>\n\t<\/div>\n\t<div class=\"m-readMoreWidget__titleWrapper title-wrapper col-12 col-md-8\">\n\t\t<span class=\"m-readMoreWidget__titleLabel u-shortDecorLineBefore label hidden-sm-up\">Ez is \u00e9rdekelhet:<\/span>\n\t\t<h3 class=\"m-readMoreWidget__title title\">\n\t\t\t<a class=\"m-readMoreWidget__titleLink -secondFont u-bold u-upperCase\" href=\"https:\/\/www.startlap.hu\/vasarlas\/gmai-fizetos-funkcio-ingyenes\/\" >A Gmail rengeteg fizet\u0151s funkci\u00f3t tesz ingyeness\u00e9<\/a>\n\t\t<\/h3>\n\t\t<a class=\"m-readMoreWidget__btn -coloredBack u-tC link\" href=\"https:\/\/www.startlap.hu\/vasarlas\/gmai-fizetos-funkcio-ingyenes\/\" >Elolvasom<\/a>\n\t<\/div>\n<\/div>\n","protected":false},"excerpt":{"rendered":"<p>A Parkside az elm\u00falt \u00e9vekben a bark\u00e1cspiac egyik nagy meglepet\u00e9se lett. De ki gy\u00e1rtja val\u00f3j\u00e1ban az olcs\u00f3 Lidl-szersz\u00e1mokat, \u00e9s mit tudnak?<\/p>\n","protected":false},"author":64,"featured_media":2276006,"comment_status":"closed","ping_status":"closed","sticky":false,"template":"","format":"standard","meta":{"footnotes":""},"categories":[8180],"tags":[280,19147,13080],"class_list":["post-2276004","post","type-post","status-publish","format-standard","has-post-thumbnail","hentry","category-trending","tag-lidl","tag-parkside","tag-szerszamok"],"aioseo_notices":[],"_links":{"self":[{"href":"https:\/\/www.startlap.hu\/vasarlas\/wp-json\/wp\/v2\/posts\/2276004","targetHints":{"allow":["GET"]}}],"collection":[{"href":"https:\/\/www.startlap.hu\/vasarlas\/wp-json\/wp\/v2\/posts"}],"about":[{"href":"https:\/\/www.startlap.hu\/vasarlas\/wp-json\/wp\/v2\/types\/post"}],"author":[{"embeddable":true,"href":"https:\/\/www.startlap.hu\/vasarlas\/wp-json\/wp\/v2\/users\/64"}],"replies":[{"embeddable":true,"href":"https:\/\/www.startlap.hu\/vasarlas\/wp-json\/wp\/v2\/comments?post=2276004"}],"version-history":[{"count":6,"href":"https:\/\/www.startlap.hu\/vasarlas\/wp-json\/wp\/v2\/posts\/2276004\/revisions"}],"predecessor-version":[{"id":2276103,"href":"https:\/\/www.startlap.hu\/vasarlas\/wp-json\/wp\/v2\/posts\/2276004\/revisions\/2276103"}],"wp:featuredmedia":[{"embeddable":true,"href":"https:\/\/www.startlap.hu\/vasarlas\/wp-json\/wp\/v2\/media\/2276006"}],"wp:attachment":[{"href":"https:\/\/www.startlap.hu\/vasarlas\/wp-json\/wp\/v2\/media?parent=2276004"}],"wp:term":[{"taxonomy":"category","embeddable":true,"href":"https:\/\/www.startlap.hu\/vasarlas\/wp-json\/wp\/v2\/categories?post=2276004"},{"taxonomy":"post_tag","embeddable":true,"href":"https:\/\/www.startlap.hu\/vasarlas\/wp-json\/wp\/v2\/tags?post=2276004"}],"curies":[{"name":"wp","href":"https:\/\/api.w.org\/{rel}","templated":true}]}}