{"id":2275869,"date":"2026-01-19T15:03:34","date_gmt":"2026-01-19T14:03:34","guid":{"rendered":"https:\/\/www.startlap.hu\/vasarlas\/?p=2275869"},"modified":"2026-01-19T15:03:34","modified_gmt":"2026-01-19T14:03:34","slug":"m1-autopalya-matrica-felaron-hol-ervenyes","status":"publish","type":"post","link":"https:\/\/www.startlap.hu\/vasarlas\/m1-autopalya-matrica-felaron-hol-ervenyes\/","title":{"rendered":"Aut\u00f3sok, figyelem! 14 ezer forintot bukhat, aki nem tud err\u0151l"},"content":{"rendered":"<p>Az aut\u00f3sok jelent\u0151s h\u00e1nyada tov\u00e1bbra sincs tiszt\u00e1ban azzal, hogy az <strong>\u00fajonnan bevezetett <a href=\"https:\/\/www.startlap.hu\/vasarlas\/itt-az-uj-autopalya-matrica-15-ezer-forintba-kerul\/\" target=\"_blank\" rel=\"noopener\">M1<\/a><a href=\"https:\/\/www.startlap.hu\/vasarlas\/itt-az-uj-autopalya-matrica-15-ezer-forintba-kerul\/\" target=\"_blank\" rel=\"noopener\"> matrica<\/a><\/strong> mind a n\u00e9gy \u00e9rintett v\u00e1rmegye fizet\u0151s \u00fatjaira \u00e9rv\u00e9nyes.&nbsp;<\/p>\n<p>Az <a href=\"https:\/\/www.autopalyamatrica.hu\/hirek\/meg-mindig-sokan-nem-tudjak-hogy-az-m1-re-felaron-veheto-a-matrica\" target=\"_blank\" target=\"_blank\" rel=\"noopener\">autopalyamatrica.hu<\/a> szakport\u00e1l statisztik\u00e1i alapj\u00e1n <strong>rengetegen vesznek k\u00fcl\u00f6n-k\u00fcl\u00f6n v\u00e1rmegyei matric\u00e1kat, mik\u00f6zben kett\u0151 l\u00e9nyeg\u00e9ben ugyanannyiba ker\u00fcl, mint az M1 matrica, h\u00e1rom v\u00e1s\u00e1rl\u00e1sa eset\u00e9n t\u00f6bb mint 6 ezer forintos a r\u00e1fizet\u00e9s, n\u00e9gyn\u00e9l pedig m\u00e1r 14 ezer forint a vesztes\u00e9g<\/strong>. Nem ez az egyetlen \u00fajdons\u00e1g, amit nem ismernek: sok aut\u00f3s arr\u00f3l sem tud, hogy a 61 700 forintba ker\u00fcl\u0151, \u00e9ves orsz\u00e1gos matrica m\u00e1r r\u00e9szletfizet\u00e9ssel is el\u00e9rhet\u0151.<\/p>\n<figure id=\"attachment_2275886\" aria-describedby=\"caption-attachment-2275886\" style=\"width: 755px\" class=\"wp-caption alignnone\"><a href=\"https:\/\/www.startlap.hu\/vasarlas\/uploads\/2026\/01\/m1-autopalya-scaled.jpg\"><img loading=\"lazy\" decoding=\"async\" class=\"size-article-size-large-image wp-image-2275886\" src=\"https:\/\/www.startlap.hu\/vasarlas\/uploads\/2026\/01\/m1-autopalya-755x503.jpg\" alt=\"Az M1-es aut\u00f3p\u00e1lya fel\u00faj\u00edt\u00e1si munk\u00e1latai miatti \u00fatterel\u00e9s az \u00d3barok lehajt\u00f3n\u00e1l\" width=\"755\" height=\"503\" srcset=\"https:\/\/www.startlap.hu\/vasarlas\/uploads\/2026\/01\/m1-autopalya-755x503.jpg 755w, https:\/\/www.startlap.hu\/vasarlas\/uploads\/2026\/01\/m1-autopalya-1536x1024.jpg 1536w, https:\/\/www.startlap.hu\/vasarlas\/uploads\/2026\/01\/m1-autopalya-2048x1365.jpg 2048w, https:\/\/www.startlap.hu\/vasarlas\/uploads\/2026\/01\/m1-autopalya-525x350.jpg 525w\" sizes=\"auto, (max-width: 755px) 100vw, 755px\" \/><\/a><figcaption id=\"caption-attachment-2275886\" class=\"wp-caption-text\">Az M1-es aut\u00f3p\u00e1lya fel\u00faj\u00edt\u00e1si munk\u00e1latai miatti \u00fatterel\u00e9s az \u00d3barok lehajt\u00f3n\u00e1l 2025 szeptember\u00e9ben. Fot\u00f3: MTI\/Kocsis Zolt\u00e1n<\/figcaption><\/figure>\n<h2>F\u00e9l\u00e1ron a matrica az M1-re<\/h2>\n<p>Mivel a tapasztalatok szerint a legt\u00f6bben ebben az esetben is az utols\u00f3 pillanatra halasztj\u00e1k a v\u00e1s\u00e1rl\u00e1st, jelenleg t\u00f6bb sz\u00e1zezer aut\u00f3st \u00e9rint ez a helyzet.<\/p>\n<p>Az M1-es tavaly \u0151sszel kezd\u0151d\u00f6tt \u00e9s \u00e9vekig tart\u00f3 fel\u00faj\u00edt\u00e1sa, illetve kisz\u00e9les\u00edt\u00e9se miatt az \u00e9rintett n\u00e9gy v\u00e1rmegy\u00e9re (<strong><a href=\"https:\/\/www.startlap.hu\/utazas\/pest-megye-legjobb-latnivalok-top-uti-celok\/\" target=\"_blank\" rel=\"noopener\">Pest<\/a><\/strong>, <strong><a href=\"https:\/\/www.startlap.hu\/utazas\/fejer-megye-szekesfehervar_vertes_latnivalok_travellina\/\" target=\"_blank\" rel=\"noopener\">Fej\u00e9r<\/a><\/strong>, <strong><a href=\"https:\/\/www.startlap.hu\/utazas\/komarom-esztergom-megye-rejtett-kincsei-travellina\/\" target=\"_blank\" rel=\"noopener\">Kom\u00e1rom-Esztergom<\/a><\/strong>, <strong><a href=\"https:\/\/www.startlap.hu\/utazas\/gyor-moson-sopron-latnivalo-tippek-travellina-fotok\/\" target=\"_blank\" rel=\"noopener\">Gy\u0151r-Moson-Sopron<\/a><\/strong>) <strong>mind\u00f6ssze 15 ezer forint<\/strong> a matrica, vagyis 2025-h\u00f6z k\u00e9pest k\u00f6r\u00fclbel\u00fcl f\u00e9l\u00e1ron haszn\u00e1lhatj\u00e1k az aut\u00f3sok a sztr\u00e1d\u00e1t.<\/p>\n<h2>Kiknek \u00e9ri meg az M1 region\u00e1lis matrica?<\/h2>\n<p>Az autopalyamatrica.hu adataib\u00f3l j\u00f3l l\u00e1tszik, hogy az &#8222;M1 region\u00e1lis&#8221; elnevez\u00e9s sokak sz\u00e1m\u00e1ra nem egy\u00e9rtelm\u0171: a v\u00e1s\u00e1rl\u00f3k mintegy 10 sz\u00e1zal\u00e9ka az \u00e9rintett n\u00e9gy v\u00e1rmegye k\u00f6z\u00fcl legal\u00e1bb kett\u0151re v\u00e1s\u00e1rolt matric\u00e1t, de orsz\u00e1gos szinten t\u00f6bb sz\u00e1zan vannak olyanok is, akik k\u00fcl\u00f6n-k\u00fcl\u00f6n mindegyik v\u00e1rmegy\u00e9re megvett\u00e9k. \u0150k 14 ezer forinttal j\u00e1rtak rosszabbul, akik pedig h\u00e1rom v\u00e1rmegy\u00e9re v\u00e1s\u00e1roltak, t\u00f6bb mint 6 ezer forintot buktak.<\/p>\n<p><strong>K\u00e9t v\u00e1rmegyei matrica v\u00e1laszt\u00e1sa eset\u00e9n nincs vesztes\u00e9g, de plusz 310 forint\u00e9rt m\u00e1r n\u00e9gy v\u00e1rmegye fizet\u0151s \u00fatjait haszn\u00e1lhatn\u00e1 az aut\u00f3s<\/strong>.<\/p>\n<p>Ek\u00f6zben az is egy\u00e9rtelm\u0171 tendencia, hogy a december eleji el\u0151v\u00e1s\u00e1rl\u00e1s kezdete \u00f3ta mind t\u00f6bben v\u00e1s\u00e1rolj\u00e1k az M1 region\u00e1lis matric\u00e1t, vagyis <strong>m\u00e9g a t\u00e9veszt\u00e9sekkel egy\u00fctt is egyre sikeresebb\u00e9 v\u00e1lik az \u00faj t\u00edpus<\/strong>; az \u00f6sszes elad\u00e1son bel\u00fcl a decemberi 9 sz\u00e1zal\u00e9kr\u00f3l janu\u00e1rra m\u00e1r 14 sz\u00e1zal\u00e9kra emelkedett az elad\u00e1sok ar\u00e1nya.&nbsp;<\/p>\n<h2>Hol \u00e9rv\u00e9nyes az M1 region\u00e1lis matrica?<\/h2>\n<p>Rengeteg megkeres\u00e9s \u00e9rkezik az autopalyamatrica.hu \u00fcgyf\u00e9lszolg\u00e1lat\u00e1ra, amikb\u0151l kider\u00fcl, hogy sokan m\u00e9g az eredeti bejelent\u00e9s alapj\u00e1n azt hiszik: lak\u00f3helyhez vagy m\u00e1s felt\u00e9telhez k\u00f6t\u00f6tt az M1 region\u00e1lis matrica, pedig az a n\u00e9gy v\u00e1rmegye valamennyi fizet\u0151s \u00fatj\u00e1n haszn\u00e1lhat\u00f3.<\/p>\n<p><strong>Azaz az M0, az M1, az M15, az M19, az M85, az M2, az M51 \u00e9s az M31 teljes hossz\u00e1ban, tov\u00e1bb\u00e1 r\u00e9szlegesen az al\u00e1bbi felsorol\u00e1s szerint:<\/strong><\/p>\n<ul>\n<li><strong>M3:<\/strong> Budapest, Szentmih\u00e1lyi \u00fat csom\u00f3pontt\u00f3l Hatvan csom\u00f3pontig<\/li>\n<li><strong>M4:<\/strong> Budapest Liszt Ferenc Nemzetk\u00f6zi Rep\u00fcl\u0151t\u00e9r csom\u00f3pontt\u00f3l J\u00e1szber\u00e9ny\/ Szolnok-\u00e9szak csom\u00f3pontig<\/li>\n<li><strong>M44:<\/strong> Kecskem\u00e9t \u00e9szak\/ Lajosmizse csom\u00f3pontt\u00f3l Szentkir\u00e1ly csom\u00f3pontig<\/li>\n<li><strong>M5:<\/strong> Budapest, Szentl\u0151rinci \u00fat csom\u00f3pontt\u00f3l Lajosmizse csom\u00f3pontig<\/li>\n<li><strong>M6:<\/strong> Budapest, Barackos \u00fat csom\u00f3pontt\u00f3l Paks-\u00e9szak csom\u00f3pontig<\/li>\n<li><strong>M7:<\/strong> Budapest v\u00e1roshat\u00e1r csom\u00f3pontt\u00f3l Balatonvil\u00e1gos csom\u00f3pontig M86: Csorna-\u00e9szak csom\u00f3pontt\u00f3l R\u00e9pcelak csom\u00f3pontig<\/li>\n<\/ul>\n<h2>Kalkul\u00e1torok seg\u00edtenek, ha valaki bizonytalan<\/h2>\n<p>Nagyon sok k\u00e9rd\u00e9s \u00e9rkezik arr\u00f3l, hogy az M0-ra \u00e9rv\u00e9nyes-e az M1 region\u00e1lis matrica (igen!), egy-egy konkr\u00e9t \u00fatszakasz eset\u00e9ben (pl. Budapest \u00e9s Kecskem\u00e9t k\u00f6z\u00f6tt) lehet-e ezt a t\u00edpust venni, illetve hogy melyik csom\u00f3pontig \u00e9rv\u00e9nyes.<\/p>\n<p>Az autopalyamatrica.hu szakemberei azt javasolj\u00e1k a bizonytalanoknak, hogy haszn\u00e1lj\u00e1k a <strong><a href=\"https:\/\/www.autopalyamatrica.hu\/autopalya-matrica-informaciok-2026\" target=\"_blank\" target=\"_blank\" rel=\"noopener\">matrica kalkul\u00e1torokat<\/a><\/strong>, amelyek seg\u00edtenek kisz\u00e1molni, melyik heti, havi vagy \u00e9ves matrica \u00e9ri meg a legjobban, de <strong><a href=\"https:\/\/www.autopalyamatrica.hu\/assets\/content\/m1-regionalis-autopalya-matrica-terkep.webp\" target=\"_blank\" target=\"_blank\" rel=\"noopener\">t\u00e9rk\u00e9p<\/a><\/strong> is seg\u00edt a t\u00e1j\u00e9koz\u00f3d\u00e1sban.<\/p>\n<h2>\u00c9ves orsz\u00e1gos matrica: m\u00e1r van r\u00e9szletfizet\u00e9si lehet\u0151s\u00e9g<\/h2>\n<p>A szakport\u00e1l kor\u00e1bbi kutat\u00e1saib\u00f3l kider\u00fclt: sokkal t\u00f6bben v\u00e1s\u00e1roln\u00e1nak \u00e9ves orsz\u00e1gos matric\u00e1t (61 700 forint), ha azt nem egy\u00f6sszegben kellene kifizetni; ez visszat\u00e9r\u0151 ig\u00e9ny az aut\u00f3sok r\u00e9sz\u00e9r\u0151l.<\/p>\n<p><strong> Id\u00e9n v\u00e9gre el\u00e9rhet\u0151v\u00e9 v\u00e1lt a r\u00e9szletfizet\u00e9si lehet\u0151s\u00e9g, de sokan err\u0151l sem tudnak.<\/strong><\/p>\n<p><strong>2026 m\u00e1s \u00fajdons\u00e1gokat is hozott<\/strong>:<\/p>\n<ul>\n<li><strong>H\u00e1rom \u00fajabb \u00fatszakasz lett fizet\u0151s<\/strong>, Pest-, Baranya- \u00e9s B\u00e1cs-Kiskun v\u00e1rmegy\u00e9ben: az M6-os B\u00e1tasz\u00e9k \u00e9s az orsz\u00e1ghat\u00e1r (Iv\u00e1nd\u00e1rda) k\u00f6z\u00f6tti szakasza, valamint az M44-es Kecskem\u00e9t \u00e9szak-Lajosmizse csom\u00f3pontt\u00f3l a szentkir\u00e1lyi, illetve Tiszaug-Tiszak\u00fcrt csom\u00f3pontig.<\/li>\n<li>Az M30-as aut\u00f3p\u00e1lya Miskolc \u00e9szak \u00e9s Sziksz\u00f3 k\u00f6z\u00f6tti, 2024. febru\u00e1rj\u00e1ban lez\u00e1rt szakasz\u00e1t tavaly december 30-\u00e1n adt\u00e1k \u00e1t a forgalomnak; kompenz\u00e1ci\u00f3k\u00e9nt <strong>a Borsod-Aba\u00faj-Zempl\u00e9n v\u00e1rmegyei matrica csak 2500 forintba ker\u00fcl<\/strong>.<\/li>\n<\/ul>\n<p>Id\u00e9n is lehet\u0151s\u00e9g van arra, hogy bizonyos j\u00e1rm\u0171t\u00edpusok \u00e9s helyzetek eset\u00e9ben mentes\u00edt\u00e9st vagy kedvezm\u00e9nyt vegy\u00fcnk ig\u00e9nybe.<\/p>\n<p>R\u00e9szleges d\u00edjmentess\u00e9gre jogosultak lehetnek a mozg\u00e1skorl\u00e1tozottak \u00e9s nagycsal\u00e1dosok: D2-es d\u00edjkateg\u00f3ri\u00e1j\u00fa aut\u00f3p\u00e1lya-matrica helyett D1-es d\u00edjkateg\u00f3ri\u00e1ba tartoz\u00f3 matric\u00e1t v\u00e1s\u00e1rolhatnak, ha ezt el\u0151z\u0151leg k\u00e9rv\u00e9nyezt\u00e9k.&nbsp;<\/p>\n<div class=\"o-widget m-readMoreWidget -readMore u-shortDecorLineAfter row widget-container _ce_measure_widget bigdata-widget read-more\" data-ce-measure-widget=\"olvass tov\u00e1bb\">\n\t<div class=\"m-readMoreWidget__imgWrapper image-wrapper col-12 col-md-4 no-p\">\n\t\t<a class=\"m-readMoreWidget__imgLink\" href=\"https:\/\/www.startlap.hu\/vasarlas\/hoszigetelo-fuggony-futes-szamla-tel-hideg\/\" >\n\t\t\t<img decoding=\"async\" src=\"https:\/\/www.startlap.hu\/vasarlas\/uploads\/2026\/01\/szoba-hoszabalyzo-noi-kez-350x285.jpg\" class=\"m-readMoreWidget__img\">\n\t\t<\/a>\n\t<\/div>\n\t<div class=\"m-readMoreWidget__titleWrapper title-wrapper col-12 col-md-8\">\n\t\t<span class=\"m-readMoreWidget__titleLabel u-shortDecorLineBefore label hidden-sm-up\">Ez is \u00e9rdekelhet:<\/span>\n\t\t<h3 class=\"m-readMoreWidget__title title\">\n\t\t\t<a class=\"m-readMoreWidget__titleLink -secondFont u-bold u-upperCase\" href=\"https:\/\/www.startlap.hu\/vasarlas\/hoszigetelo-fuggony-futes-szamla-tel-hideg\/\" >2\u00b0C-kal melegebb lak\u00e1s an\u00e9lk\u00fcl, hogy feljebb tekern\u00e9d a f\u0171t\u00e9st &#8211; egy egyszer\u0171, okos tr\u00fckk a megold\u00e1s<\/a>\n\t\t<\/h3>\n\t\t<a class=\"m-readMoreWidget__btn -coloredBack u-tC link\" href=\"https:\/\/www.startlap.hu\/vasarlas\/hoszigetelo-fuggony-futes-szamla-tel-hideg\/\" >Elolvasom<\/a>\n\t<\/div>\n<\/div>\n","protected":false},"excerpt":{"rendered":"<p>T\u00f6bb sz\u00e1zezer aut\u00f3s hagyja az utols\u00f3 pillanatra az aut\u00f3p\u00e1lya-matric\u00e1k megv\u00e1s\u00e1rl\u00e1s\u00e1t, amit nem \u00e9rdemes megszok\u00e1sb\u00f3l tenni: ak\u00e1r 14 ezer forint vesztes\u00e9g lehet a v\u00e9ge.<\/p>\n","protected":false},"author":45,"featured_media":2275886,"comment_status":"closed","ping_status":"closed","sticky":false,"template":"","format":"standard","meta":{"footnotes":""},"categories":[8180],"tags":[3454,537,1959],"class_list":["post-2275869","post","type-post","status-publish","format-standard","has-post-thumbnail","hentry","category-trending","tag-autopalya-matrica","tag-e-matrica","tag-m1-autopalya"],"aioseo_notices":[],"_links":{"self":[{"href":"https:\/\/www.startlap.hu\/vasarlas\/wp-json\/wp\/v2\/posts\/2275869","targetHints":{"allow":["GET"]}}],"collection":[{"href":"https:\/\/www.startlap.hu\/vasarlas\/wp-json\/wp\/v2\/posts"}],"about":[{"href":"https:\/\/www.startlap.hu\/vasarlas\/wp-json\/wp\/v2\/types\/post"}],"author":[{"embeddable":true,"href":"https:\/\/www.startlap.hu\/vasarlas\/wp-json\/wp\/v2\/users\/45"}],"replies":[{"embeddable":true,"href":"https:\/\/www.startlap.hu\/vasarlas\/wp-json\/wp\/v2\/comments?post=2275869"}],"version-history":[{"count":5,"href":"https:\/\/www.startlap.hu\/vasarlas\/wp-json\/wp\/v2\/posts\/2275869\/revisions"}],"predecessor-version":[{"id":2275888,"href":"https:\/\/www.startlap.hu\/vasarlas\/wp-json\/wp\/v2\/posts\/2275869\/revisions\/2275888"}],"wp:featuredmedia":[{"embeddable":true,"href":"https:\/\/www.startlap.hu\/vasarlas\/wp-json\/wp\/v2\/media\/2275886"}],"wp:attachment":[{"href":"https:\/\/www.startlap.hu\/vasarlas\/wp-json\/wp\/v2\/media?parent=2275869"}],"wp:term":[{"taxonomy":"category","embeddable":true,"href":"https:\/\/www.startlap.hu\/vasarlas\/wp-json\/wp\/v2\/categories?post=2275869"},{"taxonomy":"post_tag","embeddable":true,"href":"https:\/\/www.startlap.hu\/vasarlas\/wp-json\/wp\/v2\/tags?post=2275869"}],"curies":[{"name":"wp","href":"https:\/\/api.w.org\/{rel}","templated":true}]}}