{"id":2275786,"date":"2026-01-18T15:33:28","date_gmt":"2026-01-18T14:33:28","guid":{"rendered":"https:\/\/www.startlap.hu\/vasarlas\/?p=2275786"},"modified":"2026-01-18T15:28:03","modified_gmt":"2026-01-18T14:28:03","slug":"keszpenz-fizetes-korlatozas-eu-felso-osszeg-hatar","status":"publish","type":"post","link":"https:\/\/www.startlap.hu\/vasarlas\/keszpenz-fizetes-korlatozas-eu-felso-osszeg-hatar\/","title":{"rendered":"Az EU korl\u00e1tozza a k\u00e9szp\u00e9nz haszn\u00e1lat\u00e1t: ez lesz a maxim\u00e1lis \u00f6sszeg Eur\u00f3p\u00e1ban"},"content":{"rendered":"<p>A <a href=\"https:\/\/www.startlap.hu\/vasarlas\/atm-csalasellenes-keszpenz-felvetel-szabalyok-valtozas\/\" target=\"_blank\" rel=\"noopener\">k\u00e9szp\u00e9nz<\/a> \u00e9vsz\u00e1zadokon \u00e1t a kereskedelem egyik alapja volt, \u00e1m az <strong>Eur\u00f3pai Uni\u00f3ban<\/strong> ez a fizet\u00e9si forma egyre ink\u00e1bb h\u00e1tt\u00e9rbe szorul: az EU d\u00f6nt\u00e9se \u00e9rtelm\u00e9ben <strong>2027 j\u00falius\u00e1t\u00f3l minden tag\u00e1llamban egys\u00e9ges fels\u0151 hat\u00e1rt vezetnek be a k\u00e9szp\u00e9nzes fizet\u00e9sekre<\/strong>, \u00e9s az egyes orsz\u00e1gok enn\u00e9l ak\u00e1r szigor\u00fabb szab\u00e1lyokat is alkalmazhatnak. N\u00e9zz\u00fck a r\u00e9szleteket!<\/p>\n<div class=\"o-widget m-readMoreWidget -readMore u-shortDecorLineAfter row widget-container _ce_measure_widget bigdata-widget read-more\" data-ce-measure-widget=\"olvass tov\u00e1bb\">\n\t<div class=\"m-readMoreWidget__imgWrapper image-wrapper col-12 col-md-4 no-p\">\n\t\t<a class=\"m-readMoreWidget__imgLink\" href=\"https:\/\/www.startlap.hu\/vasarlas\/telekom-ingyen-uj-mobil-regi-telefon-leadas\/\" >\n\t\t\t<img decoding=\"async\" src=\"https:\/\/www.startlap.hu\/vasarlas\/uploads\/2025\/12\/telekom-350x285.jpg\" class=\"m-readMoreWidget__img\">\n\t\t<\/a>\n\t<\/div>\n\t<div class=\"m-readMoreWidget__titleWrapper title-wrapper col-12 col-md-8\">\n\t\t<span class=\"m-readMoreWidget__titleLabel u-shortDecorLineBefore label hidden-sm-up\">Ez is \u00e9rdekelhet:<\/span>\n\t\t<h3 class=\"m-readMoreWidget__title title\">\n\t\t\t<a class=\"m-readMoreWidget__titleLink -secondFont u-bold u-upperCase\" href=\"https:\/\/www.startlap.hu\/vasarlas\/telekom-ingyen-uj-mobil-regi-telefon-leadas\/\" >Ingyen ad \u00faj telefont a Telekom: \u00edgy kaphatod meg a mobilt<\/a>\n\t\t<\/h3>\n\t\t<a class=\"m-readMoreWidget__btn -coloredBack u-tC link\" href=\"https:\/\/www.startlap.hu\/vasarlas\/telekom-ingyen-uj-mobil-regi-telefon-leadas\/\" >Elolvasom<\/a>\n\t<\/div>\n<\/div>\n<h2>A c\u00e9l az illeg\u00e1lis p\u00e9nzmozg\u00e1sok visszaszor\u00edt\u00e1sa<\/h2>\n<p>Az \u00faj szab\u00e1lyoz\u00e1st az <strong>Eur\u00f3pai Parlament<\/strong> \u00e9s az <strong>Eur\u00f3pai Bizotts\u00e1g is elfogadta<\/strong>. Ez azt jelenti, hogy<\/p>\n<blockquote class=\"article__extraTxt\"><p>kevesebb mint k\u00e9t \u00e9ven bel\u00fcl korl\u00e1tozz\u00e1k, mekkora \u00f6sszeget lehet k\u00e9szp\u00e9nzben kifizetni<\/p><\/blockquote>\n<p>egy term\u00e9k\u00e9rt vagy szolg\u00e1ltat\u00e1s\u00e9rt. Az int\u00e9zked\u00e9s c\u00e9lja els\u0151sorban a <strong>p\u00e9nzmos\u00e1s<\/strong>, a <strong>korrupci\u00f3<\/strong> \u00e9s a <strong>feketegazdas\u00e1g<\/strong> visszaszor\u00edt\u00e1sa. A nagy \u00f6sszeg\u0171 k\u00e9szp\u00e9nzes fizet\u00e9sek ugyanis megk\u00f6nny\u00edtik az illeg\u00e1lis bev\u00e9telek eltitkol\u00e1s\u00e1t, \u00e9s nem hagynak <a href=\"https:\/\/www.startlap.hu\/vasarlas\/digitalis-rezsi-koltsegek-netflix-google-penzugyek\/\" target=\"_blank\" rel=\"noopener\">digit\u00e1lis<\/a> nyomot. Emiatt a j\u00f6v\u0151ben<\/p>\n<blockquote class=\"article__extraTxt\"><p>nem lehet majd k\u00e9szp\u00e9nzben fizetni p\u00e9ld\u00e1ul aut\u00f3v\u00e1s\u00e1rl\u00e1sn\u00e1l, nagyobb fel\u00faj\u00edt\u00e1sokn\u00e1l vagy dr\u00e1ga \u00e9kszerek eset\u00e9ben.<\/p><\/blockquote>\n<figure id=\"attachment_2270006\" aria-describedby=\"caption-attachment-2270006\" style=\"width: 755px\" class=\"wp-caption alignnone\"><a href=\"https:\/\/www.startlap.hu\/vasarlas\/uploads\/2025\/09\/penzerme_barazda_.jpg\"><img loading=\"lazy\" decoding=\"async\" class=\"size-article-size-large-image wp-image-2270006\" src=\"https:\/\/www.startlap.hu\/vasarlas\/uploads\/2025\/09\/penzerme_barazda_-755x503.jpg\" alt=\"Bar\u00e1zd\u00e1lt p\u00e9nz\u00e9rm\u00e9k\" width=\"755\" height=\"503\" srcset=\"https:\/\/www.startlap.hu\/vasarlas\/uploads\/2025\/09\/penzerme_barazda_-755x503.jpg 755w, https:\/\/www.startlap.hu\/vasarlas\/uploads\/2025\/09\/penzerme_barazda_-525x350.jpg 525w, https:\/\/www.startlap.hu\/vasarlas\/uploads\/2025\/09\/penzerme_barazda_.jpg 1200w\" sizes=\"auto, (max-width: 755px) 100vw, 755px\" \/><\/a><figcaption id=\"caption-attachment-2270006\" class=\"wp-caption-text\">Fot\u00f3: Getty Images<\/figcaption><\/figure>\n<p>Az EU emellett szeretn\u00e9 \u00f6szt\u00f6n\u00f6zni a gyorsabb \u00e9s biztons\u00e1gosabb elektronikus fizet\u00e9si m\u00f3dok haszn\u00e1lat\u00e1t is.<\/p>\n<blockquote class=\"article__extraTxt\"><p>A k\u00e9szp\u00e9nzfizet\u00e9ses fels\u0151 hat\u00e1rt 10 ezer eur\u00f3ban \u00e1llap\u00edtott\u00e1k meg, ami k\u00f6r\u00fclbel\u00fcl 4 milli\u00f3 forintnak felel meg.<\/p><\/blockquote>\n<p>Ez az \u00f6sszeg el\u00e9g magas ahhoz, hogy a mindennapi v\u00e1s\u00e1rl\u00e1sokat ne \u00e9rintse, ugyanakkor megakad\u00e1lyozza, hogy nagy \u00e9rt\u00e9k\u0171 tranzakci\u00f3kat k\u00e9szp\u00e9nzben bonyol\u00edtsanak le az esetleges illeg\u00e1lis tev\u00e9kenys\u00e9gek r\u00e9sztvev\u0151i.<\/p>\n<h2>T\u00f6bb orsz\u00e1g m\u00e1r be is vezette a fizet\u00e9si korl\u00e1toz\u00e1st<\/h2>\n<p><strong>T\u00f6bb eur\u00f3pai orsz\u00e1gban m\u00e1r most is enn\u00e9l szigor\u00fabb szab\u00e1lyok vannak \u00e9rv\u00e9nyben:<\/strong> Franciaorsz\u00e1gban a belf\u00f6ldi lakosok mind\u00f6ssze ezer eur\u00f3t fizethetnek k\u00e9szp\u00e9nzben egy tranzakci\u00f3 sor\u00e1n, Spanyolorsz\u00e1gban is alacsony a limit, m\u00edg Olaszorsz\u00e1gban jelenleg 5 ezer eur\u00f3 a fels\u0151 hat\u00e1r. Horv\u00e1torsz\u00e1gban m\u00e1r most is a 10 ezer eur\u00f3s limit van \u00e9rv\u00e9nyben. Norv\u00e9gi\u00e1ban \u2013 amely EGT-tag\u00e1llamk\u00e9nt gyakran \u00e1tveszi az uni\u00f3s szab\u00e1lyoz\u00e1sokat \u2013 m\u00e1r 2017 \u00f3ta tilos keresked\u0151knek nagyobb \u00f6sszeget k\u00e9szp\u00e9nzben elfogadni, \u00e9s m\u00e1s orsz\u00e1gokban is komoly b\u00edrs\u00e1gok j\u00e1rnak a szab\u00e1lyok megszeg\u00e9s\u00e9\u00e9rt.<\/p>\n<p><a href=\"https:\/\/www.dagens.no\/nyheter\/eu-begrenser-bruk-av-kontanter-dette-blir-maksbelopet-i-hele-euro\" target=\"_blank\" target=\"_blank\" rel=\"noopener\">via<\/a><\/p>\n<div class=\"o-widget m-readMoreWidget -readMore u-shortDecorLineAfter row widget-container _ce_measure_widget bigdata-widget read-more\" data-ce-measure-widget=\"olvass tov\u00e1bb\">\n\t<div class=\"m-readMoreWidget__imgWrapper image-wrapper col-12 col-md-4 no-p\">\n\t\t<a class=\"m-readMoreWidget__imgLink\" href=\"https:\/\/www.startlap.hu\/vasarlas\/tippek-tel-futes-idealis-homerseklet\/\" >\n\t\t\t<img decoding=\"async\" src=\"https:\/\/www.startlap.hu\/vasarlas\/uploads\/2025\/12\/GettyImages-1416709124_11zon-350x285.jpg\" class=\"m-readMoreWidget__img\">\n\t\t<\/a>\n\t<\/div>\n\t<div class=\"m-readMoreWidget__titleWrapper title-wrapper col-12 col-md-8\">\n\t\t<span class=\"m-readMoreWidget__titleLabel u-shortDecorLineBefore label hidden-sm-up\">Ez is \u00e9rdekelhet:<\/span>\n\t\t<h3 class=\"m-readMoreWidget__title title\">\n\t\t\t<a class=\"m-readMoreWidget__titleLink -secondFont u-bold u-upperCase\" href=\"https:\/\/www.startlap.hu\/vasarlas\/tippek-tel-futes-idealis-homerseklet\/\" >H\u00e1ny fok az ide\u00e1lis a lak\u00e1sban t\u00e9len? A 19 fokos szab\u00e1ly ideje lej\u00e1rt<\/a>\n\t\t<\/h3>\n\t\t<a class=\"m-readMoreWidget__btn -coloredBack u-tC link\" href=\"https:\/\/www.startlap.hu\/vasarlas\/tippek-tel-futes-idealis-homerseklet\/\" >Elolvasom<\/a>\n\t<\/div>\n<\/div>\n","protected":false},"excerpt":{"rendered":"<p>2027-re nagy v\u00e1ltoz\u00e1ssal k\u00e9sz\u00fcl az EU: fels\u0151 hat\u00e1rt szabnak a k\u00e9szp\u00e9nzes fizet\u00e9seknek. Az int\u00e9zked\u00e9s c\u00e9lja a b\u0171nelk\u00f6vet\u00e9s visszaszor\u00edt\u00e1sa.<\/p>\n","protected":false},"author":63,"featured_media":2270006,"comment_status":"closed","ping_status":"closed","sticky":false,"template":"","format":"standard","meta":{"footnotes":""},"categories":[8180],"tags":[9570,39,4952,12903],"class_list":["post-2275786","post","type-post","status-publish","format-standard","has-post-thumbnail","hentry","category-trending","tag-eu-szabaly","tag-europai-unio","tag-keszpenz","tag-valtozas"],"aioseo_notices":[],"_links":{"self":[{"href":"https:\/\/www.startlap.hu\/vasarlas\/wp-json\/wp\/v2\/posts\/2275786","targetHints":{"allow":["GET"]}}],"collection":[{"href":"https:\/\/www.startlap.hu\/vasarlas\/wp-json\/wp\/v2\/posts"}],"about":[{"href":"https:\/\/www.startlap.hu\/vasarlas\/wp-json\/wp\/v2\/types\/post"}],"author":[{"embeddable":true,"href":"https:\/\/www.startlap.hu\/vasarlas\/wp-json\/wp\/v2\/users\/63"}],"replies":[{"embeddable":true,"href":"https:\/\/www.startlap.hu\/vasarlas\/wp-json\/wp\/v2\/comments?post=2275786"}],"version-history":[{"count":3,"href":"https:\/\/www.startlap.hu\/vasarlas\/wp-json\/wp\/v2\/posts\/2275786\/revisions"}],"predecessor-version":[{"id":2275804,"href":"https:\/\/www.startlap.hu\/vasarlas\/wp-json\/wp\/v2\/posts\/2275786\/revisions\/2275804"}],"wp:featuredmedia":[{"embeddable":true,"href":"https:\/\/www.startlap.hu\/vasarlas\/wp-json\/wp\/v2\/media\/2270006"}],"wp:attachment":[{"href":"https:\/\/www.startlap.hu\/vasarlas\/wp-json\/wp\/v2\/media?parent=2275786"}],"wp:term":[{"taxonomy":"category","embeddable":true,"href":"https:\/\/www.startlap.hu\/vasarlas\/wp-json\/wp\/v2\/categories?post=2275786"},{"taxonomy":"post_tag","embeddable":true,"href":"https:\/\/www.startlap.hu\/vasarlas\/wp-json\/wp\/v2\/tags?post=2275786"}],"curies":[{"name":"wp","href":"https:\/\/api.w.org\/{rel}","templated":true}]}}