{"id":2275779,"date":"2026-01-18T10:03:25","date_gmt":"2026-01-18T09:03:25","guid":{"rendered":"https:\/\/www.startlap.hu\/vasarlas\/?p=2275779"},"modified":"2026-01-18T08:51:09","modified_gmt":"2026-01-18T07:51:09","slug":"falra-szerelheto-edeny-szarito-csopogteto-konyha","status":"publish","type":"post","link":"https:\/\/www.startlap.hu\/vasarlas\/falra-szerelheto-edeny-szarito-csopogteto-konyha\/","title":{"rendered":"A hagyom\u00e1nyos ed\u00e9nysz\u00e1r\u00edt\u00f3knak v\u00e9ge: egyszer\u0171 megold\u00e1ssal csom\u00f3 helyet sp\u00f3rolhatsz"},"content":{"rendered":"<p>A <a href=\"https:\/\/www.startlap.hu\/vasarlas\/rezsi-futesszamla-konyha-suto\/\" target=\"_blank\" rel=\"noopener\">konyha<\/a> rendszerez\u00e9se \u00e9s a hely hat\u00e9kony kihaszn\u00e1l\u00e1sa sokak sz\u00e1m\u00e1ra kih\u00edv\u00e1s, k\u00fcl\u00f6n\u00f6sen kisebb lak\u00e1sokban vagy sz\u0171k munkapulttal rendelkez\u0151 konyh\u00e1kban. Ilyen k\u00f6rnyezetben minden centim\u00e9ter sz\u00e1m\u00edt, ez\u00e9rt egyre t\u00f6bben keresnek olyan megold\u00e1sokat, amelyek egyszerre praktikusak \u00e9s eszt\u00e9tikusak. Egy olyan \u00faj\u00edt\u00e1st mutatunk, amellyel k\u00f6nnyed\u00e9n sp\u00f3rolhatsz helyet \u00fagy, hogy konyh\u00e1d is tiszta \u00e9s sz\u00e9p marad. N\u00e9zz\u00fck, mit kell tenned!<\/p>\n<div class=\"o-widget m-readMoreWidget -readMore u-shortDecorLineAfter row widget-container _ce_measure_widget bigdata-widget read-more\" data-ce-measure-widget=\"olvass tov\u00e1bb\">\n\t<div class=\"m-readMoreWidget__imgWrapper image-wrapper col-12 col-md-4 no-p\">\n\t\t<a class=\"m-readMoreWidget__imgLink\" href=\"https:\/\/www.startlap.hu\/vasarlas\/indukcios-fozolap-sutes-konyha-gaz\/\" >\n\t\t\t<img decoding=\"async\" src=\"https:\/\/www.startlap.hu\/vasarlas\/uploads\/2026\/01\/GettyImages-1318880219_11zon-350x285.jpg\" class=\"m-readMoreWidget__img\">\n\t\t<\/a>\n\t<\/div>\n\t<div class=\"m-readMoreWidget__titleWrapper title-wrapper col-12 col-md-8\">\n\t\t<span class=\"m-readMoreWidget__titleLabel u-shortDecorLineBefore label hidden-sm-up\">Ez is \u00e9rdekelhet:<\/span>\n\t\t<h3 class=\"m-readMoreWidget__title title\">\n\t\t\t<a class=\"m-readMoreWidget__titleLink -secondFont u-bold u-upperCase\" href=\"https:\/\/www.startlap.hu\/vasarlas\/indukcios-fozolap-sutes-konyha-gaz\/\" >Elk\u00f6sz\u00f6nhet\u00fcnk az indukci\u00f3s f\u0151z\u0151lapt\u00f3l? Az okok, amelyek miatt egyre t\u00f6bben mondanak r\u00e1 nemet<\/a>\n\t\t<\/h3>\n\t\t<a class=\"m-readMoreWidget__btn -coloredBack u-tC link\" href=\"https:\/\/www.startlap.hu\/vasarlas\/indukcios-fozolap-sutes-konyha-gaz\/\" >Elolvasom<\/a>\n\t<\/div>\n<\/div>\n<h2>Szereld ink\u00e1bb a falra!<\/h2>\n<p>Az egyik legnagyobb helyrabl\u00f3 eszk\u00f6z a <strong>hagyom\u00e1nyos ed\u00e9nysz\u00e1r\u00edt\u00f3<\/strong>, vagyis a mosogat\u00f3t\u00e1lca melletti csepegtet\u0151. B\u00e1r alapvet\u0151 szerepe van a <a href=\"https:\/\/www.startlap.hu\/vasarlas\/mosogatogep-allo-viz-megoldas-otthon\/\" target=\"_blank\" rel=\"noopener\">mosogat\u00e1s<\/a> ut\u00e1ni sz\u00e1r\u00edt\u00e1sban, sok probl\u00e9m\u00e1t okoz: rontja a konyha \u00f6sszk\u00e9p\u00e9t, zs\u00fafoltt\u00e1 teszi a pultot, \u00e9s hossz\u00fa t\u00e1von <strong>higi\u00e9niai probl\u00e9m\u00e1k forr\u00e1sa is lehet.<\/strong><\/p>\n<figure id=\"attachment_2275780\" aria-describedby=\"caption-attachment-2275780\" style=\"width: 755px\" class=\"wp-caption alignnone\"><a href=\"https:\/\/www.startlap.hu\/vasarlas\/uploads\/2026\/01\/edenyszarito-scaled.jpg\"><img loading=\"lazy\" decoding=\"async\" class=\"size-article-size-large-image wp-image-2275780\" src=\"https:\/\/www.startlap.hu\/vasarlas\/uploads\/2026\/01\/edenyszarito-755x503.jpg\" alt=\"\" width=\"755\" height=\"503\" srcset=\"https:\/\/www.startlap.hu\/vasarlas\/uploads\/2026\/01\/edenyszarito-755x503.jpg 755w, https:\/\/www.startlap.hu\/vasarlas\/uploads\/2026\/01\/edenyszarito-1536x1024.jpg 1536w, https:\/\/www.startlap.hu\/vasarlas\/uploads\/2026\/01\/edenyszarito-2048x1365.jpg 2048w, https:\/\/www.startlap.hu\/vasarlas\/uploads\/2026\/01\/edenyszarito-525x350.jpg 525w\" sizes=\"auto, (max-width: 755px) 100vw, 755px\" \/><\/a><figcaption id=\"caption-attachment-2275780\" class=\"wp-caption-text\">Fot\u00f3: Getty Images<\/figcaption><\/figure>\n<p><strong>A klasszikus ed\u00e9nysz\u00e1r\u00edt\u00f3k legnagyobb h\u00e1tr\u00e1nya, hogy a v\u00edz felgy\u00fclemlik az aljukban.<\/strong> A lecsepeg\u0151 v\u00edz sok\u00e1ig marad \u00e1llva a sz\u00e1r\u00edt\u00f3 alj\u00e1n, ami rendszeres tiszt\u00edt\u00e1s hi\u00e1ny\u00e1ban pen\u00e9szesed\u00e9shez is vezethet. Az \u00e9tel- \u00e9s zsirad\u00e9kmaradv\u00e1nyok tov\u00e1bb rontj\u00e1k a higi\u00e9ni\u00e1t. Eszt\u00e9tikai szempontb\u00f3l sem ide\u00e1lis megold\u00e1s, ha a t\u00e1ny\u00e9rok \u00e9s ev\u0151eszk\u00f6z\u00f6k folyamatosan szem el\u0151tt vannak a pulton: ez rendezetlens\u00e9g \u00e9rzet\u00e9t kelti, \u00e9s elvesz a hasznos munkater\u00fcletb\u0151l, amelyre f\u0151z\u00e9sn\u00e9l vagy el\u0151k\u00e9sz\u00edt\u00e9sn\u00e9l nagy sz\u00fcks\u00e9g lenne, f\u0151leg kisebb konyh\u00e1kban. Erre k\u00edn\u00e1l alternat\u00edv\u00e1t az \u00faj trend, a falra szerelhet\u0151 ed\u00e9nysz\u00e1r\u00edt\u00f3.<\/p>\n<p>Enn\u00e9l a megold\u00e1sn\u00e1l a pult helyett<\/p>\n<blockquote class=\"article__extraTxt\"><p>a falra ker\u00fcl a sz\u00e1r\u00edt\u00f3, \u00edgy felszabadul a munkafel\u00fclet. A falra r\u00f6gz\u00edtett v\u00e1ltozatok k\u00fcl\u00f6n rekeszeket k\u00edn\u00e1lnak t\u00e1ny\u00e9roknak, poharaknak, ev\u0151eszk\u00f6z\u00f6knek,<\/p><\/blockquote>\n<p>&nbsp;s\u0151t gyakran kamp\u00f3k \u00e9s cs\u00e9szetart\u00f3k is helyet kapnak rajtuk.<\/p>\n<p>A falra szerelt ed\u00e9nysz\u00e1r\u00edt\u00f3k el\u0151nye, hogy <strong>a leveg\u0151n sz\u00e1rad\u00e1s miatt kevesebb nedvess\u00e9g marad vissza, \u00edgy cs\u00f6kken a pen\u00e9sz \u00e9s a bakt\u00e9riumok kialakul\u00e1s\u00e1nak es\u00e9lye.<\/strong> Emellett modern, letisztult megjelen\u00e9st adnak a konyh\u00e1nak. A rozsdamentes ac\u00e9l modellek tart\u00f3sak \u00e9s k\u00f6nnyen tiszt\u00edthat\u00f3k, m\u00edg a kompakt m\u0171anyag v\u00e1ltozatok ide\u00e1lisak kisebb lak\u00e1sokba vagy egyed\u00fcl \u00e9l\u0151k sz\u00e1m\u00e1ra.<\/p>\n<p><a href=\"https:\/\/www.iefimerida.gr\/zoi\/telos-paradosiakis-thikis-piaton-apeleytheronei-horo-organonei-koyzina\" target=\"_blank\" target=\"_blank\" rel=\"noopener\">via<\/a><\/p>\n<div class=\"o-widget m-readMoreWidget -readMore u-shortDecorLineAfter row widget-container _ce_measure_widget bigdata-widget read-more\" data-ce-measure-widget=\"olvass tov\u00e1bb\">\n\t<div class=\"m-readMoreWidget__imgWrapper image-wrapper col-12 col-md-4 no-p\">\n\t\t<a class=\"m-readMoreWidget__imgLink\" href=\"https:\/\/www.startlap.hu\/vasarlas\/hdmi-kabel-teve-port-kepmod-trukkok\/\" >\n\t\t\t<img decoding=\"async\" src=\"https:\/\/www.startlap.hu\/vasarlas\/uploads\/2025\/07\/hdmi-350x285.jpg\" class=\"m-readMoreWidget__img\">\n\t\t<\/a>\n\t<\/div>\n\t<div class=\"m-readMoreWidget__titleWrapper title-wrapper col-12 col-md-8\">\n\t\t<span class=\"m-readMoreWidget__titleLabel u-shortDecorLineBefore label hidden-sm-up\">Ez is \u00e9rdekelhet:<\/span>\n\t\t<h3 class=\"m-readMoreWidget__title title\">\n\t\t\t<a class=\"m-readMoreWidget__titleLink -secondFont u-bold u-upperCase\" href=\"https:\/\/www.startlap.hu\/vasarlas\/hdmi-kabel-teve-port-kepmod-trukkok\/\" >Sokan rosszul haszn\u00e1lj\u00e1k a HDMI-t a t\u00e9v\u00e9n: \u00edgy lesz azonnal szebb a k\u00e9p \u00e9s jobb a hang<\/a>\n\t\t<\/h3>\n\t\t<a class=\"m-readMoreWidget__btn -coloredBack u-tC link\" href=\"https:\/\/www.startlap.hu\/vasarlas\/hdmi-kabel-teve-port-kepmod-trukkok\/\" >Elolvasom<\/a>\n\t<\/div>\n<\/div>\n","protected":false},"excerpt":{"rendered":"<p>A legt\u00f6bb konyh\u00e1ban kulcsfontoss\u00e1g\u00fa a helykihaszn\u00e1l\u00e1s: sokat seg\u00edthet, ha megszabadulunk ett\u0151l a hagyom\u00e1nyos kieg\u00e9sz\u00edt\u0151t\u0151l, \u00e9s m\u00e1shova helyezz\u00fck.<\/p>\n","protected":false},"author":63,"featured_media":2275780,"comment_status":"closed","ping_status":"closed","sticky":false,"template":"","format":"standard","meta":{"footnotes":""},"categories":[8180],"tags":[14009,14048,12468,19284],"class_list":["post-2275779","post","type-post","status-publish","format-standard","has-post-thumbnail","hentry","category-trending","tag-edenyek","tag-falra-szereles","tag-mosogatas","tag-szaritas"],"aioseo_notices":[],"_links":{"self":[{"href":"https:\/\/www.startlap.hu\/vasarlas\/wp-json\/wp\/v2\/posts\/2275779","targetHints":{"allow":["GET"]}}],"collection":[{"href":"https:\/\/www.startlap.hu\/vasarlas\/wp-json\/wp\/v2\/posts"}],"about":[{"href":"https:\/\/www.startlap.hu\/vasarlas\/wp-json\/wp\/v2\/types\/post"}],"author":[{"embeddable":true,"href":"https:\/\/www.startlap.hu\/vasarlas\/wp-json\/wp\/v2\/users\/63"}],"replies":[{"embeddable":true,"href":"https:\/\/www.startlap.hu\/vasarlas\/wp-json\/wp\/v2\/comments?post=2275779"}],"version-history":[{"count":3,"href":"https:\/\/www.startlap.hu\/vasarlas\/wp-json\/wp\/v2\/posts\/2275779\/revisions"}],"predecessor-version":[{"id":2275802,"href":"https:\/\/www.startlap.hu\/vasarlas\/wp-json\/wp\/v2\/posts\/2275779\/revisions\/2275802"}],"wp:featuredmedia":[{"embeddable":true,"href":"https:\/\/www.startlap.hu\/vasarlas\/wp-json\/wp\/v2\/media\/2275780"}],"wp:attachment":[{"href":"https:\/\/www.startlap.hu\/vasarlas\/wp-json\/wp\/v2\/media?parent=2275779"}],"wp:term":[{"taxonomy":"category","embeddable":true,"href":"https:\/\/www.startlap.hu\/vasarlas\/wp-json\/wp\/v2\/categories?post=2275779"},{"taxonomy":"post_tag","embeddable":true,"href":"https:\/\/www.startlap.hu\/vasarlas\/wp-json\/wp\/v2\/tags?post=2275779"}],"curies":[{"name":"wp","href":"https:\/\/api.w.org\/{rel}","templated":true}]}}