{"id":2275775,"date":"2026-01-17T10:33:23","date_gmt":"2026-01-17T09:33:23","guid":{"rendered":"https:\/\/www.startlap.hu\/vasarlas\/?p=2275775"},"modified":"2026-01-16T23:08:35","modified_gmt":"2026-01-16T22:08:35","slug":"nappali-kanape-helyett-babzsak-lakberendezes-modern","status":"publish","type":"post","link":"https:\/\/www.startlap.hu\/vasarlas\/nappali-kanape-helyett-babzsak-lakberendezes-modern\/","title":{"rendered":"B\u00facs\u00fat inthet\u00fcnk a kanap\u00e9knak? Ez a b\u00fatordarab tarol helyette"},"content":{"rendered":"<p>A hagyom\u00e1nyos, sok helyet foglal\u00f3 \u00e9s neh\u00e9z kanap\u00e9k egyre kev\u00e9sb\u00e9 sz\u00e1m\u00edtanak alapdarabnak a <a href=\"https:\/\/www.startlap.hu\/vasarlas\/szonyeg-padlo-burkolat-trend\/\" target=\"_blank\" rel=\"noopener\">nappalikban<\/a>, helyett\u00fck \u00fajra n\u00e9pszer\u0171v\u00e9 v\u00e1lt egy b\u00fator, amely <strong>Olaszorsz\u00e1gban<\/strong> sz\u00fcletett a 60-as \u00e9vekben, \u00e9s m\u00e1ra ism\u00e9t meghat\u00e1roz\u00f3 eleme lett a modern otthonoknak: ez nem m\u00e1s, mint a <strong>babzs\u00e1kfotel<\/strong>. Ami kor\u00e1bban ink\u00e1bb diz\u00e1jnmagazinokban vagy filmekben t\u0171nt fel, ma m\u00e1r koll\u00e9giumokban, \u00faj \u00e9p\u00edt\u00e9s\u0171 lak\u00e1sokban \u00e9s h\u00e1l\u00f3szob\u00e1kban is term\u00e9szetes l\u00e1tv\u00e1ny.<\/p>\n<div class=\"o-widget m-readMoreWidget -readMore u-shortDecorLineAfter row widget-container _ce_measure_widget bigdata-widget read-more\" data-ce-measure-widget=\"olvass tov\u00e1bb\">\n\t<div class=\"m-readMoreWidget__imgWrapper image-wrapper col-12 col-md-4 no-p\">\n\t\t<a class=\"m-readMoreWidget__imgLink\" href=\"https:\/\/www.startlap.hu\/vasarlas\/tippek-tel-futes-idealis-homerseklet\/\" >\n\t\t\t<img decoding=\"async\" src=\"https:\/\/www.startlap.hu\/vasarlas\/uploads\/2025\/12\/GettyImages-1416709124_11zon-350x285.jpg\" class=\"m-readMoreWidget__img\">\n\t\t<\/a>\n\t<\/div>\n\t<div class=\"m-readMoreWidget__titleWrapper title-wrapper col-12 col-md-8\">\n\t\t<span class=\"m-readMoreWidget__titleLabel u-shortDecorLineBefore label hidden-sm-up\">Ez is \u00e9rdekelhet:<\/span>\n\t\t<h3 class=\"m-readMoreWidget__title title\">\n\t\t\t<a class=\"m-readMoreWidget__titleLink -secondFont u-bold u-upperCase\" href=\"https:\/\/www.startlap.hu\/vasarlas\/tippek-tel-futes-idealis-homerseklet\/\" >H\u00e1ny fok az ide\u00e1lis a lak\u00e1sban t\u00e9len? A 19 fokos szab\u00e1ly ideje lej\u00e1rt<\/a>\n\t\t<\/h3>\n\t\t<a class=\"m-readMoreWidget__btn -coloredBack u-tC link\" href=\"https:\/\/www.startlap.hu\/vasarlas\/tippek-tel-futes-idealis-homerseklet\/\" >Elolvasom<\/a>\n\t<\/div>\n<\/div>\n<h2>A babzs\u00e1kfotel form\u00e1lhat\u00f3 b\u00fator<\/h2>\n<p>A babzs\u00e1kokra ma m\u00e1r a lakberendez\u0151k sem csak r\u00f6vid \u00e9let\u0171 divath\u00f3bortk\u00e9nt tekintenek: teljes \u00e9rt\u00e9k\u0171 b\u00fatordarabk\u00e9nt<\/p>\n<blockquote class=\"article__extraTxt\"><p>k\u00e9pes kiv\u00e1ltani a klasszikus \u00fcl\u0151garnit\u00far\u00e1kat, mik\u00f6zben sokkal laz\u00e1bb, szabadabb \u00fcl\u00e9s\u00e9lm\u00e9nyt k\u00edn\u00e1l.<\/p><\/blockquote>\n<p>Ez j\u00f3l illeszkedik ahhoz, ahogyan ma haszn\u00e1ljuk az otthonainkat: a nappali nemcsak egy \u00edzl\u00e9sesen berendezett t\u00e9r, hanem munka, pihen\u00e9s \u00e9s k\u00f6z\u00f6s id\u0151t\u00f6lt\u00e9s helysz\u00edne is.<\/p>\n<figure id=\"attachment_2275776\" aria-describedby=\"caption-attachment-2275776\" style=\"width: 755px\" class=\"wp-caption alignnone\"><a href=\"https:\/\/www.startlap.hu\/vasarlas\/uploads\/2026\/01\/babzsak-scaled.jpg\"><img loading=\"lazy\" decoding=\"async\" class=\"size-article-size-large-image wp-image-2275776\" src=\"https:\/\/www.startlap.hu\/vasarlas\/uploads\/2026\/01\/babzsak-755x503.jpg\" alt=\"\" width=\"755\" height=\"503\" srcset=\"https:\/\/www.startlap.hu\/vasarlas\/uploads\/2026\/01\/babzsak-755x503.jpg 755w, https:\/\/www.startlap.hu\/vasarlas\/uploads\/2026\/01\/babzsak-1536x1024.jpg 1536w, https:\/\/www.startlap.hu\/vasarlas\/uploads\/2026\/01\/babzsak-2048x1366.jpg 2048w, https:\/\/www.startlap.hu\/vasarlas\/uploads\/2026\/01\/babzsak-525x350.jpg 525w\" sizes=\"auto, (max-width: 755px) 100vw, 755px\" \/><\/a><figcaption id=\"caption-attachment-2275776\" class=\"wp-caption-text\">Fot\u00f3: Getty Images<\/figcaption><\/figure>\n<p>A babzs\u00e1k n\u00e9pszer\u0171s\u00e9g\u00e9nek kulcsa az egyszer\u0171s\u00e9g\u00e9ben rejlik. Mivel nincs fix form\u00e1ja, teljesen alkalmazkodik ahhoz, ahogyan \u00e9pp haszn\u00e1ljuk. Pszichol\u00f3gusok szerint a b\u00fator form\u00e1lhat\u00f3s\u00e1ga <strong>cs\u00f6kkenti a stresszt \u00e9s er\u0151s\u00edti a komfort\u00e9rzetet.<\/strong><\/p>\n<h2>Retr\u00f3 b\u00fatordarabb\u00f3l z\u00f6ld ikon<\/h2>\n<p>A <strong>Sacco<\/strong> nev\u0171 ikonikus modell gyorsan vil\u00e1gszerte ismertt\u00e9 v\u00e1lt, m\u00e1r a 70-es \u00e9vekben a modern, felszabadult \u00e9letst\u00edlus szimb\u00f3luma lett. Nemcsak \u00fczletekben, hanem rangos m\u00fazeumokban is helyet kapott, t\u00f6bbek k\u00f6z\u00f6tt a <strong>New York-i Modern M\u0171v\u00e9szetek M\u00fazeum\u00e1ban<\/strong>. 1970-ben elnyerte a <strong>Compasso d\u2019Oro design d\u00edjat<\/strong> is, ami meger\u0151s\u00edtette: nem m\u00fal\u00f3 trendr\u0151l, hanem id\u0151t\u00e1ll\u00f3 form\u00e1r\u00f3l van sz\u00f3.<\/p>\n<p>A mai babzs\u00e1kfotelek m\u00e1r korszer\u0171 anyagokkal k\u00e9sz\u00fclnek: moshat\u00f3 huzattal, modern t\u00f6ltettel, t\u00f6bbf\u00e9le m\u00e9retben \u00e9s sz\u00ednben. K\u00f6nnyen mozgathat\u00f3k, j\u00f3l illeszkednek minimalista \u00e9s otthonos terekbe egyar\u00e1nt, mik\u00f6zben k\u00f6nnyeds\u00e9get \u00e9s rugalmass\u00e1got visznek a lak\u00e1sba.<\/p>\n<blockquote class=\"article__extraTxt\"><p>A klasszikus kanap\u00e9kkal szemben nem merev form\u00e1t, hanem alkalmazkod\u00f3k\u00e9pess\u00e9get k\u00edn\u00e1lnak.<\/p><\/blockquote>\n<p>A <a href=\"https:\/\/www.startlap.hu\/vasarlas\/muanyagmentes-julius-szulinap-buli-kellekek\/\" target=\"_blank\" rel=\"noopener\">fenntarthat\u00f3s\u00e1g<\/a> is megjelent a koncepci\u00f3ban: a<strong> Sacco Goes Green<\/strong> kezdem\u00e9nyez\u00e9s sor\u00e1n k\u00f6rnyezetbar\u00e1tabb anyagok ker\u00fcltek a gy\u00e1rt\u00e1sba. A babzs\u00e1k \u00edgy egyszerre retro ikon \u00e9s modern v\u00e1lasz a mai \u00e9letm\u00f3dv\u00e1ltoz\u00e1sokra.<\/p>\n<p><a href=\"https:\/\/www.poznatsvet.cz\/kultura-a-umeni\/sbohem-sedackam-v-obyvaku-novy-trend-z-italie-ktery-ho-navzdy-nahrazuje\/\" target=\"_blank\" target=\"_blank\" rel=\"noopener\">via<\/a><\/p>\n<div class=\"o-widget m-readMoreWidget -readMore u-shortDecorLineAfter row widget-container _ce_measure_widget bigdata-widget read-more\" data-ce-measure-widget=\"olvass tov\u00e1bb\">\n\t<div class=\"m-readMoreWidget__imgWrapper image-wrapper col-12 col-md-4 no-p\">\n\t\t<a class=\"m-readMoreWidget__imgLink\" href=\"https:\/\/www.startlap.hu\/vasarlas\/holapat-helyett-hotolo-kerekes\/\" >\n\t\t\t<img decoding=\"async\" src=\"https:\/\/www.startlap.hu\/vasarlas\/uploads\/2026\/01\/holapatolas-350x285.jpg\" class=\"m-readMoreWidget__img\">\n\t\t<\/a>\n\t<\/div>\n\t<div class=\"m-readMoreWidget__titleWrapper title-wrapper col-12 col-md-8\">\n\t\t<span class=\"m-readMoreWidget__titleLabel u-shortDecorLineBefore label hidden-sm-up\">Ez is \u00e9rdekelhet:<\/span>\n\t\t<h3 class=\"m-readMoreWidget__title title\">\n\t\t\t<a class=\"m-readMoreWidget__titleLink -secondFont u-bold u-upperCase\" href=\"https:\/\/www.startlap.hu\/vasarlas\/holapat-helyett-hotolo-kerekes\/\" >Az osztr\u00e1kok m\u00e1r ezt haszn\u00e1lj\u00e1k h\u00f3lap\u00e1t helyett: mintha var\u00e1zs\u00fct\u00e9sre t\u00fcntetn\u00e9 el a havat<\/a>\n\t\t<\/h3>\n\t\t<a class=\"m-readMoreWidget__btn -coloredBack u-tC link\" href=\"https:\/\/www.startlap.hu\/vasarlas\/holapat-helyett-hotolo-kerekes\/\" >Elolvasom<\/a>\n\t<\/div>\n<\/div>\n","protected":false},"excerpt":{"rendered":"<p>A gyorsan v\u00e1ltoz\u00f3 modern \u00e9letst\u00edlussal egyetemben otthonunk is \u00e1talakul: a nagy \u00e9s neh\u00e9z kanap\u00e9k hely\u00e9t egy m\u00e1sik, ikonikus b\u00fatordarab veszi \u00e1t.<\/p>\n","protected":false},"author":63,"featured_media":2275776,"comment_status":"closed","ping_status":"closed","sticky":false,"template":"","format":"standard","meta":{"footnotes":""},"categories":[8180],"tags":[4220,1727,4808],"class_list":["post-2275775","post","type-post","status-publish","format-standard","has-post-thumbnail","hentry","category-trending","tag-butor","tag-lakberendezes","tag-nappali"],"aioseo_notices":[],"_links":{"self":[{"href":"https:\/\/www.startlap.hu\/vasarlas\/wp-json\/wp\/v2\/posts\/2275775","targetHints":{"allow":["GET"]}}],"collection":[{"href":"https:\/\/www.startlap.hu\/vasarlas\/wp-json\/wp\/v2\/posts"}],"about":[{"href":"https:\/\/www.startlap.hu\/vasarlas\/wp-json\/wp\/v2\/types\/post"}],"author":[{"embeddable":true,"href":"https:\/\/www.startlap.hu\/vasarlas\/wp-json\/wp\/v2\/users\/63"}],"replies":[{"embeddable":true,"href":"https:\/\/www.startlap.hu\/vasarlas\/wp-json\/wp\/v2\/comments?post=2275775"}],"version-history":[{"count":4,"href":"https:\/\/www.startlap.hu\/vasarlas\/wp-json\/wp\/v2\/posts\/2275775\/revisions"}],"predecessor-version":[{"id":2275807,"href":"https:\/\/www.startlap.hu\/vasarlas\/wp-json\/wp\/v2\/posts\/2275775\/revisions\/2275807"}],"wp:featuredmedia":[{"embeddable":true,"href":"https:\/\/www.startlap.hu\/vasarlas\/wp-json\/wp\/v2\/media\/2275776"}],"wp:attachment":[{"href":"https:\/\/www.startlap.hu\/vasarlas\/wp-json\/wp\/v2\/media?parent=2275775"}],"wp:term":[{"taxonomy":"category","embeddable":true,"href":"https:\/\/www.startlap.hu\/vasarlas\/wp-json\/wp\/v2\/categories?post=2275775"},{"taxonomy":"post_tag","embeddable":true,"href":"https:\/\/www.startlap.hu\/vasarlas\/wp-json\/wp\/v2\/tags?post=2275775"}],"curies":[{"name":"wp","href":"https:\/\/api.w.org\/{rel}","templated":true}]}}