{"id":2275726,"date":"2026-01-15T11:04:43","date_gmt":"2026-01-15T10:04:43","guid":{"rendered":"https:\/\/www.startlap.hu\/vasarlas\/?p=2275726"},"modified":"2026-01-15T11:34:22","modified_gmt":"2026-01-15T10:34:22","slug":"nyugdijutalas-bankszamla-2026-februar-kormanyinfo","status":"publish","type":"post","link":"https:\/\/www.startlap.hu\/vasarlas\/nyugdijutalas-bankszamla-2026-februar-kormanyinfo\/","title":{"rendered":"V\u00e1ratlan v\u00e1ltoz\u00e1s a nyugd\u00edjutal\u00e1sban: \u00edgy \u00e9rkezik a 13. havi \u00e9s 14. havi nyugd\u00edj els\u0151 r\u00e9szlete"},"content":{"rendered":"<p>Az Orsz\u00e1ggy\u0171l\u00e9s 2025. december 10-\u00e9n fogadta el a <a href=\"https:\/\/www.startlap.hu\/vasarlas\/tizennegyedik-havi-nyugdij-orszaggyules\/\" target=\"_blank\" rel=\"noopener\">14. havi nyugd\u00edj<\/a> bevezet\u00e9s\u00e9r\u0151l sz\u00f3l\u00f3 jogszab\u00e1lyt; a juttat\u00e1st fokozatosan vezetik be, a nyugd\u00edjasok 2026 febru\u00e1rj\u00e1ban a teljes \u00f6sszeg egynegyed\u00e9t kapj\u00e1k meg.<\/p>\n<div class=\"o-widget m-readMoreWidget -readMore u-shortDecorLineAfter row widget-container _ce_measure_widget bigdata-widget read-more\" data-ce-measure-widget=\"olvass tov\u00e1bb\">\n\t<div class=\"m-readMoreWidget__imgWrapper image-wrapper col-12 col-md-4 no-p\">\n\t\t<a class=\"m-readMoreWidget__imgLink\" href=\"https:\/\/www.startlap.hu\/vasarlas\/basket-plus-arak-bevasarlas-tapasztalat-fotok\/\" >\n\t\t\t<img decoding=\"async\" src=\"https:\/\/www.startlap.hu\/vasarlas\/uploads\/2025\/12\/basket-plus33-350x285.jpg\" class=\"m-readMoreWidget__img\">\n\t\t<\/a>\n\t<\/div>\n\t<div class=\"m-readMoreWidget__titleWrapper title-wrapper col-12 col-md-8\">\n\t\t<span class=\"m-readMoreWidget__titleLabel u-shortDecorLineBefore label hidden-sm-up\">Ez is \u00e9rdekelhet:<\/span>\n\t\t<h3 class=\"m-readMoreWidget__title title\">\n\t\t\t<a class=\"m-readMoreWidget__titleLink -secondFont u-bold u-upperCase\" href=\"https:\/\/www.startlap.hu\/vasarlas\/basket-plus-arak-bevasarlas-tapasztalat-fotok\/\" >Ellopt\u00e1k a bev\u00e1s\u00e1rl\u00f3kocsimat, v\u00e9g\u00fcl egy kil\u00f3 mazsol\u00e1val \u00e1lltam 40 percig a sorban &#8211; egy est\u00e9m a szuperolcs\u00f3 orosz diszkontban<\/a>\n\t\t<\/h3>\n\t\t<a class=\"m-readMoreWidget__btn -coloredBack u-tC link\" href=\"https:\/\/www.startlap.hu\/vasarlas\/basket-plus-arak-bevasarlas-tapasztalat-fotok\/\" >Elolvasom<\/a>\n\t<\/div>\n<\/div>\n<p>A jogszab\u00e1ly szerint a nyugd\u00edjasok 2026-ban a febru\u00e1r havi nyugd\u00edjukon \u00e9s a&nbsp;13. havi nyugd\u00edjon&nbsp;fel\u00fcl 14. havi nyugd\u00edjat is kapnak, ennek \u00f6sszege<\/p>\n<blockquote class=\"article__extraTxt\"><p>a kifizet\u00e9s els\u0151 \u00e9v\u00e9ben az ell\u00e1t\u00e1s 25 sz\u00e1zal\u00e9ka, \u00e9s a korm\u00e1ny d\u00f6nt\u00e9se szerint 2030-ig el kell \u00e9rnie a nyugell\u00e1t\u00e1s \u00f6sszeg\u00e9nek 100 sz\u00e1zal\u00e9k\u00e1t.<\/p><\/blockquote>\n<p>A 14. havi nyugd\u00edj \u2013 a 13. havi nyugd\u00edjjal megegyez\u0151 m\u00f3don \u2013 annak a nyugd\u00edjasnak j\u00e1r, aki a t\u00e1rgy\u00e9vet megel\u0151z\u0151 \u00e9v legal\u00e1bb egy napj\u00e1ra, valamint a t\u00e1rgy\u00e9v febru\u00e1rj\u00e1ra r\u00e9szes\u00fclt az ell\u00e1t\u00e1sban. Tizenharmadik havi \u00e9s tizennegyedik havi nyugd\u00edjat a nyugell\u00e1t\u00e1sban r\u00e9szes\u00fcl\u0151k, vagyis az \u00f6regs\u00e9gi nyugd\u00edjasok, a hozz\u00e1tartoz\u00f3i nyugell\u00e1t\u00e1sban r\u00e9szes\u00fcl\u0151k \u00e9s a sz\u00f6vetkezeti j\u00e1rad\u00e9kosok kapnak \u2013 \u00edrta kor\u00e1bban az MTI.<\/p>\n<figure id=\"attachment_2271759\" aria-describedby=\"caption-attachment-2271759\" style=\"width: 755px\" class=\"wp-caption alignnone\"><a href=\"https:\/\/www.startlap.hu\/vasarlas\/uploads\/2025\/10\/idos-no-laptop.jpg\"><img loading=\"lazy\" decoding=\"async\" class=\"size-article-size-large-image wp-image-2271759\" src=\"https:\/\/www.startlap.hu\/vasarlas\/uploads\/2025\/10\/idos-no-laptop-755x482.jpg\" alt=\"\" width=\"755\" height=\"482\" srcset=\"https:\/\/www.startlap.hu\/vasarlas\/uploads\/2025\/10\/idos-no-laptop-755x482.jpg 755w, https:\/\/www.startlap.hu\/vasarlas\/uploads\/2025\/10\/idos-no-laptop-1536x980.jpg 1536w, https:\/\/www.startlap.hu\/vasarlas\/uploads\/2025\/10\/idos-no-laptop-548x350.jpg 548w, https:\/\/www.startlap.hu\/vasarlas\/uploads\/2025\/10\/idos-no-laptop.jpg 1600w\" sizes=\"auto, (max-width: 755px) 100vw, 755px\" \/><\/a><figcaption id=\"caption-attachment-2271759\" class=\"wp-caption-text\">Getty Images<\/figcaption><\/figure>\n<h2>\u00c1t kell \u00fctemezni a nyug\u00edjak utal\u00e1s\u00e1t<\/h2>\n<p>Szint\u00e9n tavaly decemberben a Magyar \u00c1llamkincst\u00e1r nyilv\u00e1noss\u00e1gra hozta a 2026-os <a href=\"https:\/\/www.startlap.hu\/vasarlas\/nyugdij-utalas-2026-datumok\/\" target=\"_blank\" rel=\"noopener\">nyugd\u00edjutal\u00e1si d\u00e1tumokat<\/a>, ez alapj\u00e1n a febru\u00e1r havi, a&nbsp;13. havi valamint a 14. havi nyugd\u00edj id\u00e9nre es\u0151 r\u00e9sz\u00e9t febru\u00e1r 12-\u00e9n utalj\u00e1k a bankok az \u00e9rintettek banksz\u00e1ml\u00e1ira. (A postai k\u00e9zbes\u00edt\u00e9st v\u00e1laszt\u00f3kn\u00e1l a kifizet\u00e9s id\u0151pontj\u00e1t a Magyar Posta Zrt. k\u00fcl\u00f6n nyugd\u00edjkifizet\u00e9si napt\u00e1ra hat\u00e1rozza meg.)<\/p>\n<p>A janu\u00e1r 15-ei <a href=\"https:\/\/www.startlap.hu\/gazdasag\/kormanyinfo-dontott-a-kormany-peticioznak-brusszel-haborus-tervei-ellen\/\" target=\"_blank\" rel=\"noopener\">Korm\u00e1nyinf\u00f3n<\/a> azonban kider\u00fclt, hogy a febru\u00e1ri banki nyugd\u00edjutal\u00e1sok m\u00e9gsem a tervezett \u00fctemben teljes\u00fclnek. Guly\u00e1s Gergely Minisztereln\u00f6ks\u00e9get vezet\u0151 miniszter azt mondta, hogy a korm\u00e1ny a legut\u00f3bbi \u00fcl\u00e9s\u00e9n egyeztetett a Banksz\u00f6vets\u00e9ggel a 13. \u00e9s a 14. havi nyugd\u00edj kifizet\u00e9s\u00e9nek technikai k\u00e9rd\u00e9seir\u0151l \u2013 \u00edrja a <a href=\"https:\/\/www.hirstart.hu\/site\/relocate.php?rssid=34&amp;rsspid=3&amp;ctype=rss&amp;id=43147511&amp;chk=462665211400586d9136d017f4adb3d9&amp;url=https%3A%2F%2Fwww.portfolio.hu%2Fgazdasag%2F20260115%2Ffigyelem-meglepo-bejelentes-erkezett-a-14-havi-nyugdij-folyositasarol-811235%3Futm_source%3Dhirstart%26utm_medium%3Dportfolio_linkek%26utm_campaign%3Dhiraggregator\" target=\"_blank\" target=\"_blank\" rel=\"noopener\">Portfolio<\/a>. A Banksz\u00f6vets\u00e9g jelezte, hogy a bankrendszer egyetlen napon nem k\u00e9pes biztons\u00e1gosan lebonyol\u00edtani egyszerre a 13. havi nyugd\u00edj, illetve a 14. havi nyugd\u00edj els\u0151 r\u00e9szlet\u00e9nek utal\u00e1s\u00e1t minden \u00e9rintett sz\u00e1m\u00e1ra.<\/p>\n<blockquote class=\"article__extraTxt\"><p>Ennek megfelel\u0151en a korm\u00e1ny alkalmazkodik a p\u00e9nz\u00fcgyi rendszer kapacit\u00e1saihoz, \u00e9s a kifizet\u00e9seket k\u00e9t egym\u00e1st k\u00f6vet\u0151 napon teljes\u00edtik<\/p><\/blockquote>\n<p>\u2013 tette hozz\u00e1 a miniszter.<\/p>\n<p>Guly\u00e1s Gergely elmond\u00e1sa szerint a korm\u00e1ny ezt az ir\u00e1nyt a k\u00f6vetkez\u0151 id\u0151szakban is fenn k\u00edv\u00e1nja tartani, a 14. havi nyugd\u00edj pedig a k\u00f6vetkez\u0151 korm\u00e1nyzati ciklusban v\u00e1lna teljess\u00e9. A mostani kifizet\u00e9sek m\u00e9g a jelenlegi k\u00f6lts\u00e9gvet\u00e9s terh\u00e9re t\u00f6rt\u00e9nnek, a j\u00f6v\u0151 \u00e9vi finansz\u00edroz\u00e1s k\u00e9rd\u00e9s\u00e9t pedig a szok\u00e1sos k\u00f6lts\u00e9gvet\u00e9si fel\u00fclvizsg\u00e1lat keret\u00e9ben \u00e9rt\u00e9kelik majd.<\/p>\n<div class=\"o-widget m-readMoreWidget -readMore u-shortDecorLineAfter row widget-container _ce_measure_widget bigdata-widget read-more\" data-ce-measure-widget=\"olvass tov\u00e1bb\">\n\t<div class=\"m-readMoreWidget__imgWrapper image-wrapper col-12 col-md-4 no-p\">\n\t\t<a class=\"m-readMoreWidget__imgLink\" href=\"https:\/\/www.startlap.hu\/vasarlas\/suto-alatti-fiok-etel-melegen-tartas-trukk\/\" >\n\t\t\t<img decoding=\"async\" src=\"https:\/\/www.startlap.hu\/vasarlas\/uploads\/2025\/11\/suto-tisztitas-350x285.jpg\" class=\"m-readMoreWidget__img\">\n\t\t<\/a>\n\t<\/div>\n\t<div class=\"m-readMoreWidget__titleWrapper title-wrapper col-12 col-md-8\">\n\t\t<span class=\"m-readMoreWidget__titleLabel u-shortDecorLineBefore label hidden-sm-up\">Ez is \u00e9rdekelhet:<\/span>\n\t\t<h3 class=\"m-readMoreWidget__title title\">\n\t\t\t<a class=\"m-readMoreWidget__titleLink -secondFont u-bold u-upperCase\" href=\"https:\/\/www.startlap.hu\/vasarlas\/suto-alatti-fiok-etel-melegen-tartas-trukk\/\" >Mire val\u00f3 a s\u00fct\u0151k alatti fi\u00f3k val\u00f3j\u00e1ban? Nem a t\u00e1rol\u00e1s a legf\u0151bb funkci\u00f3ja!<\/a>\n\t\t<\/h3>\n\t\t<a class=\"m-readMoreWidget__btn -coloredBack u-tC link\" href=\"https:\/\/www.startlap.hu\/vasarlas\/suto-alatti-fiok-etel-melegen-tartas-trukk\/\" >Elolvasom<\/a>\n\t<\/div>\n<\/div>\n","protected":false},"excerpt":{"rendered":"<p>A nyugd\u00edjasok 2026-ban a febru\u00e1r havi \u00e9s a 13. havi nyugd\u00edjukon fel\u00fcl 14. havi nyugd\u00edjat is kapnak, de a banksz\u00e1ml\u00e1kra utal\u00e1s \u00fctemez\u00e9s\u00e9t biztons\u00e1gi okokb\u00f3l m\u00f3dos\u00edtani kell.<\/p>\n","protected":false},"author":7,"featured_media":2271759,"comment_status":"closed","ping_status":"closed","sticky":false,"template":"","format":"standard","meta":{"footnotes":""},"categories":[8180],"tags":[17196,3292,77],"class_list":["post-2275726","post","type-post","status-publish","format-standard","has-post-thumbnail","hentry","category-trending","tag-13-havi-nyugdij","tag-atutalas","tag-nyugdijas"],"aioseo_notices":[],"_links":{"self":[{"href":"https:\/\/www.startlap.hu\/vasarlas\/wp-json\/wp\/v2\/posts\/2275726","targetHints":{"allow":["GET"]}}],"collection":[{"href":"https:\/\/www.startlap.hu\/vasarlas\/wp-json\/wp\/v2\/posts"}],"about":[{"href":"https:\/\/www.startlap.hu\/vasarlas\/wp-json\/wp\/v2\/types\/post"}],"author":[{"embeddable":true,"href":"https:\/\/www.startlap.hu\/vasarlas\/wp-json\/wp\/v2\/users\/7"}],"replies":[{"embeddable":true,"href":"https:\/\/www.startlap.hu\/vasarlas\/wp-json\/wp\/v2\/comments?post=2275726"}],"version-history":[{"count":4,"href":"https:\/\/www.startlap.hu\/vasarlas\/wp-json\/wp\/v2\/posts\/2275726\/revisions"}],"predecessor-version":[{"id":2275731,"href":"https:\/\/www.startlap.hu\/vasarlas\/wp-json\/wp\/v2\/posts\/2275726\/revisions\/2275731"}],"wp:featuredmedia":[{"embeddable":true,"href":"https:\/\/www.startlap.hu\/vasarlas\/wp-json\/wp\/v2\/media\/2271759"}],"wp:attachment":[{"href":"https:\/\/www.startlap.hu\/vasarlas\/wp-json\/wp\/v2\/media?parent=2275726"}],"wp:term":[{"taxonomy":"category","embeddable":true,"href":"https:\/\/www.startlap.hu\/vasarlas\/wp-json\/wp\/v2\/categories?post=2275726"},{"taxonomy":"post_tag","embeddable":true,"href":"https:\/\/www.startlap.hu\/vasarlas\/wp-json\/wp\/v2\/tags?post=2275726"}],"curies":[{"name":"wp","href":"https:\/\/api.w.org\/{rel}","templated":true}]}}