{"id":2275627,"date":"2026-01-13T18:33:54","date_gmt":"2026-01-13T17:33:54","guid":{"rendered":"https:\/\/www.startlap.hu\/vasarlas\/?p=2275627"},"modified":"2026-01-13T16:38:36","modified_gmt":"2026-01-13T15:38:36","slug":"padlofutes-helyett-futesi-tippek-hatekonysag-szakerto","status":"publish","type":"post","link":"https:\/\/www.startlap.hu\/vasarlas\/padlofutes-helyett-futesi-tippek-hatekonysag-szakerto\/","title":{"rendered":"Viszl\u00e1t, padl\u00f3f\u0171t\u00e9s! Egy f\u0171t\u00e9sszak\u00e9rt\u0151 el\u00e1rulta, mi\u00e9rt v\u00e1lasztana m\u00e1s megold\u00e1st"},"content":{"rendered":"<p>Lak\u00e1sfel\u00faj\u00edt\u00e1s vagy h\u00e1z\u00e1talak\u00edt\u00e1s el\u0151tt az egyik legfontosabb k\u00e9rd\u00e9s mindig az, milyen f\u0171t\u00e9si rendszer ker\u00fclj\u00f6n az otthonba. \u00c9rdemes-e m\u00e9g beruh\u00e1zni a kor\u00e1bban rendk\u00edv\u00fcl n\u00e9pszer\u0171 <a href=\"https:\/\/www.startlap.hu\/vasarlas\/szonyeg-alatti-futopanel-padlofutes-meleg-lakas-tel\/\" target=\"_blank\" rel=\"noopener\">padl\u00f3f\u0171t\u00e9sbe<\/a>, vagy m\u00e1ra l\u00e9teznek enn\u00e9l praktikusabb megold\u00e1sok is? Egy f\u0171t\u00e9stechnikai szak\u00e9rt\u0151 szerint a v\u00e1lasz egyre ink\u00e1bb az ut\u00f3bbi ir\u00e1nyba mutat. A klasszikus padl\u00f3f\u0171t\u00e9s ugyanis lassan h\u00e1tt\u00e9rbe szorul, \u00e9s hely\u00e9t egy \u00faj, rugalmasabb rendszer veszi \u00e1t.<\/p>\n<div class=\"o-widget m-readMoreWidget -readMore u-shortDecorLineAfter row widget-container _ce_measure_widget bigdata-widget read-more\" data-ce-measure-widget=\"olvass tov\u00e1bb\">\n\t<div class=\"m-readMoreWidget__imgWrapper image-wrapper col-12 col-md-4 no-p\">\n\t\t<a class=\"m-readMoreWidget__imgLink\" href=\"https:\/\/www.startlap.hu\/vasarlas\/wifi-mikro-internet-router-korlatozas-gyorsasag\/\" >\n\t\t\t<img decoding=\"async\" src=\"https:\/\/www.startlap.hu\/vasarlas\/uploads\/2025\/09\/GettyImages-1241445196-350x285.jpg\" class=\"m-readMoreWidget__img\">\n\t\t<\/a>\n\t<\/div>\n\t<div class=\"m-readMoreWidget__titleWrapper title-wrapper col-12 col-md-8\">\n\t\t<span class=\"m-readMoreWidget__titleLabel u-shortDecorLineBefore label hidden-sm-up\">Ez is \u00e9rdekelhet:<\/span>\n\t\t<h3 class=\"m-readMoreWidget__title title\">\n\t\t\t<a class=\"m-readMoreWidget__titleLink -secondFont u-bold u-upperCase\" href=\"https:\/\/www.startlap.hu\/vasarlas\/wifi-mikro-internet-router-korlatozas-gyorsasag\/\" >K\u00e9t Wi-Fi-gyilkos h\u00e1ztart\u00e1si g\u00e9p a lak\u00e1sban &#8211; nem is sejted, mi\u00e9rt nincs el\u00e9g er\u0151s jel az otthonodban<\/a>\n\t\t<\/h3>\n\t\t<a class=\"m-readMoreWidget__btn -coloredBack u-tC link\" href=\"https:\/\/www.startlap.hu\/vasarlas\/wifi-mikro-internet-router-korlatozas-gyorsasag\/\" >Elolvasom<\/a>\n\t<\/div>\n<\/div>\n<h2>A klasszikus padl\u00f3f\u0171t\u00e9s h\u00e1tt\u00e9rbe szorul<\/h2>\n<p>Nem is olyan r\u00e9gen a padl\u00f3f\u0171t\u00e9s az egyik legkeresettebb megold\u00e1snak sz\u00e1m\u00edtott. Sokak sz\u00e1m\u00e1ra vonz\u00f3 volt az a lehet\u0151s\u00e9g, hogy megszabadulhatnak a<a href=\"https:\/\/www.startlap.hu\/vasarlas\/radiator-futes\/\" target=\"_blank\" rel=\"noopener\"> radi\u00e1torokt\u00f3l<\/a>, \u00e9s a meleget egyenletesen, a padl\u00f3b\u00f3l kapj\u00e1k. Napjainkban azonban egy m\u00e1sik megold\u00e1s ker\u00fcl el\u0151t\u00e9rbe. Egyre t\u00f6bben mondanak le a hagyom\u00e1nyos, vizes padl\u00f3f\u0171t\u00e9sr\u0151l, \u00e9s helyette <strong>elektromos f\u0171t\u0151sz\u0151nyegeket<\/strong> telep\u00edtenek otthonukba. Ezek a rendszerek hasonl\u00f3 m\u00f3don, k\u00f6zvetlen\u00fcl a padl\u00f3burkolat al\u00e1 ker\u00fclnek, \u00e1m m\u0171k\u00f6d\u00e9s\u00fck j\u00f3val egyszer\u0171bb.<\/p>\n<figure id=\"attachment_2275673\" aria-describedby=\"caption-attachment-2275673\" style=\"width: 755px\" class=\"wp-caption alignnone\"><a href=\"https:\/\/www.startlap.hu\/vasarlas\/uploads\/2026\/01\/padlo-scaled.jpg\"><img loading=\"lazy\" decoding=\"async\" class=\"size-article-size-large-image wp-image-2275673\" src=\"https:\/\/www.startlap.hu\/vasarlas\/uploads\/2026\/01\/padlo-755x503.jpg\" alt=\"\" width=\"755\" height=\"503\" srcset=\"https:\/\/www.startlap.hu\/vasarlas\/uploads\/2026\/01\/padlo-755x503.jpg 755w, https:\/\/www.startlap.hu\/vasarlas\/uploads\/2026\/01\/padlo-1536x1024.jpg 1536w, https:\/\/www.startlap.hu\/vasarlas\/uploads\/2026\/01\/padlo-2048x1365.jpg 2048w, https:\/\/www.startlap.hu\/vasarlas\/uploads\/2026\/01\/padlo-525x350.jpg 525w\" sizes=\"auto, (max-width: 755px) 100vw, 755px\" \/><\/a><figcaption id=\"caption-attachment-2275673\" class=\"wp-caption-text\">Fot\u00f3: Getty Images<\/figcaption><\/figure>\n<h2>\u00daj trend a f\u0171t\u00e9sben<\/h2>\n<p>B\u00e1r a hagyom\u00e1nyos padl\u00f3f\u0171t\u00e9snek megvannak a maga el\u0151nyei, telep\u00edt\u00e9se kifejezetten bonyolult, \u00e9s komoly \u00e9p\u00edt\u00e9si munk\u00e1latokat ig\u00e9nyel. Ez \u00e1ltal\u00e1ban magas kezdeti k\u00f6lts\u00e9gekkel j\u00e1r egy\u00fctt.<\/p>\n<blockquote class=\"article__extraTxt\"><p>R\u00e9gebbi \u00e9p\u00edt\u00e9s\u0171 h\u00e1zak eset\u00e9ben a padl\u00f3f\u0171t\u00e9s kialak\u00edt\u00e1sa sokszor rendk\u00edv\u00fcl neh\u00e9z, bizonyos esetekben pedig egyenesen kivitelezhetetlen.<\/p><\/blockquote>\n<p>\u00c9ppen ez\u00e9rt sokan keresnek el\u00e9rhet\u0151bb, rugalmasabb alternat\u00edv\u00e1t &#8211; \u00e9s itt j\u00f6nnek k\u00e9pbe az elektromos f\u0171t\u0151sz\u0151nyegek. Ezeket k\u00f6zvetlen\u00fcl a padl\u00f3burkolat al\u00e1 helyezik el, m\u0171k\u00f6d\u00e9s\u00fckh\u00f6z pedig nincs sz\u00fcks\u00e9g v\u00edzre.<strong> A h\u0151t v\u00e9kony sz\u0151nyegekbe \u00e1gyazott elektromos f\u0171t\u0151k\u00e1belek biztos\u00edtj\u00e1k, amelyek egyenletesen oszlanak el a fel\u00fcleten.<\/strong> Ennek k\u00f6sz\u00f6nhet\u0151en rendk\u00edv\u00fcl pontos szab\u00e1lyoz\u00e1s v\u00e1lik lehet\u0151v\u00e9: ak\u00e1r minden helyis\u00e9gben k\u00fcl\u00f6n termoszt\u00e1tot is be\u00e1ll\u00edthatunk, \u00edgy csak ott f\u0171t\u00fcnk, ahol val\u00f3ban sz\u00fcks\u00e9ges.<\/p>\n<h2>Hogyan m\u0171k\u00f6dik az elektromos padl\u00f3f\u0171t\u00e9s?<\/h2>\n<p>Az elektromos padl\u00f3f\u0171t\u00e9s alacsony h\u0151m\u00e9rs\u00e9klet\u0171 h\u0151forr\u00e1sk\u00e9nt m\u0171k\u00f6dik, nagy f\u0171t\u00e9si fel\u00fclettel. A padl\u00f3 felsz\u00edni h\u0151m\u00e9rs\u00e9klete \u00e1ltal\u00e1ban mind\u00f6ssze 2\u20133 Celsius-fokkal alacsonyabb, mint a helyis\u00e9g leveg\u0151j\u00e9nek h\u0151m\u00e9rs\u00e9klete, vagyis k\u00f6r\u00fclbel\u00fcl 22\u201325 \u00b0C k\u00f6z\u00f6tt mozog.<\/p>\n<p><strong>N\u00f6vekv\u0151 n\u00e9pszer\u0171s\u00e9g\u00fck egyik legf\u0151bb oka az egyszer\u0171 \u00e9s gyors telep\u00edt\u00e9s<\/strong>. Gyakran nincs sz\u00fcks\u00e9g komolyabb bont\u00e1si munk\u00e1latokra, \u00edgy kiv\u00e1l\u00f3 v\u00e1laszt\u00e1snak bizonyulnak lak\u00e1sfel\u00faj\u00edt\u00e1sokn\u00e1l vagy egyes helyis\u00e9gek &#8211; p\u00e9ld\u00e1ul f\u00fcrd\u0151szob\u00e1k &#8211; korszer\u0171s\u00edt\u00e9s\u00e9n\u00e9l. A rendszer m\u0171k\u00f6d\u00e9s\u00e9hez nincs sz\u00fcks\u00e9g kaz\u00e1nra sem vagy bonyolult cs\u0151h\u00e1l\u00f3zatra. Emellett az elektromos f\u0171t\u00e9s karbantart\u00e1sa is l\u00e9nyegesen egyszer\u0171bb, mint a hagyom\u00e1nyos padl\u00f3f\u0171t\u00e9s\u00e9. <strong>Mivel nincsenek mozg\u00f3 alkatr\u00e9szek vagy v\u00edzzel m\u0171k\u00f6d\u0151 bels\u0151 vezet\u00e9kek, minim\u00e1lisra cs\u00f6kken az es\u00e9lye annak, hogy szakembert kelljen h\u00edvni egy meghib\u00e1sod\u00e1s miatt.<\/strong><\/p>\n<h2>Hov\u00e1 ide\u00e1lis az elektromos padl\u00f3f\u0171t\u00e9s?<\/h2>\n<p>Els\u0151sorban alacsony energiaig\u00e9ny\u0171 otthonokba aj\u00e1nlott. B\u00e1rmilyen m\u00e9ret\u0171 \u00e9s form\u00e1j\u00fa helyis\u00e9gben j\u00f3l m\u0171k\u00f6dik, a belmagass\u00e1g sem jelent probl\u00e9m\u00e1t. Az egyenetlen alaprajz\u00fa szob\u00e1kat is egyenletesen k\u00e9pes kif\u0171teni. Ugyanakkor vannak kiv\u00e9telek. Az elektromos f\u0171t\u0151sz\u0151nyegek p\u00e9ld\u00e1ul <strong>nem ide\u00e1lisak h\u00e1l\u00f3szob\u00e1kba, ahol jellemz\u0151en nagy szekr\u00e9nyek \u00e9s \u00e1gyak foglalj\u00e1k el a padl\u00f3 jelent\u0151s r\u00e9sz\u00e9t.<\/strong> Padl\u00f3f\u0171t\u00e9s tervez\u00e9sekor \u00e9rdemes el\u0151re \u00e1tgondolni a b\u00fatorok elhelyez\u00e9s\u00e9t, mivel a nagy fel\u00fcleten \u00e1ll\u00f3 b\u00fatorok felfogj\u00e1k a h\u0151t, \u00edgy a <a href=\"https:\/\/www.startlap.hu\/vasarlas\/rezsi-futesszamla-konyha-suto\/\" target=\"_blank\" rel=\"noopener\">f\u0171t\u00e9s<\/a> hat\u00e9konys\u00e1ga jelent\u0151sen cs\u00f6kkenhet.<\/p>\n<h2>Padl\u00f3burkolat ter\u00e9n sincs nagy kompromisszum<\/h2>\n<p>Az elektromos padl\u00f3f\u0171t\u00e9s szinte minden elterjedt burkolatt\u00edpus al\u00e1 telep\u00edthet\u0151: ker\u00e1mialap, PVC \u00e9s vinil eset\u00e9n is kiv\u00e1l\u00f3an m\u0171k\u00f6dik. Ezek az anyagok r\u00e1ad\u00e1sul j\u00f3 h\u0151vezet\u0151 tulajdons\u00e1gokkal rendelkeznek. Fa burkolat al\u00e1 is elhelyezhet\u0151, \u00e1m ilyenkor figyelembe kell venni, hogy min\u00e9l vastagabb \u00e9s t\u00f6m\u00f6rebb a faanyag, ann\u00e1l rosszabb a h\u0151vezet\u00e9se, \u00e9s ann\u00e1l magasabbak lehetnek az \u00fczemeltet\u00e9si k\u00f6lts\u00e9gek.<\/p>\n<p><strong>A padl\u00f3f\u0171t\u00e9s nemcsak m\u0171szaki, hanem eszt\u00e9tikai k\u00e9rd\u00e9s is<\/strong>. A radi\u00e1torok elhagy\u00e1s\u00e1val letisztultabb, rendezettebb bels\u0151 t\u00e9r alak\u00edthat\u00f3 ki. A padl\u00f3b\u00f3l \u00e1rad\u00f3 h\u0151 kevesebb l\u00e9gmozg\u00e1ssal j\u00e1r, ami cs\u00f6kkenti a por mennyis\u00e9g\u00e9t, \u00e9s kedvez\u0151bb p\u00e1ratartalmat eredm\u00e9nyez. Ez k\u00fcl\u00f6n\u00f6sen el\u0151ny\u00f6s lehet allergi\u00e1sok sz\u00e1m\u00e1ra. B\u00e1r az elektromos f\u0171t\u0151sz\u0151nyegek egyik h\u00e1tr\u00e1nya a lassabb felf\u0171t\u00e9s, ezt ellens\u00falyozza az a t\u00e9ny, hogy a padl\u00f3 kikapcsol\u00e1s ut\u00e1n ak\u00e1r \u00f3r\u00e1kig is meleg marad.<\/p>\n<p><a href=\"https:\/\/energozrouti.cz\/clanek\/podlahove-topeni-ustupuje-trend-topne-rohoze\" target=\"_blank\" target=\"_blank\" rel=\"noopener\">via<\/a><\/p>\n<div class=\"o-widget m-readMoreWidget -readMore u-shortDecorLineAfter row widget-container _ce_measure_widget bigdata-widget read-more\" data-ce-measure-widget=\"olvass tov\u00e1bb\">\n\t<div class=\"m-readMoreWidget__imgWrapper image-wrapper col-12 col-md-4 no-p\">\n\t\t<a class=\"m-readMoreWidget__imgLink\" href=\"https:\/\/www.startlap.hu\/vasarlas\/zuhanykabin-lidl-zuhanyfuggony-furdoszoba-akcio\/\" >\n\t\t\t<img decoding=\"async\" src=\"https:\/\/www.startlap.hu\/vasarlas\/uploads\/2026\/01\/zuhanyzo-no-01-350x285.jpg\" class=\"m-readMoreWidget__img\">\n\t\t<\/a>\n\t<\/div>\n\t<div class=\"m-readMoreWidget__titleWrapper title-wrapper col-12 col-md-8\">\n\t\t<span class=\"m-readMoreWidget__titleLabel u-shortDecorLineBefore label hidden-sm-up\">Ez is \u00e9rdekelhet:<\/span>\n\t\t<h3 class=\"m-readMoreWidget__title title\">\n\t\t\t<a class=\"m-readMoreWidget__titleLink -secondFont u-bold u-upperCase\" href=\"https:\/\/www.startlap.hu\/vasarlas\/zuhanykabin-lidl-zuhanyfuggony-furdoszoba-akcio\/\" >Rengeteg magyar cser\u00e9lheti le a zuhanykabinj\u00e1t &#8211; k\u00e9tezer forintos term\u00e9k\u00e9rt rohanhatj\u00e1k meg a Lidlt<\/a>\n\t\t<\/h3>\n\t\t<a class=\"m-readMoreWidget__btn -coloredBack u-tC link\" href=\"https:\/\/www.startlap.hu\/vasarlas\/zuhanykabin-lidl-zuhanyfuggony-furdoszoba-akcio\/\" >Elolvasom<\/a>\n\t<\/div>\n<\/div>\n","protected":false},"excerpt":{"rendered":"<p>Fel\u00faj\u00edt\u00e1s el\u0151tt \u00e1llsz? A valaha sl\u00e1gernek sz\u00e1m\u00edt\u00f3, klasszikus padl\u00f3f\u0171t\u00e9s m\u00e1r kev\u00e9sb\u00e9 n\u00e9pszer\u0171. Egyre t\u00f6bben v\u00e1lasztanak egyszer\u0171bb, korszer\u0171bb alternat\u00edv\u00e1t.<\/p>\n","protected":false},"author":64,"featured_media":2275673,"comment_status":"closed","ping_status":"closed","sticky":false,"template":"","format":"standard","meta":{"footnotes":""},"categories":[8180],"tags":[2398,7810,19642,15916,3640],"class_list":["post-2275627","post","type-post","status-publish","format-standard","has-post-thumbnail","hentry","category-trending","tag-futes","tag-hatekonysag","tag-haztartasi-praktika","tag-padloburkolat","tag-tippek"],"aioseo_notices":[],"_links":{"self":[{"href":"https:\/\/www.startlap.hu\/vasarlas\/wp-json\/wp\/v2\/posts\/2275627","targetHints":{"allow":["GET"]}}],"collection":[{"href":"https:\/\/www.startlap.hu\/vasarlas\/wp-json\/wp\/v2\/posts"}],"about":[{"href":"https:\/\/www.startlap.hu\/vasarlas\/wp-json\/wp\/v2\/types\/post"}],"author":[{"embeddable":true,"href":"https:\/\/www.startlap.hu\/vasarlas\/wp-json\/wp\/v2\/users\/64"}],"replies":[{"embeddable":true,"href":"https:\/\/www.startlap.hu\/vasarlas\/wp-json\/wp\/v2\/comments?post=2275627"}],"version-history":[{"count":9,"href":"https:\/\/www.startlap.hu\/vasarlas\/wp-json\/wp\/v2\/posts\/2275627\/revisions"}],"predecessor-version":[{"id":2275674,"href":"https:\/\/www.startlap.hu\/vasarlas\/wp-json\/wp\/v2\/posts\/2275627\/revisions\/2275674"}],"wp:featuredmedia":[{"embeddable":true,"href":"https:\/\/www.startlap.hu\/vasarlas\/wp-json\/wp\/v2\/media\/2275673"}],"wp:attachment":[{"href":"https:\/\/www.startlap.hu\/vasarlas\/wp-json\/wp\/v2\/media?parent=2275627"}],"wp:term":[{"taxonomy":"category","embeddable":true,"href":"https:\/\/www.startlap.hu\/vasarlas\/wp-json\/wp\/v2\/categories?post=2275627"},{"taxonomy":"post_tag","embeddable":true,"href":"https:\/\/www.startlap.hu\/vasarlas\/wp-json\/wp\/v2\/tags?post=2275627"}],"curies":[{"name":"wp","href":"https:\/\/api.w.org\/{rel}","templated":true}]}}