{"id":2275612,"date":"2026-01-13T05:33:17","date_gmt":"2026-01-13T04:33:17","guid":{"rendered":"https:\/\/www.startlap.hu\/vasarlas\/?p=2275612"},"modified":"2026-01-12T16:34:52","modified_gmt":"2026-01-12T15:34:52","slug":"zuhanykabin-lidl-zuhanyfuggony-furdoszoba-akcio","status":"publish","type":"post","link":"https:\/\/www.startlap.hu\/vasarlas\/zuhanykabin-lidl-zuhanyfuggony-furdoszoba-akcio\/","title":{"rendered":"Rengeteg magyar cser\u00e9lheti le a zuhanykabinj\u00e1t &#8211; k\u00e9tezer forintos term\u00e9k\u00e9rt rohanhatj\u00e1k meg a Lidlt"},"content":{"rendered":"<p>A <a href=\"https:\/\/www.startlap.hu\/vasarlas\/zuhanykabin-helyett-uj-furdoszoba-trend-2026\/\" target=\"_blank\" rel=\"noopener\">zuhanykabin<\/a> els\u0151re praktikus megold\u00e1snak t\u0171nik, de a mindennapokban sok bossz\u00fas\u00e1got okozhat: a v\u00edzk\u0151 gyorsan lerak\u00f3dik az \u00fcveg- \u00e9s f\u00e9mfel\u00fcleteken, ez\u00e9rt \u00e1lland\u00f3 takar\u00edt\u00e1st ig\u00e9nyel, emellett nagy helyet foglal el a f\u00fcrd\u0151szob\u00e1ban, ami k\u00fcl\u00f6n\u00f6sen kis alapter\u00fclet\u0171 lak\u00e1sokn\u00e1l zavar\u00f3, hiszen sz\u0171k\u00f6sebbnek hat t\u0151le a t\u00e9r. R\u00e1ad\u00e1sul a zuhanykabin szerkezet\u00e9ben k\u00f6nnyen keletkezhet meghib\u00e1sod\u00e1s, ami sziv\u00e1rg\u00e1shoz, be\u00e1z\u00e1shoz vagy nehezen z\u00e1r\u00f3d\u00f3 ajt\u00f3hoz vezet, \u00e9s jav\u00edt\u00e1st vagy ak\u00e1r cser\u00e9t is ig\u00e9nyelhet.<\/p>\n<div class=\"o-widget m-readMoreWidget -readMore u-shortDecorLineAfter row widget-container _ce_measure_widget bigdata-widget read-more\" data-ce-measure-widget=\"olvass tov\u00e1bb\">\n\t<div class=\"m-readMoreWidget__imgWrapper image-wrapper col-12 col-md-4 no-p\">\n\t\t<a class=\"m-readMoreWidget__imgLink\" href=\"https:\/\/www.startlap.hu\/vasarlas\/hajmosas-gyakorisag-borgyogyasz\/\" >\n\t\t\t<img decoding=\"async\" src=\"https:\/\/www.startlap.hu\/vasarlas\/uploads\/2025\/12\/hajmosas-350x285.jpg\" class=\"m-readMoreWidget__img\">\n\t\t<\/a>\n\t<\/div>\n\t<div class=\"m-readMoreWidget__titleWrapper title-wrapper col-12 col-md-8\">\n\t\t<span class=\"m-readMoreWidget__titleLabel u-shortDecorLineBefore label hidden-sm-up\">Ez is \u00e9rdekelhet:<\/span>\n\t\t<h3 class=\"m-readMoreWidget__title title\">\n\t\t\t<a class=\"m-readMoreWidget__titleLink -secondFont u-bold u-upperCase\" href=\"https:\/\/www.startlap.hu\/vasarlas\/hajmosas-gyakorisag-borgyogyasz\/\" >Nem heti egyszer, nem minden m\u00e1sodik nap: b\u0151rgy\u00f3gy\u00e1sz elmagyar\u00e1zta, milyen gyakran kell hajat mosni<\/a>\n\t\t<\/h3>\n\t\t<a class=\"m-readMoreWidget__btn -coloredBack u-tC link\" href=\"https:\/\/www.startlap.hu\/vasarlas\/hajmosas-gyakorisag-borgyogyasz\/\" >Elolvasom<\/a>\n\t<\/div>\n<\/div>\n<p>Mindezek a bossz\u00fas\u00e1gok azonban egy csap\u00e1sra megsz\u0171nnek, ha a <a href=\"https:\/\/www.startlap.hu\/vasarlas\/lild-bevasarlokocsi-zarolas\/\" target=\"_blank\" rel=\"noopener\">Lidl<\/a> aj\u00e1nlata mellett d\u00f6nt\u00fcnk, ugyanis a modern zuhanyf\u00fcgg\u00f6ny\u00f6k m\u00e1r nem a r\u00e9gi, tapad\u00f3s m\u0171anyag lapokra eml\u00e9keztetnek: eszt\u00e9tikusak, k\u00f6nnyen kezelhet\u0151k, \u00e9s meglep\u0151en sok \u00e9lethelyzetben jobban m\u0171k\u00f6dnek, mint egy fix kabin.<\/p>\n<h2>Hol el\u0151ny\u00f6sebb a zuhanyf\u00fcgg\u00f6ny?<\/h2>\n<p>Kisebb <a href=\"https:\/\/www.startlap.hu\/vasarlas\/vizvezetek-szerelo-szakerto-rezsi-kiadasok-tipp\/\" target=\"_blank\" rel=\"noopener\">f\u00fcrd\u0151szob\u00e1kban<\/a> \u00e9l\u0151k sz\u00e1m\u00e1ra a zuhanyf\u00fcgg\u00f6ny kifejezetten el\u0151ny\u00f6s. Mivel haszn\u00e1laton k\u00edv\u00fcl teljesen elh\u00fazhat\u00f3, vizu\u00e1lisan \u00e9s fizikailag is t\u00f6bb teret hagy maga ut\u00e1n. Egy merev zuhanykabin gyakran \u201ebez\u00e1rja\u201d a teret, m\u00edg a f\u00fcgg\u00f6ny rugalmasan alkalmazkodik a hely adotts\u00e1gaihoz, ami k\u00fcl\u00f6n\u00f6sen panel- vagy r\u00e9gi b\u00e9rlak\u00e1sokban sz\u00e1m\u00edt sokat.<\/p>\n<p>Azoknak is jobb v\u00e1laszt\u00e1s lehet a zuhanyf\u00fcgg\u00f6ny, akik gyakran alak\u00edtj\u00e1k \u00e1t a f\u00fcrd\u0151szob\u00e1t, vagy nem terveznek hossz\u00fa t\u00e1vra. Egy kabin be\u00e9p\u00edt\u00e9se k\u00f6lts\u00e9ges \u00e9s nehezen visszaford\u00edthat\u00f3, m\u00edg egy f\u00fcgg\u00f6ny olcs\u00f3n cser\u00e9lhet\u0151, vari\u00e1lhat\u00f3, ak\u00e1r \u00e9vszakonk\u00e9nt vagy hangulat szerint. Alb\u00e9rletben \u00e9l\u0151knek ez k\u00fcl\u00f6n\u00f6sen fontos szempont.<\/p>\n<figure id=\"attachment_2275615\" aria-describedby=\"caption-attachment-2275615\" style=\"width: 755px\" class=\"wp-caption alignnone\"><a href=\"https:\/\/www.startlap.hu\/vasarlas\/uploads\/2026\/01\/zuhanyzo-no-01.jpg\"><img loading=\"lazy\" decoding=\"async\" class=\"size-article-size-large-image wp-image-2275615\" src=\"https:\/\/www.startlap.hu\/vasarlas\/uploads\/2026\/01\/zuhanyzo-no-01-755x451.jpg\" alt=\"\" width=\"755\" height=\"451\" srcset=\"https:\/\/www.startlap.hu\/vasarlas\/uploads\/2026\/01\/zuhanyzo-no-01-755x451.jpg 755w, https:\/\/www.startlap.hu\/vasarlas\/uploads\/2026\/01\/zuhanyzo-no-01-586x350.jpg 586w, https:\/\/www.startlap.hu\/vasarlas\/uploads\/2026\/01\/zuhanyzo-no-01.jpg 1500w\" sizes=\"auto, (max-width: 755px) 100vw, 755px\" \/><\/a><figcaption id=\"caption-attachment-2275615\" class=\"wp-caption-text\">Getty Images<\/figcaption><\/figure>\n<h2>Kisebb vesz\u00e9lyforr\u00e1s a zuhanyf\u00fcgg\u00f6ny<\/h2>\n<p>Csal\u00e1dosok, kisgyermekkel \u00e9l\u0151k sz\u00e1m\u00e1ra a zuhanyf\u00fcgg\u00f6ny szint\u00e9n praktikusabb lehet. K\u00f6nnyebb a gyereket f\u00fcrdetni, mert nincs magas k\u00fcsz\u00f6b vagy sz\u0171k ny\u00edl\u00e1s, amin \u00e1t kellene emelni. Emellett egy f\u00fcgg\u00f6ny kev\u00e9sb\u00e9 vesz\u00e9lyes: nincs \u00fcvegfel\u00fclet, ami elt\u00f6rhetne, \u00edgy a balesetvesz\u00e9ly is kisebb.<\/p>\n<p>Az id\u0151sebbek vagy mozg\u00e1sukban korl\u00e1tozottak sz\u00e1m\u00e1ra is sokszor a f\u00fcgg\u00f6ny a jobb megold\u00e1s. K\u00f6nnyebb be- \u00e9s kil\u00e9pni a zuhanyz\u00f3ba, nem kell ajt\u00f3t nyitni vagy csukni, \u00e9s egyszer\u0171bb kapaszkod\u00f3kat, \u00fcl\u0151k\u00e9t elhelyezni. A hozz\u00e1f\u00e9rhet\u0151s\u00e9g szempontj\u00e1b\u00f3l a zuhanyf\u00fcgg\u00f6ny rugalmasabb, mint egy fix kabin.<\/p>\n<h2>Hol vegy\u00fcnk zuhanyf\u00fcgg\u00f6nyt?<\/h2>\n<p>Zuhanyf\u00fcgg\u00f6nyt beszerezni egy\u00e1ltal\u00e1n nem okoz neh\u00e9zs\u00e9get, kih\u00edv\u00e1st ink\u00e1bb az jelent, hogy a hatalmas k\u00edn\u00e1latb\u00f3l melyik term\u00e9ket v\u00e1lasszuk. Ebben a d\u00f6nt\u00e9sben szeretn\u00e9nk most seg\u00edteni: a Lidl legfrissebb akci\u00f3s \u00fajs\u00e1gj\u00e1ban mind\u00f6ssze <strong>1999 forint\u00e9rt k\u00edn\u00e1lj\u00e1k t\u00f6bbf\u00e9le mint\u00e1val a Livarno m\u00e1rk\u00e1j\u00fa zuhanyf\u00fcgg\u00f6nyt<\/strong>. A term\u00e9k kedvez\u0151 \u00e1ra \u00e9s eszt\u00e9tikai ig\u00e9nyess\u00e9ge (<strong>fot\u00f3 a <a href=\"https:\/\/akcios-ujsag.hu\/akcios-ujsagok\/lidl-nonfood-akcios-ujsag-2026-01-08\/#21\" target=\"_blank\" target=\"_blank\" rel=\"noopener\">rekl\u00e1m\u00fajs\u00e1gban<\/a>!<\/strong>) mellett egy\u00e9b tulajdons\u00e1gai is megv\u00e1s\u00e1rl\u00e1sra \u00f6szt\u00f6n\u00f6znek:<\/p>\n<ul>\n<li>m\u00e9ret: k\u00f6r\u00fclbel\u00fcl 180 X 200 cm,<\/li>\n<li>tartoz\u00e9k a 12 darab meger\u0151s\u00edtett r\u00f6gz\u00edt\u0151gy\u0171r\u0171 \u00e9s -karika,<\/li>\n<li>v\u00edzleperget\u0151 bevonat.<\/li>\n<\/ul>\n<h2>Mi a helyzet a v\u00edzk\u0151vel?<\/h2>\n<p>Tiszt\u00edt\u00e1s \u00e9s karbantart\u00e1s ter\u00e9n is el\u0151nyben van a zuhanyf\u00fcgg\u00f6ny. Egy kabin \u00fcvegfel\u00fcletein gyorsan megjelenik a <a href=\"https:\/\/www.startlap.hu\/vasarlas\/sutopapir-vizko-zuhany-tippek\/\" target=\"_blank\" rel=\"noopener\">v\u00edzk\u0151<\/a> \u00e9s a szappanmaradv\u00e1ny, amit rendszeresen s\u00farolni kell. A f\u00fcgg\u00f6ny ezzel szemben k\u00f6nnyen moshat\u00f3 vagy olcs\u00f3n cser\u00e9lhet\u0151, \u00edgy kevesebb id\u0151t \u00e9s energi\u00e1t ig\u00e9nyel a tiszt\u00e1n tart\u00e1sa.<\/p>\n<p>A zuhanyf\u00fcgg\u00f6ny nem csup\u00e1n egy \u201eolcs\u00f3bb kompromisszum\u201d, hanem sokak sz\u00e1m\u00e1ra tudatosan jobb v\u00e1laszt\u00e1s. Kisebb terekben, csal\u00e1dokn\u00e1l, id\u0151sekn\u00e9l, alb\u00e9rletben \u00e9l\u0151kn\u00e9l vagy azokn\u00e1l, akik szeretik a rugalmass\u00e1got \u00e9s az egyszer\u0171s\u00e9get, gyakran fel\u00fclm\u00falja a zuhanykabint. Nem lenne meglep\u0151, ha egyre t\u00f6bb magyar lak\u00e1sban d\u00f6nten\u00e9nek a zuhanykabin lecser\u00e9l\u00e9se mellett. A l\u00e9nyeg nem az, mi sz\u00e1m\u00edt divatosnak, hanem az, mi illik legjobban az adott \u00e9lethelyzethez.<\/p>\n<div class=\"o-widget m-readMoreWidget -readMore u-shortDecorLineAfter row widget-container _ce_measure_widget bigdata-widget read-more\" data-ce-measure-widget=\"olvass tov\u00e1bb\">\n\t<div class=\"m-readMoreWidget__imgWrapper image-wrapper col-12 col-md-4 no-p\">\n\t\t<a class=\"m-readMoreWidget__imgLink\" href=\"https:\/\/www.startlap.hu\/vasarlas\/rezsi-futesszamla-konyha-suto\/\" >\n\t\t\t<img decoding=\"async\" src=\"https:\/\/www.startlap.hu\/vasarlas\/uploads\/2026\/01\/idos-no-foz-konyha-350x285.jpg\" class=\"m-readMoreWidget__img\">\n\t\t<\/a>\n\t<\/div>\n\t<div class=\"m-readMoreWidget__titleWrapper title-wrapper col-12 col-md-8\">\n\t\t<span class=\"m-readMoreWidget__titleLabel u-shortDecorLineBefore label hidden-sm-up\">Ez is \u00e9rdekelhet:<\/span>\n\t\t<h3 class=\"m-readMoreWidget__title title\">\n\t\t\t<a class=\"m-readMoreWidget__titleLink -secondFont u-bold u-upperCase\" href=\"https:\/\/www.startlap.hu\/vasarlas\/rezsi-futesszamla-konyha-suto\/\" >F\u0171t\u00e9ssz\u00e1mla: nagyany\u00e1ink ezzel a konyhai berendez\u00e9ssel fokozt\u00e1k a meleget a lak\u00e1sban<\/a>\n\t\t<\/h3>\n\t\t<a class=\"m-readMoreWidget__btn -coloredBack u-tC link\" href=\"https:\/\/www.startlap.hu\/vasarlas\/rezsi-futesszamla-konyha-suto\/\" >Elolvasom<\/a>\n\t<\/div>\n<\/div>\n","protected":false},"excerpt":{"rendered":"<p>Sokan automatikusan zuhanykabint v\u00e1lasztanak h\u00e1z\u00e9p\u00edt\u00e9skor vagy a f\u00fcrd\u0151szoba fel\u00faj\u00edt\u00e1sakor, pedig sz\u00e1mos esetben nem ez a legpraktikusabb \u00e9s \u00e9sszer\u0171bb megold\u00e1s. A Lidl boltjaiban most egy olyan term\u00e9ket k\u00edn\u00e1lnak hihetetlen\u00fcl kedvez\u0151 \u00e1ron, ami a legt\u00f6bb f\u00fcrd\u0151szob\u00e1ban meg\u00e1lln\u00e1\u00a0 a hely\u00e9t.<\/p>\n","protected":false},"author":7,"featured_media":2275615,"comment_status":"closed","ping_status":"closed","sticky":false,"template":"","format":"standard","meta":{"footnotes":""},"categories":[8180],"tags":[1728,280,10988,19613],"class_list":["post-2275612","post","type-post","status-publish","format-standard","has-post-thumbnail","hentry","category-trending","tag-furdoszoba","tag-lidl","tag-zuhanyfuggony","tag-zuhanykabin"],"aioseo_notices":[],"_links":{"self":[{"href":"https:\/\/www.startlap.hu\/vasarlas\/wp-json\/wp\/v2\/posts\/2275612","targetHints":{"allow":["GET"]}}],"collection":[{"href":"https:\/\/www.startlap.hu\/vasarlas\/wp-json\/wp\/v2\/posts"}],"about":[{"href":"https:\/\/www.startlap.hu\/vasarlas\/wp-json\/wp\/v2\/types\/post"}],"author":[{"embeddable":true,"href":"https:\/\/www.startlap.hu\/vasarlas\/wp-json\/wp\/v2\/users\/7"}],"replies":[{"embeddable":true,"href":"https:\/\/www.startlap.hu\/vasarlas\/wp-json\/wp\/v2\/comments?post=2275612"}],"version-history":[{"count":2,"href":"https:\/\/www.startlap.hu\/vasarlas\/wp-json\/wp\/v2\/posts\/2275612\/revisions"}],"predecessor-version":[{"id":2275616,"href":"https:\/\/www.startlap.hu\/vasarlas\/wp-json\/wp\/v2\/posts\/2275612\/revisions\/2275616"}],"wp:featuredmedia":[{"embeddable":true,"href":"https:\/\/www.startlap.hu\/vasarlas\/wp-json\/wp\/v2\/media\/2275615"}],"wp:attachment":[{"href":"https:\/\/www.startlap.hu\/vasarlas\/wp-json\/wp\/v2\/media?parent=2275612"}],"wp:term":[{"taxonomy":"category","embeddable":true,"href":"https:\/\/www.startlap.hu\/vasarlas\/wp-json\/wp\/v2\/categories?post=2275612"},{"taxonomy":"post_tag","embeddable":true,"href":"https:\/\/www.startlap.hu\/vasarlas\/wp-json\/wp\/v2\/tags?post=2275612"}],"curies":[{"name":"wp","href":"https:\/\/api.w.org\/{rel}","templated":true}]}}