{"id":2275609,"date":"2026-01-12T18:16:27","date_gmt":"2026-01-12T17:16:27","guid":{"rendered":"https:\/\/www.startlap.hu\/vasarlas\/?p=2275609"},"modified":"2026-01-12T18:24:20","modified_gmt":"2026-01-12T17:24:20","slug":"lidl-csirke-arcsokkentes","status":"publish","type":"post","link":"https:\/\/www.startlap.hu\/vasarlas\/lidl-csirke-arcsokkentes\/","title":{"rendered":"Nagyot l\u00e9p a Lidl: tart\u00f3san cs\u00f6kkenti a csirke \u00e1r\u00e1t"},"content":{"rendered":"<p>A Lidl bejelentette, hogy keddt\u0151l minden magyarorsz\u00e1gi \u00fczlet\u00e9ben alacsonyabb \u00e1rakat vezet be, \u00edgy egyes alap\u00e9lelmiszerekn\u00e9l ez ak\u00e1r 24 sz\u00e1zal\u00e9kos \u00e1rcs\u00f6kken\u00e9st is jelenthet &#8211; \u00edrja a <strong><a href=\"https:\/\/www.hirstart.hu\/site\/relocate.php?rssid=87&amp;rsspid=3&amp;ctype=rss&amp;id=43073885&amp;chk=83f8b7979e6f9097ea2c4122edc199aa&amp;url=https%3A%2F%2Fwww.vg.hu%2Fvilaggazdasag-magyar-gazdasag%2F2026%2F01%2Flidl-friss-csirkehus-olcsobb-szazalek-bolt-arcsokkenes%3Futm_source%3Dhirstart%26utm_medium%3Dreferral%26utm_campaign%3Dhiraggregator\" target=\"_blank\" target=\"_blank\" rel=\"noopener\">Vil\u00e1ggazdas\u00e1g<\/a><\/strong>.&nbsp;<\/p>\n<div class=\"o-widget m-readMoreWidget -readMore u-shortDecorLineAfter row widget-container _ce_measure_widget bigdata-widget read-more\" data-ce-measure-widget=\"olvass tov\u00e1bb\">\n\t<div class=\"m-readMoreWidget__imgWrapper image-wrapper col-12 col-md-4 no-p\">\n\t\t<a class=\"m-readMoreWidget__imgLink\" href=\"https:\/\/www.startlap.hu\/vasarlas\/telekom-ingyen-uj-mobil-regi-telefon-leadas\/\" >\n\t\t\t<img decoding=\"async\" src=\"https:\/\/www.startlap.hu\/vasarlas\/uploads\/2025\/12\/telekom-350x285.jpg\" class=\"m-readMoreWidget__img\">\n\t\t<\/a>\n\t<\/div>\n\t<div class=\"m-readMoreWidget__titleWrapper title-wrapper col-12 col-md-8\">\n\t\t<span class=\"m-readMoreWidget__titleLabel u-shortDecorLineBefore label hidden-sm-up\">Ez is \u00e9rdekelhet:<\/span>\n\t\t<h3 class=\"m-readMoreWidget__title title\">\n\t\t\t<a class=\"m-readMoreWidget__titleLink -secondFont u-bold u-upperCase\" href=\"https:\/\/www.startlap.hu\/vasarlas\/telekom-ingyen-uj-mobil-regi-telefon-leadas\/\" >Ingyen ad \u00faj telefont a Telekom: \u00edgy kaphatod meg a mobilt<\/a>\n\t\t<\/h3>\n\t\t<a class=\"m-readMoreWidget__btn -coloredBack u-tC link\" href=\"https:\/\/www.startlap.hu\/vasarlas\/telekom-ingyen-uj-mobil-regi-telefon-leadas\/\" >Elolvasom<\/a>\n\t<\/div>\n<\/div>\n<p>Az \u00e1ruh\u00e1zl\u00e1nc k\u00f6zl\u00e9se szerint a <strong>beszerz\u00e9si \u00f6sszeg cs\u00f6kken\u00e9s\u00e9b\u0151l ad\u00f3d\u00f3 megtakar\u00edt\u00e1sokat a fogyaszt\u00f3i \u00e1rakban \u00e9rv\u00e9nyes\u00edti<\/strong>, mik\u00f6zben er\u0151s\u00edteni k\u00edv\u00e1nja a magyar term\u00e9kek piaci helyzet\u00e9t \u00e9s hozz\u00e1j\u00e1rulna az infl\u00e1ci\u00f3 tov\u00e1bbi cs\u00f6kken\u00e9s\u00e9hez.<\/p>\n<p>A janu\u00e1r 13-t\u00f3l \u00e9letbe l\u00e9p\u0151 \u00e1rcs\u00f6kkent\u00e9s els\u0151sorban a <strong>friss csirkeh\u00fasokat \u00e9rinti<\/strong>. Sz\u00e1mos n\u00e9pszer\u0171 term\u00e9k \u00e1ra m\u00e9rs\u00e9kl\u0151dik, ami ak\u00e1r t\u00f6bb sz\u00e1z forintos megtakar\u00edt\u00e1st is jelenthet egy-egy bev\u00e1s\u00e1rl\u00e1s sor\u00e1n.<\/p>\n<figure id=\"attachment_2275100\" aria-describedby=\"caption-attachment-2275100\" style=\"width: 755px\" class=\"wp-caption alignnone\"><img loading=\"lazy\" decoding=\"async\" class=\"size-article-size-large-image wp-image-2275100\" src=\"https:\/\/www.startlap.hu\/vasarlas\/uploads\/2025\/12\/lidl-3-755x503.jpg\" alt=\"A Lidl egyik \u00fczlete.\" width=\"755\" height=\"503\" srcset=\"https:\/\/www.startlap.hu\/vasarlas\/uploads\/2025\/12\/lidl-3-755x503.jpg 755w, https:\/\/www.startlap.hu\/vasarlas\/uploads\/2025\/12\/lidl-3-1536x1024.jpg 1536w, https:\/\/www.startlap.hu\/vasarlas\/uploads\/2025\/12\/lidl-3-2048x1365.jpg 2048w, https:\/\/www.startlap.hu\/vasarlas\/uploads\/2025\/12\/lidl-3-525x350.jpg 525w\" sizes=\"auto, (max-width: 755px) 100vw, 755px\" \/><figcaption id=\"caption-attachment-2275100\" class=\"wp-caption-text\">Fot\u00f3: AFP<\/figcaption><\/figure>\n<p>A janu\u00e1ri \u00e1rcs\u00f6kkent\u00e9si program keret\u00e9ben a <strong>Lidl h\u00e9tr\u0151l h\u00e9tre \u00fajabb term\u00e9kkateg\u00f3ri\u00e1kban vezet be tart\u00f3s \u00e1rm\u00e9rs\u00e9kl\u00e9st<\/strong>, a mostani int\u00e9zked\u00e9s t\u00f6bb mint egy tucat term\u00e9kre terjed ki.&nbsp; Ezek \u00e1ra \u00e1tlagosan 7 sz\u00e1zal\u00e9kkal cs\u00f6kken, de egyes esetekben a kedvezm\u00e9ny meghaladja a 20 sz\u00e1zal\u00e9kot is.<\/p>\n<blockquote class=\"article__extraTxt\"><p>A kedvezm\u00e9nyek k\u00f6z\u00f6tt szerepel p\u00e9ld\u00e1ul a H\u00fasfarm friss csirkesz\u00e1rny 1 kilogrammos kiszerel\u00e9se, amelynek \u00e1ra 24 sz\u00e1zal\u00e9kkal cs\u00f6kken, valamint a friss eg\u00e9sz csirke, amely janu\u00e1r 13-t\u00f3l 8 sz\u00e1zal\u00e9kkal lesz olcs\u00f3bb.<\/p><\/blockquote>\n<p>M\u00e9rs\u00e9kl\u0151dik a <strong>friss csirkemellfil\u00e9 \u00e1ra t\u00f6bb kiszerel\u00e9sben is: az egykil\u00f3s csomag \u00e1ra 2125 forintr\u00f3l 1999 forintra<\/strong> cs\u00f6kken, m\u00edg az als\u00f3comb \u00e1ra 9 sz\u00e1zal\u00e9kkal lesz alacsonyabb. Emellett t\u00f6bb als\u00f3- \u00e9s fels\u0151comb, combfil\u00e9, valamint szeletelt csirkemellfil\u00e9 is kedvez\u0151bb \u00e1ron ker\u00fcl a h\u0171t\u0151pultokba.<\/p>\n<h2>A h\u00e1tt\u00e9rben a j\u00f3 infl\u00e1ci\u00f3s adatok<\/h2>\n<p>A friss csirkeh\u00fasok \u00e1r\u00e1nak m\u00e9rs\u00e9kl\u00e9se a Lidl janu\u00e1ri \u00e1rcs\u00f6kkent\u00e9si sorozat\u00e1nak harmadik \u00e1llom\u00e1sa. Az \u00e9v els\u0151 het\u00e9ben k\u00f6zel 50 magyar tej- \u00e9s tejterm\u00e9k \u00e1ra v\u00e1lt tart\u00f3san alacsonyabb\u00e1, m\u00edg a m\u00falt h\u00e9ten egy tucat Solevita gy\u00fcm\u00f6lcsl\u00e9 \u00e1ra cs\u00f6kkent jelent\u0151sen.<\/p>\n<p>A kedvez\u0151 \u00e1rv\u00e1ltoz\u00e1sok h\u00e1tter\u00e9ben az is szerepet j\u00e1tszik, hogy Magyarorsz\u00e1gon az infl\u00e1ci\u00f3 m\u00e1r m\u00e1sodik h\u00f3napja a jegybanki tolerancias\u00e1v alatt alakul.<\/p>\n<p>Egyes elemz\u0151k szerint decemberben havi alapon ak\u00e1r \u00e1rcs\u00f6kken\u00e9s is bek\u00f6vetkezhetett, a pontos adatokat kedden teszi k\u00f6zz\u00e9 a KSH.<\/p>\n<div class=\"o-widget m-readMoreWidget -readMore u-shortDecorLineAfter row widget-container _ce_measure_widget bigdata-widget read-more\" data-ce-measure-widget=\"olvass tov\u00e1bb\">\n\t<div class=\"m-readMoreWidget__imgWrapper image-wrapper col-12 col-md-4 no-p\">\n\t\t<a class=\"m-readMoreWidget__imgLink\" href=\"https:\/\/www.startlap.hu\/vasarlas\/rezsi-futesszamla-konyha-suto\/\" >\n\t\t\t<img decoding=\"async\" src=\"https:\/\/www.startlap.hu\/vasarlas\/uploads\/2026\/01\/idos-no-foz-konyha-350x285.jpg\" class=\"m-readMoreWidget__img\">\n\t\t<\/a>\n\t<\/div>\n\t<div class=\"m-readMoreWidget__titleWrapper title-wrapper col-12 col-md-8\">\n\t\t<span class=\"m-readMoreWidget__titleLabel u-shortDecorLineBefore label hidden-sm-up\">Ez is \u00e9rdekelhet:<\/span>\n\t\t<h3 class=\"m-readMoreWidget__title title\">\n\t\t\t<a class=\"m-readMoreWidget__titleLink -secondFont u-bold u-upperCase\" href=\"https:\/\/www.startlap.hu\/vasarlas\/rezsi-futesszamla-konyha-suto\/\" >F\u0171t\u00e9ssz\u00e1mla: nagyany\u00e1ink ezzel a konyhai berendez\u00e9ssel fokozt\u00e1k a meleget a lak\u00e1sban<\/a>\n\t\t<\/h3>\n\t\t<a class=\"m-readMoreWidget__btn -coloredBack u-tC link\" href=\"https:\/\/www.startlap.hu\/vasarlas\/rezsi-futesszamla-konyha-suto\/\" >Elolvasom<\/a>\n\t<\/div>\n<\/div>\n","protected":false},"excerpt":{"rendered":"<p>Janu\u00e1rban \u00fajabb \u00e1rucikkekn\u00e9l, ez\u00fattal egy alapvet\u0151 \u00e9lelmiszerekn\u00e9l cs\u00f6kkenti az \u00e1rakat az \u00fczletl\u00e1nc minden egyes boltj\u00e1ban. <\/p>\n","protected":false},"author":8,"featured_media":2275100,"comment_status":"closed","ping_status":"closed","sticky":false,"template":"","format":"standard","meta":{"footnotes":""},"categories":[8180],"tags":[5184,280],"class_list":["post-2275609","post","type-post","status-publish","format-standard","has-post-thumbnail","hentry","category-trending","tag-arcsokkenes","tag-lidl"],"aioseo_notices":[],"_links":{"self":[{"href":"https:\/\/www.startlap.hu\/vasarlas\/wp-json\/wp\/v2\/posts\/2275609","targetHints":{"allow":["GET"]}}],"collection":[{"href":"https:\/\/www.startlap.hu\/vasarlas\/wp-json\/wp\/v2\/posts"}],"about":[{"href":"https:\/\/www.startlap.hu\/vasarlas\/wp-json\/wp\/v2\/types\/post"}],"author":[{"embeddable":true,"href":"https:\/\/www.startlap.hu\/vasarlas\/wp-json\/wp\/v2\/users\/8"}],"replies":[{"embeddable":true,"href":"https:\/\/www.startlap.hu\/vasarlas\/wp-json\/wp\/v2\/comments?post=2275609"}],"version-history":[{"count":6,"href":"https:\/\/www.startlap.hu\/vasarlas\/wp-json\/wp\/v2\/posts\/2275609\/revisions"}],"predecessor-version":[{"id":2275624,"href":"https:\/\/www.startlap.hu\/vasarlas\/wp-json\/wp\/v2\/posts\/2275609\/revisions\/2275624"}],"wp:featuredmedia":[{"embeddable":true,"href":"https:\/\/www.startlap.hu\/vasarlas\/wp-json\/wp\/v2\/media\/2275100"}],"wp:attachment":[{"href":"https:\/\/www.startlap.hu\/vasarlas\/wp-json\/wp\/v2\/media?parent=2275609"}],"wp:term":[{"taxonomy":"category","embeddable":true,"href":"https:\/\/www.startlap.hu\/vasarlas\/wp-json\/wp\/v2\/categories?post=2275609"},{"taxonomy":"post_tag","embeddable":true,"href":"https:\/\/www.startlap.hu\/vasarlas\/wp-json\/wp\/v2\/tags?post=2275609"}],"curies":[{"name":"wp","href":"https:\/\/api.w.org\/{rel}","templated":true}]}}