{"id":2274295,"date":"2025-12-15T09:33:12","date_gmt":"2025-12-15T08:33:12","guid":{"rendered":"https:\/\/www.startlap.hu\/vasarlas\/?p=2274295"},"modified":"2025-12-15T09:21:49","modified_gmt":"2025-12-15T08:21:49","slug":"klima-legkondicionalo-paratlanito-mod-bekapcsolas","status":"publish","type":"post","link":"https:\/\/www.startlap.hu\/vasarlas\/klima-legkondicionalo-paratlanito-mod-bekapcsolas\/","title":{"rendered":"A l\u00e9gkondik sz\u00e1r\u00edt\u00f3 m\u00f3dja: a titkos funkci\u00f3, amit senki se ismer"},"content":{"rendered":"<p>Sokan csak <a href=\"https:\/\/www.startlap.hu\/vasarlas\/telefon-ujrainditas-hiba-javitas-akkumulator\/\" target=\"_blank\" rel=\"noopener\">h\u0171t\u00e9sre<\/a> haszn\u00e1lj\u00e1k a kl\u00edmaberendez\u00e9st, pedig enn\u00e9l j\u00f3val t\u00f6bbre k\u00e9pes: k\u00fcl\u00f6n\u00f6sen ny\u00e1ron, a meleg \u00e9s p\u00e1r\u00e1s napokon hasznos egy kev\u00e9ss\u00e9 ismert funkci\u00f3, amely nemcsak komfortosabb\u00e1 teszi a leveg\u0151t, hanem energiatakar\u00e9kos is. Ez a &#8222;p\u00e1r\u00e1tlan\u00edt\u00f3&#8221; m\u00f3d: n\u00e9zz\u00fck, mit tud!<\/p>\n<div class=\"o-widget m-readMoreWidget -readMore u-shortDecorLineAfter row widget-container _ce_measure_widget bigdata-widget read-more\" data-ce-measure-widget=\"olvass tov\u00e1bb\">\n\t<div class=\"m-readMoreWidget__imgWrapper image-wrapper col-12 col-md-4 no-p\">\n\t\t<a class=\"m-readMoreWidget__imgLink\" href=\"https:\/\/www.startlap.hu\/vasarlas\/szonyeg-padlo-burkolat-trend\/\" >\n\t\t\t<img decoding=\"async\" src=\"https:\/\/www.startlap.hu\/vasarlas\/uploads\/2025\/11\/padloszonyeg-350x285.jpg\" class=\"m-readMoreWidget__img\">\n\t\t<\/a>\n\t<\/div>\n\t<div class=\"m-readMoreWidget__titleWrapper title-wrapper col-12 col-md-8\">\n\t\t<span class=\"m-readMoreWidget__titleLabel u-shortDecorLineBefore label hidden-sm-up\">Ez is \u00e9rdekelhet:<\/span>\n\t\t<h3 class=\"m-readMoreWidget__title title\">\n\t\t\t<a class=\"m-readMoreWidget__titleLink -secondFont u-bold u-upperCase\" href=\"https:\/\/www.startlap.hu\/vasarlas\/szonyeg-padlo-burkolat-trend\/\" >Elt\u0171nnek a nappalikb\u00f3l a sz\u0151nyegek: ez a modern megold\u00e1s veszi \u00e1t a hely\u00fcket<\/a>\n\t\t<\/h3>\n\t\t<a class=\"m-readMoreWidget__btn -coloredBack u-tC link\" href=\"https:\/\/www.startlap.hu\/vasarlas\/szonyeg-padlo-burkolat-trend\/\" >Elolvasom<\/a>\n\t<\/div>\n<\/div>\n<h2>Ez\u00e9rt \u00e9rdemes bekapcsolni<\/h2>\n<p>A magas p\u00e1ratartalom gyakran okoz f\u00fclledt, kellemetlen <a href=\"https:\/\/www.startlap.hu\/vasarlas\/szelloztetes-nemet-modszer-egeszseg-futes\/\" target=\"_blank\" rel=\"noopener\">leveg\u0151t<\/a> a lak\u00e1sban, m\u00e9g akkor is, ha a h\u0151m\u00e9rs\u00e9klet nem extr\u00e9m magas. A kl\u00edma p\u00e1r\u00e1tlan\u00edt\u00f3 \u00fczemm\u00f3dja \u00fagy cs\u00f6kkenti a leveg\u0151 nedvess\u00e9gtartalm\u00e1t, hogy k\u00f6zben alig v\u00e1ltoztat a szobah\u0151m\u00e9rs\u00e9kleten. A k\u00e9sz\u00fcl\u00e9k ilyenkor<\/p>\n<blockquote class=\"article__extraTxt\"><p>a kompresszor \u00e9s a ventil\u00e1tor m\u0171k\u00f6d\u00e9s\u00e9t \u00fagy hangolja \u00f6ssze, hogy a felesleges nedvess\u00e9g kicsap\u00f3djon \u00e9s elt\u00e1vozzon a leveg\u0151b\u0151l.<\/p><\/blockquote>\n<p>Ez a funkci\u00f3 nemcsak a komfort\u00e9rzetet jav\u00edtja, hanem <strong>eg\u00e9szs\u00e9g\u00fcgyi szempontb\u00f3l is el\u0151ny\u00f6s.<\/strong> A sz\u00e1razabb leveg\u0151 seg\u00edt megel\u0151zni a pen\u00e9szesed\u00e9st, a dohos szagok kialakul\u00e1s\u00e1t, \u00e9s cs\u00f6kkenti az atk\u00e1k elszaporod\u00e1s\u00e1nak es\u00e9ly\u00e9t is.<\/p>\n<figure id=\"attachment_2265128\" aria-describedby=\"caption-attachment-2265128\" style=\"width: 755px\" class=\"wp-caption alignnone\"><a href=\"https:\/\/www.startlap.hu\/vasarlas\/uploads\/2025\/07\/legkondi-4.jpg\"><img loading=\"lazy\" decoding=\"async\" class=\"size-article-size-large-image wp-image-2265128\" src=\"https:\/\/www.startlap.hu\/vasarlas\/uploads\/2025\/07\/legkondi-4-755x504.jpg\" alt=\"L\u00e9gkondi \u00e9s k\u00e9zben tartj\u00e1k a t\u00e1vir\u00e1ny\u00edt\u00f3j\u00e1t\" width=\"755\" height=\"504\" srcset=\"https:\/\/www.startlap.hu\/vasarlas\/uploads\/2025\/07\/legkondi-4-755x504.jpg 755w, https:\/\/www.startlap.hu\/vasarlas\/uploads\/2025\/07\/legkondi-4-1536x1024.jpg 1536w, https:\/\/www.startlap.hu\/vasarlas\/uploads\/2025\/07\/legkondi-4-2048x1366.jpg 2048w, https:\/\/www.startlap.hu\/vasarlas\/uploads\/2025\/07\/legkondi-4-525x350.jpg 525w\" sizes=\"auto, (max-width: 755px) 100vw, 755px\" \/><\/a><figcaption id=\"caption-attachment-2265128\" class=\"wp-caption-text\">Fot\u00f3: Getty Images<\/figcaption><\/figure>\n<h2>\u00cdgy tudod bekapcsolni<\/h2>\n<p>A sz\u00e1r\u00edt\u00f3 m\u00f3d bekapcsol\u00e1sa \u00e1ltal\u00e1ban egyszer\u0171: a kl\u00edma &#8222;Mode&#8221; felirat\u00fa gombj\u00e1t kell addig nyomni, am\u00edg meg nem jelenik egy <strong>v\u00edzcsepp-ikon<\/strong>. Ezut\u00e1n a k\u00e9sz\u00fcl\u00e9k automatikusan a p\u00e1r\u00e1tlan\u00edt\u00e1sra f\u00f3kusz\u00e1l, a h\u0151m\u00e9rs\u00e9kletet \u00e9s a ventil\u00e1tor sebess\u00e9g\u00e9t pedig ig\u00e9ny szerint lehet finomhangolni. M\u00e1r r\u00f6vid id\u0151 ut\u00e1n \u00e9rezhet\u0151 a leveg\u0151 k\u00f6nnyebb, frissebb jellege.<\/p>\n<blockquote class=\"article__extraTxt\"><p>Energiafelhaszn\u00e1l\u00e1s szempontj\u00e1b\u00f3l is el\u0151ny\u00f6s ez az \u00fczemm\u00f3d, mivel a kl\u00edma nem maxim\u00e1lis h\u0171t\u00e9si teljes\u00edtm\u00e9nnyel dolgozik.<\/p><\/blockquote>\n<p>A szak\u00e9rt\u0151k szerint <strong>a 24\u201326 fokos be\u00e1ll\u00edt\u00e1s ide\u00e1lis, az ECO m\u00f3d pedig tov\u00e1bb cs\u00f6kkentheti az \u00e1ramfogyaszt\u00e1st.<\/strong> \u00cdgy nemcsak a villanysz\u00e1mla lesz alacsonyabb, hanem a k\u00f6rnyezetet is kev\u00e9sb\u00e9 terheli a k\u00e9sz\u00fcl\u00e9k haszn\u00e1lata. A hat\u00e9konys\u00e1g n\u00f6vel\u00e9s\u00e9hez \u00e9rdemes n\u00e9h\u00e1ny alapelvet is betartani: z\u00e1rjuk be az ajt\u00f3kat \u00e9s ablakokat, rendszeresen tiszt\u00edtsuk a sz\u0171r\u0151ket, \u00e9s haszn\u00e1ljuk az id\u0151z\u00edt\u0151 funkci\u00f3t, hogy a kl\u00edma ne m\u0171k\u00f6dj\u00f6n feleslegesen.<\/p>\n<p><a href=\"https:\/\/www.ludwigshafen24.de\/ratgeber\/trocknungsmodus-klimaanlagen-geheimprogramm-spart-strom-tipps-lifehack-94077733.html\" target=\"_blank\" target=\"_blank\" rel=\"noopener\">via<\/a><\/p>\n<div class=\"o-widget m-readMoreWidget -readMore u-shortDecorLineAfter row widget-container _ce_measure_widget bigdata-widget read-more\" data-ce-measure-widget=\"olvass tov\u00e1bb\">\n\t<div class=\"m-readMoreWidget__imgWrapper image-wrapper col-12 col-md-4 no-p\">\n\t\t<a class=\"m-readMoreWidget__imgLink\" href=\"https:\/\/www.startlap.hu\/vasarlas\/suto-tisztitas-trukk-gomb\/\" >\n\t\t\t<img decoding=\"async\" src=\"https:\/\/www.startlap.hu\/vasarlas\/uploads\/2025\/11\/suto-tisztitas-350x285.jpg\" class=\"m-readMoreWidget__img\">\n\t\t<\/a>\n\t<\/div>\n\t<div class=\"m-readMoreWidget__titleWrapper title-wrapper col-12 col-md-8\">\n\t\t<span class=\"m-readMoreWidget__titleLabel u-shortDecorLineBefore label hidden-sm-up\">Ez is \u00e9rdekelhet:<\/span>\n\t\t<h3 class=\"m-readMoreWidget__title title\">\n\t\t\t<a class=\"m-readMoreWidget__titleLink -secondFont u-bold u-upperCase\" href=\"https:\/\/www.startlap.hu\/vasarlas\/suto-tisztitas-trukk-gomb\/\" >Tudtad, hogy a s\u00fct\u0151 ajtaj\u00e1n van egy titkos gomb? T\u00f6k j\u00f3 dologra val\u00f3<\/a>\n\t\t<\/h3>\n\t\t<a class=\"m-readMoreWidget__btn -coloredBack u-tC link\" href=\"https:\/\/www.startlap.hu\/vasarlas\/suto-tisztitas-trukk-gomb\/\" >Elolvasom<\/a>\n\t<\/div>\n<\/div>\n","protected":false},"excerpt":{"rendered":"<p>A l\u00e9gkondicion\u00e1l\u00f3 berendez\u00e9sek nemcsak a h\u0171t\u00e9sben-f\u0171t\u00e9sben, hanem a leveg\u0151 min\u0151s\u00e9g\u00e9nek jav\u00edt\u00e1s\u00e1ban is seg\u00edtenek: mutatjuk, hogyan haszn\u00e1ld!<\/p>\n","protected":false},"author":63,"featured_media":2265128,"comment_status":"closed","ping_status":"closed","sticky":false,"template":"","format":"standard","meta":{"footnotes":""},"categories":[8180],"tags":[17569,14836,10669],"class_list":["post-2274295","post","type-post","status-publish","format-standard","has-post-thumbnail","hentry","category-trending","tag-klimaberendezes","tag-legkondicionalo","tag-paratlanito"],"aioseo_notices":[],"_links":{"self":[{"href":"https:\/\/www.startlap.hu\/vasarlas\/wp-json\/wp\/v2\/posts\/2274295","targetHints":{"allow":["GET"]}}],"collection":[{"href":"https:\/\/www.startlap.hu\/vasarlas\/wp-json\/wp\/v2\/posts"}],"about":[{"href":"https:\/\/www.startlap.hu\/vasarlas\/wp-json\/wp\/v2\/types\/post"}],"author":[{"embeddable":true,"href":"https:\/\/www.startlap.hu\/vasarlas\/wp-json\/wp\/v2\/users\/63"}],"replies":[{"embeddable":true,"href":"https:\/\/www.startlap.hu\/vasarlas\/wp-json\/wp\/v2\/comments?post=2274295"}],"version-history":[{"count":3,"href":"https:\/\/www.startlap.hu\/vasarlas\/wp-json\/wp\/v2\/posts\/2274295\/revisions"}],"predecessor-version":[{"id":2274363,"href":"https:\/\/www.startlap.hu\/vasarlas\/wp-json\/wp\/v2\/posts\/2274295\/revisions\/2274363"}],"wp:featuredmedia":[{"embeddable":true,"href":"https:\/\/www.startlap.hu\/vasarlas\/wp-json\/wp\/v2\/media\/2265128"}],"wp:attachment":[{"href":"https:\/\/www.startlap.hu\/vasarlas\/wp-json\/wp\/v2\/media?parent=2274295"}],"wp:term":[{"taxonomy":"category","embeddable":true,"href":"https:\/\/www.startlap.hu\/vasarlas\/wp-json\/wp\/v2\/categories?post=2274295"},{"taxonomy":"post_tag","embeddable":true,"href":"https:\/\/www.startlap.hu\/vasarlas\/wp-json\/wp\/v2\/tags?post=2274295"}],"curies":[{"name":"wp","href":"https:\/\/api.w.org\/{rel}","templated":true}]}}