{"id":2274190,"date":"2025-12-12T05:33:07","date_gmt":"2025-12-12T04:33:07","guid":{"rendered":"https:\/\/www.startlap.hu\/vasarlas\/?p=2274190"},"modified":"2025-12-12T07:02:08","modified_gmt":"2025-12-12T06:02:08","slug":"aldi-lidl-penny-csoki-markak-sajat-gyartas","status":"publish","type":"post","link":"https:\/\/www.startlap.hu\/vasarlas\/aldi-lidl-penny-csoki-markak-sajat-gyartas\/","title":{"rendered":"Leleplezt\u00e9k az Aldi, Lidl, Penny saj\u00e1t m\u00e1rk\u00e1s term\u00e9keit: elk\u00e9peszt\u0151, amit tal\u00e1ltak"},"content":{"rendered":"<p>Ha csokir\u00f3l van sz\u00f3, sokan a <a href=\"https:\/\/www.startlap.hu\/vasarlas\/milka-csokolade-termekvisszahivas\/\" target=\"_blank\" rel=\"noopener\">Milka<\/a>, a Lindt vagy a Ritter Sport fel\u00e9 ny\u00falnak. De mi van akkor, ha ugyanezt a min\u0151s\u00e9get j\u00f3val olcs\u00f3bban is megkaphatjuk? A diszkontok saj\u00e1t m\u00e1rk\u00e1s csokol\u00e1d\u00e9i m\u00f6g\u00f6tt gyakran vil\u00e1gh\u00edr\u0171 gy\u00e1rt\u00f3k \u00e1llnak \u2013 csak a v\u00e1s\u00e1rl\u00f3k nagy r\u00e9sze nem tud r\u00f3la. Mutatjuk, kik k\u00e9sz\u00edtik az Aldi, a Lidl \u00e9s a Penny finoms\u00e1gait.<\/p>\n<div class=\"o-widget m-readMoreWidget -readMore u-shortDecorLineAfter row widget-container _ce_measure_widget bigdata-widget read-more\" data-ce-measure-widget=\"olvass tov\u00e1bb\">\n\t<div class=\"m-readMoreWidget__imgWrapper image-wrapper col-12 col-md-4 no-p\">\n\t\t<a class=\"m-readMoreWidget__imgLink\" href=\"https:\/\/www.startlap.hu\/vasarlas\/etolaj-napraforgoolaj-avokadoolaj-sutes-sef-egeszseg\/\" >\n\t\t\t<img decoding=\"async\" src=\"https:\/\/www.startlap.hu\/vasarlas\/uploads\/2025\/03\/etolaj-flakon-350x285.jpg\" class=\"m-readMoreWidget__img\">\n\t\t<\/a>\n\t<\/div>\n\t<div class=\"m-readMoreWidget__titleWrapper title-wrapper col-12 col-md-8\">\n\t\t<span class=\"m-readMoreWidget__titleLabel u-shortDecorLineBefore label hidden-sm-up\">Ez is \u00e9rdekelhet:<\/span>\n\t\t<h3 class=\"m-readMoreWidget__title title\">\n\t\t\t<a class=\"m-readMoreWidget__titleLink -secondFont u-bold u-upperCase\" href=\"https:\/\/www.startlap.hu\/vasarlas\/etolaj-napraforgoolaj-avokadoolaj-sutes-sef-egeszseg\/\" >A magyarok &#8222;kedvenc olaja\u201d nem alkalmas s\u00fct\u00e9sre: rendk\u00edv\u00fcl m\u00e9rgez\u0151v\u00e9 v\u00e1lik a forr\u00f3 serpeny\u0151ben<\/a>\n\t\t<\/h3>\n\t\t<a class=\"m-readMoreWidget__btn -coloredBack u-tC link\" href=\"https:\/\/www.startlap.hu\/vasarlas\/etolaj-napraforgoolaj-avokadoolaj-sutes-sef-egeszseg\/\" >Elolvasom<\/a>\n\t<\/div>\n<\/div>\n<h2>Aldi<\/h2>\n<p>Az Aldi Choceur m\u00e1rk\u00e1j\u00e1nak jelent\u0151s r\u00e9sz\u00e9t a Wiha GmbH gy\u00e1rtja, amely az August Storck KG \u00e9gisze alatt m\u0171k\u00f6dik. A Storck t\u00f6bbek k\u00f6z\u00f6tt olyan vil\u00e1gsiker\u0171 \u00e9dess\u00e9gek\u00e9rt felel, mint a Merci, a Dickmann\u2019s vagy a Toffifee. A v\u00e1llalat k\u00e9sz\u00edti t\u00f6bbek k\u00f6z\u00f6tt a k\u00f6vetkez\u0151 Choceur-term\u00e9keket is:<\/p>\n<ul>\n<li>Choceur Edel Rahm 40 g<\/li>\n<li>Choceur Alpen Sahne 200 g<\/li>\n<li>Choceur Noisette 270 g<\/li>\n<\/ul>\n<p>A Choceur Alpenmilch 100 g azonban m\u00e1r m\u00e1s forr\u00e1sb\u00f3l \u00e9rkezik: ezt a csokit a Stollwerck GmbH gy\u00e1rtja, amely olyan m\u00e1rk\u00e1kat jegyez, mint a Sarotti, az Alpia, a Schwarze Herren, valamint a luxusvonalnak sz\u00e1m\u00edt\u00f3 Duc d\u2019O. A Stollwerck nem csak az Aldit, hanem a Lidlt, a Rew\u00e9t \u00e9s a Kauflandot is ell\u00e1tja saj\u00e1t m\u00e1rk\u00e1s csokol\u00e1d\u00e9kkal.<\/p>\n<p>Az Aldi m\u00e1sik ikonikus csokim\u00e1rk\u00e1ja, a Moser-Roth szint\u00e9n a Storck \u00e9rdekelts\u00e9g\u00e9be tartozik. A Moser-Roth GmbH m\u00f6g\u00f6tt ugyanis az August Storck Verwaltungsgesellschaft mbH \u00e1ll \u2013 ugyanaz a nagy gy\u00e1rt\u00f3, amely a Knoppers \u00e9s m\u00e1s n\u00e9pszer\u0171 \u00e9dess\u00e9gek k\u00e9sz\u00edt\u0151je.<\/p>\n<figure id=\"attachment_2242875\" aria-describedby=\"caption-attachment-2242875\" style=\"width: 755px\" class=\"wp-caption alignnone\"><a href=\"https:\/\/www.startlap.hu\/vasarlas\/uploads\/2023\/12\/bolt-bevasarlokocsi.jpg\"><img loading=\"lazy\" decoding=\"async\" class=\"size-article-size-large-image wp-image-2242875\" src=\"https:\/\/www.startlap.hu\/vasarlas\/uploads\/2023\/12\/bolt-bevasarlokocsi-755x469.jpg\" alt=\"Egy ember bev\u00e1s\u00e1rl\u00f3kocsit tol a boltban.\" width=\"755\" height=\"469\" srcset=\"https:\/\/www.startlap.hu\/vasarlas\/uploads\/2023\/12\/bolt-bevasarlokocsi-755x469.jpg 755w, https:\/\/www.startlap.hu\/vasarlas\/uploads\/2023\/12\/bolt-bevasarlokocsi-564x350.jpg 564w, https:\/\/www.startlap.hu\/vasarlas\/uploads\/2023\/12\/bolt-bevasarlokocsi.jpg 1200w\" sizes=\"auto, (max-width: 755px) 100vw, 755px\" \/><\/a><figcaption id=\"caption-attachment-2242875\" class=\"wp-caption-text\">Getty Images<\/figcaption><\/figure>\n<h2>Lidl<\/h2>\n<p>A Lidl saj\u00e1t m\u00e1rk\u00e1ja, a fin Carr\u00e9 els\u0151sorban k\u00e9t-h\u00e1rom jelent\u0151s n\u00e9met csokol\u00e1d\u00e9gy\u00e1rt\u00f3hoz k\u00f6thet\u0151.<\/p>\n<p>A Ludwig Schokolade gy\u00e1rtja t\u00f6bbek k\u00f6z\u00f6tt a k\u00f6vetkez\u0151 fin Carr\u00e9-term\u00e9keket:<\/p>\n<ul>\n<li>fin Carr\u00e9 Bubble Vollmilch Luftschokolade<\/li>\n<li>fin Carr\u00e9 King Size Neo<\/li>\n<\/ul>\n<p>A v\u00e1llalat saj\u00e1t m\u00e1rk\u00e1i k\u00f6z\u00f6tt olyan ismert nevek szerepelnek, mint a Trumpf, az Aero \u00e9s a Schogetten. A c\u00e9g a Rewe \u00e9s a Kaufland saj\u00e1t csokijait is besz\u00e1ll\u00edtja.<\/p>\n<p>A k\u00f6vetkez\u0151 fin Carr\u00e9 csokol\u00e1d\u00e9kat a Ludwig Weinrich GmbH &amp; Co. KG k\u00e9sz\u00edti:<\/p>\n<ul>\n<li>fin Carr\u00e9 Edel-Alpensahne<\/li>\n<li>Way to Go! Brezel Karamell Vollmilchschokolade<\/li>\n<\/ul>\n<p>A Solent \u00dcbach-Palenberg GmbH &amp; Co. KG kifejezetten a Schwarz-csoport (teh\u00e1t a Lidl \u00e9s a Kaufland) sz\u00e1m\u00e1ra gy\u00e1rtja t\u00f6bbek k\u00f6z\u00f6tt:<\/p>\n<ul>\n<li>fin Carr\u00e9 Alpenmilch (100 g, m\u0171anyag csomagol\u00e1s)<\/li>\n<li>fin Carr\u00e9 Trauben Nuss<\/li>\n<li>fin Carr\u00e9 Nuss Kracher Voll-Nuss<\/li>\n<\/ul>\n<h2>Penny<\/h2>\n<p>A Penny saj\u00e1t m\u00e1rk\u00e1s term\u00e9kei k\u00f6z\u00f6tt t\u00f6bb csokol\u00e1d\u00e9t is a Stollwerck GmbH gy\u00e1rt:<\/p>\n<ul>\n<li>Choco&#8217;la 200 g-os t\u00e1blacsokol\u00e1d\u00e9 (pap\u00edrdobozos)<\/li>\n<li>Very Fair Schokolade 100 g (m\u0171anyag csomagol\u00e1s)<\/li>\n<li>Best Moments csokol\u00e1d\u00e9k<\/li>\n<\/ul>\n<p>A Choco&#8217;la Ganze Mandeln in Vollmilchschokolade a Ludwig Schokolade GmbH term\u00e9ke \u2014 ez a c\u00e9g a Kr\u00fcger Group tagja, amely a Trumpf \u00e9s a Schogetten m\u00e1rk\u00e1k\u00e9rt is felel.<\/p>\n<p>Ahogy l\u00e1that\u00f3, a diszkontok polcain sorakoz\u00f3 olcs\u00f3 csokol\u00e1d\u00e9k m\u00f6g\u00f6tt gyakran ugyanazok a gy\u00e1rt\u00f3k \u00e1llnak, akik a legismertebb pr\u00e9mium- vagy k\u00f6z\u00e9pkateg\u00f3ri\u00e1s m\u00e1rk\u00e1kat is k\u00e9sz\u00edtik. A Storck, a Stollwerck, a Ludwig Schokolade vagy a Weinrich neve tal\u00e1n nem szerepel a csomagol\u00e1son, de a min\u0151s\u00e9g \u00e9s a gy\u00e1rt\u00e1si h\u00e1tt\u00e9r szinte ugyanaz, mint a dr\u00e1g\u00e1bb t\u00e1bl\u00e1kn\u00e1l. \u00cdgy legk\u00f6zelebb, amikor az Aldi, a <a href=\"https:\/\/www.startlap.hu\/vasarlas\/lidl-parkside-fa-jatekmunkalap-karacsony-jatek-konyha-ajandek-akcio\/\" target=\"_blank\" rel=\"noopener\">Lidl<\/a> vagy a Penny saj\u00e1t m\u00e1rk\u00e1s csokijai k\u00f6z\u00f6tt v\u00e1logatsz, \u00e9rdemes tudni: lehet, hogy val\u00f3j\u00e1ban egy j\u00f3l ismert, nagy m\u00falt\u00fa \u00e9dess\u00e9gipari \u00f3ri\u00e1s term\u00e9k\u00e9t teszed a kos\u00e1rba \u2013 csak kedvez\u0151bb \u00e1ron.<\/p>\n<p><a href=\"https:\/\/www.t-online.de\/leben\/essen-und-trinken\/einkaufen\/id_100129768\/bei-aldi-lidl-und-co-die-marken-hinter-der-schokolade-vom-discounter.html\" target=\"_blank\" target=\"_blank\" rel=\"noopener\">via<\/a><\/p>\n<div class=\"o-widget m-readMoreWidget -readMore u-shortDecorLineAfter row widget-container _ce_measure_widget bigdata-widget read-more\" data-ce-measure-widget=\"olvass tov\u00e1bb\">\n\t<div class=\"m-readMoreWidget__imgWrapper image-wrapper col-12 col-md-4 no-p\">\n\t\t<a class=\"m-readMoreWidget__imgLink\" href=\"https:\/\/www.startlap.hu\/vasarlas\/mikro-haztartas-hiba-teljesitmeny\/\" >\n\t\t\t<img decoding=\"async\" src=\"https:\/\/www.startlap.hu\/vasarlas\/uploads\/2025\/12\/GettyImages-1460493698-350x285.jpg\" class=\"m-readMoreWidget__img\">\n\t\t<\/a>\n\t<\/div>\n\t<div class=\"m-readMoreWidget__titleWrapper title-wrapper col-12 col-md-8\">\n\t\t<span class=\"m-readMoreWidget__titleLabel u-shortDecorLineBefore label hidden-sm-up\">Ez is \u00e9rdekelhet:<\/span>\n\t\t<h3 class=\"m-readMoreWidget__title title\">\n\t\t\t<a class=\"m-readMoreWidget__titleLink -secondFont u-bold u-upperCase\" href=\"https:\/\/www.startlap.hu\/vasarlas\/mikro-haztartas-hiba-teljesitmeny\/\" >\u00cdgy teszed t\u00f6nkre a mikr\u00f3dat \u2013 \u00e9s m\u00e9g csak nem is tudsz r\u00f3la!<\/a>\n\t\t<\/h3>\n\t\t<a class=\"m-readMoreWidget__btn -coloredBack u-tC link\" href=\"https:\/\/www.startlap.hu\/vasarlas\/mikro-haztartas-hiba-teljesitmeny\/\" >Elolvasom<\/a>\n\t<\/div>\n<\/div>\n","protected":false},"excerpt":{"rendered":"<p>Sok saj\u00e1t m\u00e1rk\u00e1s csoki m\u00f6g\u00f6tt vil\u00e1gh\u00edr\u0171 gy\u00e1rt\u00f3k \u00e1llnak. Most kider\u00fcl, mely \u00f3ri\u00e1sc\u00e9gek k\u00e9sz\u00edtik val\u00f3j\u00e1ban az Aldi, a Lidl \u00e9s a Penny n\u00e9pszer\u0171 \u00e9dess\u00e9geit.<\/p>\n","protected":false},"author":64,"featured_media":2242875,"comment_status":"closed","ping_status":"closed","sticky":false,"template":"","format":"standard","meta":{"footnotes":""},"categories":[8180],"tags":[850,519,280,14197,15347],"class_list":["post-2274190","post","type-post","status-publish","format-standard","has-post-thumbnail","hentry","category-trending","tag-aldi","tag-csokolade","tag-lidl","tag-penny","tag-sajat-markas-termek"],"aioseo_notices":[],"_links":{"self":[{"href":"https:\/\/www.startlap.hu\/vasarlas\/wp-json\/wp\/v2\/posts\/2274190","targetHints":{"allow":["GET"]}}],"collection":[{"href":"https:\/\/www.startlap.hu\/vasarlas\/wp-json\/wp\/v2\/posts"}],"about":[{"href":"https:\/\/www.startlap.hu\/vasarlas\/wp-json\/wp\/v2\/types\/post"}],"author":[{"embeddable":true,"href":"https:\/\/www.startlap.hu\/vasarlas\/wp-json\/wp\/v2\/users\/64"}],"replies":[{"embeddable":true,"href":"https:\/\/www.startlap.hu\/vasarlas\/wp-json\/wp\/v2\/comments?post=2274190"}],"version-history":[{"count":8,"href":"https:\/\/www.startlap.hu\/vasarlas\/wp-json\/wp\/v2\/posts\/2274190\/revisions"}],"predecessor-version":[{"id":2274266,"href":"https:\/\/www.startlap.hu\/vasarlas\/wp-json\/wp\/v2\/posts\/2274190\/revisions\/2274266"}],"wp:featuredmedia":[{"embeddable":true,"href":"https:\/\/www.startlap.hu\/vasarlas\/wp-json\/wp\/v2\/media\/2242875"}],"wp:attachment":[{"href":"https:\/\/www.startlap.hu\/vasarlas\/wp-json\/wp\/v2\/media?parent=2274190"}],"wp:term":[{"taxonomy":"category","embeddable":true,"href":"https:\/\/www.startlap.hu\/vasarlas\/wp-json\/wp\/v2\/categories?post=2274190"},{"taxonomy":"post_tag","embeddable":true,"href":"https:\/\/www.startlap.hu\/vasarlas\/wp-json\/wp\/v2\/tags?post=2274190"}],"curies":[{"name":"wp","href":"https:\/\/api.w.org\/{rel}","templated":true}]}}