{"id":2274069,"date":"2025-12-09T15:03:35","date_gmt":"2025-12-09T14:03:35","guid":{"rendered":"https:\/\/www.startlap.hu\/vasarlas\/?p=2274069"},"modified":"2025-12-09T12:28:27","modified_gmt":"2025-12-09T11:28:27","slug":"csomag-vizsgalat-fogyasztovedelem-ferihegy-nav-nkfh","status":"publish","type":"post","link":"https:\/\/www.startlap.hu\/vasarlas\/csomag-vizsgalat-fogyasztovedelem-ferihegy-nav-nkfh\/","title":{"rendered":"F\u00e9lelmetes, mit tal\u00e1lt a NAV a ferihegyi csomagok vizsg\u00e1lat\u00e1n\u00e1l"},"content":{"rendered":"<p>A Nemzeti Kereskedelmi \u00e9s Fogyaszt\u00f3v\u00e9delmi Hat\u00f3s\u00e1g (NKFH) \u00e9s a Nemzeti Ad\u00f3- \u00e9s V\u00e1mhivatal (<a href=\"https:\/\/www.startlap.hu\/vasarlas\/haromgyerekes-anyak-szja-mentessege-csaladi-adokedvezmeny-nav\/\" target=\"_blank\" rel=\"noopener\">NAV<\/a>) harmadik orsz\u00e1gokb\u00f3l \u00e9rkez\u0151, online platformokon <a href=\"https:\/\/www.startlap.hu\/vasarlas\/europai-unio-vam-szigoritas\/\" target=\"_blank\" rel=\"noopener\">rendelt<\/a> term\u00e9keket ellen\u0151rz\u00f6tt december 5-\u00e9n, c\u00e9lzott vizsg\u00e1lat keret\u00e9ben a Liszt Ferenc Nemzetk\u00f6zi Rep\u00fcl\u0151t\u00e9ren. <strong>Az akci\u00f3napon 500 csomagot ellen\u0151riztek a hat\u00f3s\u00e1gok munkat\u00e1rsai, amelyek 60 sz\u00e1zal\u00e9ka bizonyult vesz\u00e9lyesnek<\/strong> &#8211; els\u0151sorban a j\u00e1t\u00e9kok, a pl\u00fcss\u00f6k, a textilterm\u00e9kek \u00e9s az akkumul\u00e1tort\u00f6lt\u0151k bizonyultak nem biztons\u00e1gosnak vagy nem megfelel\u0151nek &#8211; jelentette be kedden kiadott k\u00f6z\u00f6s k\u00f6zlem\u00e9ny\u00e9ben a NAV \u00e9s az NKFH.<\/p>\n<div class=\"o-widget m-readMoreWidget -readMore u-shortDecorLineAfter row widget-container _ce_measure_widget bigdata-widget read-more\" data-ce-measure-widget=\"olvass tov\u00e1bb\">\n\t<div class=\"m-readMoreWidget__imgWrapper image-wrapper col-12 col-md-4 no-p\">\n\t\t<a class=\"m-readMoreWidget__imgLink\" href=\"https:\/\/www.startlap.hu\/vasarlas\/hajmosas-gyakorisag-borgyogyasz\/\" >\n\t\t\t<img decoding=\"async\" src=\"https:\/\/www.startlap.hu\/vasarlas\/uploads\/2025\/12\/hajmosas-350x285.jpg\" class=\"m-readMoreWidget__img\">\n\t\t<\/a>\n\t<\/div>\n\t<div class=\"m-readMoreWidget__titleWrapper title-wrapper col-12 col-md-8\">\n\t\t<span class=\"m-readMoreWidget__titleLabel u-shortDecorLineBefore label hidden-sm-up\">Ez is \u00e9rdekelhet:<\/span>\n\t\t<h3 class=\"m-readMoreWidget__title title\">\n\t\t\t<a class=\"m-readMoreWidget__titleLink -secondFont u-bold u-upperCase\" href=\"https:\/\/www.startlap.hu\/vasarlas\/hajmosas-gyakorisag-borgyogyasz\/\" >Nem heti egyszer, nem minden m\u00e1sodik nap: b\u0151rgy\u00f3gy\u00e1sz elmagyar\u00e1zta, milyen gyakran kell hajat mosni<\/a>\n\t\t<\/h3>\n\t\t<a class=\"m-readMoreWidget__btn -coloredBack u-tC link\" href=\"https:\/\/www.startlap.hu\/vasarlas\/hajmosas-gyakorisag-borgyogyasz\/\" >Elolvasom<\/a>\n\t<\/div>\n<\/div>\n<p>A Budapest F\u0151v\u00e1ros Korm\u00e1nyhivatal\u00e1nak bevon\u00e1s\u00e1val lefolytatott akci\u00f3 a harmadik orsz\u00e1gokb\u00f3l \u00e9rkez\u0151, online platformokon rendelt term\u00e9kek piacfel\u00fcgyeleti ellen\u0151rz\u00e9s\u00e9re terjedt ki. A hat\u00f3s\u00e1gok munkat\u00e1rsai j\u00e1t\u00e9kokat, m\u0171szaki \u00e1rucikkeket, kozmetikai term\u00e9keket \u00e9s kar\u00e1csonyi kieg\u00e9sz\u00edt\u0151ket vizsg\u00e1ltak.&nbsp;A k\u00f6zlem\u00e9ny kiemelte, hogy a hat\u00f3s\u00e1gi fell\u00e9p\u00e9ssel nemcsak a magyar \u00e9s uni\u00f3s fogyaszt\u00f3kat, hanem a jogk\u00f6vet\u0151 magyar v\u00e1llalkoz\u00e1sokat \u00e9s \u00edgy a piac tisztas\u00e1g\u00e1t is v\u00e9dik.<\/p>\n<figure id=\"attachment_2274071\" aria-describedby=\"caption-attachment-2274071\" style=\"width: 755px\" class=\"wp-caption alignnone\"><a href=\"https:\/\/www.startlap.hu\/vasarlas\/uploads\/2025\/12\/dobozok-raktar.jpg\"><img loading=\"lazy\" decoding=\"async\" class=\"size-article-size-large-image wp-image-2274071\" src=\"https:\/\/www.startlap.hu\/vasarlas\/uploads\/2025\/12\/dobozok-raktar-755x449.jpg\" alt=\"\" width=\"755\" height=\"449\" srcset=\"https:\/\/www.startlap.hu\/vasarlas\/uploads\/2025\/12\/dobozok-raktar-755x449.jpg 755w, https:\/\/www.startlap.hu\/vasarlas\/uploads\/2025\/12\/dobozok-raktar-588x350.jpg 588w, https:\/\/www.startlap.hu\/vasarlas\/uploads\/2025\/12\/dobozok-raktar.jpg 1500w\" sizes=\"auto, (max-width: 755px) 100vw, 755px\" \/><\/a><figcaption id=\"caption-attachment-2274071\" class=\"wp-caption-text\">Illusztr\u00e1ci\u00f3 (Getty Images)<\/figcaption><\/figure>\n<p>Felid\u00e9zt\u00e9k, hogy a harmadik orsz\u00e1gbeli online platformok 2024-ben m\u00e1r 493 milli\u00e1rd forintos forgalmat bonyol\u00edtottak az egyablakos ad\u00f3z\u00e1si rendszer adatai alapj\u00e1n. Csak tavaly 80 sz\u00e1zal\u00e9kkal, az idei els\u0151 f\u00e9l \u00e9vben pedig tov\u00e1bbi <strong>28 sz\u00e1zal\u00e9kkal b\u0151v\u00fclt a nemzetk\u00f6zi h\u00e1tter\u0171 e-keresked\u0151k forgalma<\/strong>, mik\u00f6zben a magyarorsz\u00e1gi telephely\u0171 web\u00e1ruh\u00e1zak \u00e1tlagosan 10 sz\u00e1zal\u00e9kos n\u00f6veked\u00e9st \u00e9rtek el. R\u00e1mutattak, hogy m\u00e1r minden tizedik forintot online k\u00f6ltenek el a v\u00e1s\u00e1rl\u00f3k, \u00e9s ebben a m\u0171szaki cikkek r\u00e9szar\u00e1nya 50 sz\u00e1zal\u00e9kos, m\u00edg a ruh\u00e1zat mintegy 20 sz\u00e1zal\u00e9kos s\u00fallyal szerepel. A v\u00e1madatok szerint id\u00e9n 40 sz\u00e1zal\u00e9kkal t\u00f6bb csomag \u00e9rkezik, mint tavaly.&nbsp;A NAV 136 milli\u00f3 kis \u00e9rt\u00e9k\u0171 (150 eur\u00f3 alatti) k\u00fcldem\u00e9nyt v\u00e1mkezelt 2024-ben, id\u00e9n a csomagok sz\u00e1ma meghaladhatja a 190 milli\u00f3t.<\/p>\n<h2>Rengeteg \u00e1ru megbukik a vizsg\u00e1latokon<\/h2>\n<p>Id\u00e9zt\u00e9k N\u00e9met-Weingartner Lill\u00e1t, az NKFH eln\u00f6k\u00e9t, aki elmondta: vannak olyan term\u00e9kkateg\u00f3ri\u00e1k, ahol<\/p>\n<blockquote class=\"article__extraTxt\"><p>az \u00e1rucikkek ak\u00e1r 80 sz\u00e1zal\u00e9ka is megbukik a vizsg\u00e1latokon,<\/p><\/blockquote>\n<p>p\u00e9ld\u00e1ul az <a href=\"https:\/\/www.startlap.hu\/vasarlas\/tolto-konnektor-veszely-kockazata-aram\/\" target=\"_blank\" rel=\"noopener\">akkumul\u00e1tort\u00f6lt\u0151k<\/a> \u00e9s egyes m\u0171szaki cikkek, ami egy\u00e9rtelm\u0171v\u00e9 teszi: a c\u00e9lzott akci\u00f3k nem egyszeri beavatkoz\u00e1sok, hanem a mindennapi hat\u00f3s\u00e1gi munka sz\u00fcks\u00e9ges r\u00e9sz\u00e9t jelentik.<\/p>\n<p>Magyarorsz\u00e1g az egyik legfontosabb kapu az Eur\u00f3pai Uni\u00f3 ir\u00e1ny\u00e1ba, \u00edgy felel\u0151ss\u00e9g\u00fcnk nemcsak a magyar, hanem az uni\u00f3s fogyaszt\u00f3k biztons\u00e1g\u00e1nak er\u0151s\u00edt\u00e9se is &#8211; tette hozz\u00e1. Bakai Krist\u00f3f P\u00e9ter, a NAV v\u00e1mszakmai \u00e9s nemzetk\u00f6zi eln\u00f6khelyettese kiemelte: a NAV feladata, hogy a k\u00fcldem\u00e9nyek k\u00f6z\u00fcl kisz\u0171rje mindazt, ami kock\u00e1zatot jelenthet, hogy a hamis \u00e9s vesz\u00e9lyes term\u00e9kek ne juthassanak be az uni\u00f3 piac\u00e1ra. A be\u00e9rkez\u0151 kiscsomagokhoz kapcsol\u00f3d\u00f3 adatokat a NAV kock\u00e1zatelemz\u00e9si rendszere vizsg\u00e1lja \u00e1t, ez v\u00e1lasztja ki azokat a k\u00fcldem\u00e9nyeket, amelyek tov\u00e1bbi ellen\u0151rz\u00e9st ig\u00e9nyelnek. Megjegyezte, hogy az import\u0151r\u00f6k \u00e9s a c\u00edmzettek nemcsak az \u00e1ru\u00e1tenged\u00e9s el\u0151tt, hanem azt k\u00f6vet\u0151en is sz\u00e1m\u00edthatnak a NAV vizsg\u00e1lataira &#8211; \u00edrja az MTI.<\/p>\n<div class=\"o-widget m-readMoreWidget -readMore u-shortDecorLineAfter row widget-container _ce_measure_widget bigdata-widget read-more\" data-ce-measure-widget=\"olvass tov\u00e1bb\">\n\t<div class=\"m-readMoreWidget__imgWrapper image-wrapper col-12 col-md-4 no-p\">\n\t\t<a class=\"m-readMoreWidget__imgLink\" href=\"https:\/\/www.startlap.hu\/vasarlas\/inflacio-aremelkedes-foldgaz-2025-november\/\" >\n\t\t\t<img decoding=\"async\" src=\"https:\/\/www.startlap.hu\/vasarlas\/uploads\/2023\/08\/gazora-foldgaz-meroora-350x285.jpg\" class=\"m-readMoreWidget__img\">\n\t\t<\/a>\n\t<\/div>\n\t<div class=\"m-readMoreWidget__titleWrapper title-wrapper col-12 col-md-8\">\n\t\t<span class=\"m-readMoreWidget__titleLabel u-shortDecorLineBefore label hidden-sm-up\">Ez is \u00e9rdekelhet:<\/span>\n\t\t<h3 class=\"m-readMoreWidget__title title\">\n\t\t\t<a class=\"m-readMoreWidget__titleLink -secondFont u-bold u-upperCase\" href=\"https:\/\/www.startlap.hu\/vasarlas\/inflacio-aremelkedes-foldgaz-2025-november\/\" >Nagyon rossz h\u00edrt kaptak a g\u00e1zzal f\u0171t\u0151k &#8211; egekbe emelkedik a h\u00e1ztart\u00e1si energia \u00e1ra<\/a>\n\t\t<\/h3>\n\t\t<a class=\"m-readMoreWidget__btn -coloredBack u-tC link\" href=\"https:\/\/www.startlap.hu\/vasarlas\/inflacio-aremelkedes-foldgaz-2025-november\/\" >Elolvasom<\/a>\n\t<\/div>\n<\/div>\n","protected":false},"excerpt":{"rendered":"<p>Az orsz\u00e1gba be\u00e9rkez\u0151 j\u00e1t\u00e9kokat, m\u0171szaki \u00e1rucikkeket, kozmetikai term\u00e9keket \u00e9s kar\u00e1csonyi kieg\u00e9sz\u00edt\u0151ket vizsg\u00e1ltak a Liszt Ferenc Nemzetk\u00f6zi Rep\u00fcl\u0151t\u00e9ren a hat\u00f3s\u00e1gok. <\/p>\n","protected":false},"author":7,"featured_media":2274071,"comment_status":"closed","ping_status":"closed","sticky":false,"template":"","format":"standard","meta":{"footnotes":""},"categories":[8180],"tags":[5952,305],"class_list":["post-2274069","post","type-post","status-publish","format-standard","has-post-thumbnail","hentry","category-trending","tag-fogyasztovedelem","tag-nav"],"aioseo_notices":[],"_links":{"self":[{"href":"https:\/\/www.startlap.hu\/vasarlas\/wp-json\/wp\/v2\/posts\/2274069","targetHints":{"allow":["GET"]}}],"collection":[{"href":"https:\/\/www.startlap.hu\/vasarlas\/wp-json\/wp\/v2\/posts"}],"about":[{"href":"https:\/\/www.startlap.hu\/vasarlas\/wp-json\/wp\/v2\/types\/post"}],"author":[{"embeddable":true,"href":"https:\/\/www.startlap.hu\/vasarlas\/wp-json\/wp\/v2\/users\/7"}],"replies":[{"embeddable":true,"href":"https:\/\/www.startlap.hu\/vasarlas\/wp-json\/wp\/v2\/comments?post=2274069"}],"version-history":[{"count":2,"href":"https:\/\/www.startlap.hu\/vasarlas\/wp-json\/wp\/v2\/posts\/2274069\/revisions"}],"predecessor-version":[{"id":2274072,"href":"https:\/\/www.startlap.hu\/vasarlas\/wp-json\/wp\/v2\/posts\/2274069\/revisions\/2274072"}],"wp:featuredmedia":[{"embeddable":true,"href":"https:\/\/www.startlap.hu\/vasarlas\/wp-json\/wp\/v2\/media\/2274071"}],"wp:attachment":[{"href":"https:\/\/www.startlap.hu\/vasarlas\/wp-json\/wp\/v2\/media?parent=2274069"}],"wp:term":[{"taxonomy":"category","embeddable":true,"href":"https:\/\/www.startlap.hu\/vasarlas\/wp-json\/wp\/v2\/categories?post=2274069"},{"taxonomy":"post_tag","embeddable":true,"href":"https:\/\/www.startlap.hu\/vasarlas\/wp-json\/wp\/v2\/tags?post=2274069"}],"curies":[{"name":"wp","href":"https:\/\/api.w.org\/{rel}","templated":true}]}}