{"id":2274040,"date":"2025-12-08T21:37:05","date_gmt":"2025-12-08T20:37:05","guid":{"rendered":"https:\/\/www.startlap.hu\/vasarlas\/?p=2274040"},"modified":"2025-12-08T21:54:19","modified_gmt":"2025-12-08T20:54:19","slug":"internet-telefonszolgaltatas-leallas-telekom-december","status":"publish","type":"post","link":"https:\/\/www.startlap.hu\/vasarlas\/internet-telefonszolgaltatas-leallas-telekom-december\/","title":{"rendered":"Nem lesz internet, de telefonos szolg\u00e1ltat\u00e1s sem az orsz\u00e1g t\u00f6bb pontj\u00e1n"},"content":{"rendered":"<p>Decemberben Magyarorsz\u00e1g sz\u00e1mos r\u00e9sz\u00e9n le fognak \u00e1llni r\u00e9szlegesen a <strong><a href=\"https:\/\/www.startlap.hu\/vasarlas\/fa-muanyag-ablakkeret-hoszigeteles-tartos\/\" target=\"_blank\" rel=\"noopener\">Telekom<\/a> <\/strong>szolg\u00e1ltat\u00e1sai &#8211; \u00edrj a <a href=\"https:\/\/hitelforum.hu\/nem-lesz-internet-es-tv-adas-sem-8-oran-keresztul-ujra-kell-inditani-a-wifi-routert\/\" target=\"_blank\" target=\"_blank\" rel=\"noopener\">Hitelforum.hu<\/a>. 2025-ben m\u00e1r sz\u00e1mos m\u00e1s helyen volt ilyen m\u00e9rt\u00e9k\u0171 technikai le\u00e1ll\u00e1s a c\u00e9g h\u00e1l\u00f3zataiban, ezek mind tervezett karbantart\u00e1sok voltak.&nbsp;<\/p>\n<div class=\"o-widget m-readMoreWidget -readMore u-shortDecorLineAfter row widget-container _ce_measure_widget bigdata-widget read-more\" data-ce-measure-widget=\"olvass tov\u00e1bb\">\n\t<div class=\"m-readMoreWidget__imgWrapper image-wrapper col-12 col-md-4 no-p\">\n\t\t<a class=\"m-readMoreWidget__imgLink\" href=\"https:\/\/www.startlap.hu\/vasarlas\/fa-muanyag-ablakkeret-hoszigeteles-tartos\/\" >\n\t\t\t<img decoding=\"async\" src=\"https:\/\/www.startlap.hu\/vasarlas\/uploads\/2025\/06\/ablak-fuggony-no-350x285.jpg\" class=\"m-readMoreWidget__img\">\n\t\t<\/a>\n\t<\/div>\n\t<div class=\"m-readMoreWidget__titleWrapper title-wrapper col-12 col-md-8\">\n\t\t<span class=\"m-readMoreWidget__titleLabel u-shortDecorLineBefore label hidden-sm-up\">Ez is \u00e9rdekelhet:<\/span>\n\t\t<h3 class=\"m-readMoreWidget__title title\">\n\t\t\t<a class=\"m-readMoreWidget__titleLink -secondFont u-bold u-upperCase\" href=\"https:\/\/www.startlap.hu\/vasarlas\/fa-muanyag-ablakkeret-hoszigeteles-tartos\/\" >Figyelmeztetik a m\u0171anyag ablakkeretes h\u00e1ztulajdonosokat<\/a>\n\t\t<\/h3>\n\t\t<a class=\"m-readMoreWidget__btn -coloredBack u-tC link\" href=\"https:\/\/www.startlap.hu\/vasarlas\/fa-muanyag-ablakkeret-hoszigeteles-tartos\/\" >Elolvasom<\/a>\n\t<\/div>\n<\/div>\n<p>Budapest \u00e9s a nagyobb v\u00e1rosok mellett t\u00f6bb kisebb telep\u00fcl\u00e9sen is sz\u00e1m\u00edtani lehet a szolg\u00e1ltat\u00e1sok ideiglenes sz\u00fcnetel\u00e9s\u00e9re. Ezek r\u00e9szlegesek lesznek.<\/p>\n<figure id=\"attachment_2274046\" aria-describedby=\"caption-attachment-2274046\" style=\"width: 755px\" class=\"wp-caption alignnone\"><img loading=\"lazy\" decoding=\"async\" class=\"size-article-size-large-image wp-image-2274046\" src=\"https:\/\/www.startlap.hu\/vasarlas\/uploads\/2025\/12\/internet_laptop_-755x503.jpg\" alt=\"Amikor nincs internet\" width=\"755\" height=\"503\" srcset=\"https:\/\/www.startlap.hu\/vasarlas\/uploads\/2025\/12\/internet_laptop_-755x503.jpg 755w, https:\/\/www.startlap.hu\/vasarlas\/uploads\/2025\/12\/internet_laptop_-525x350.jpg 525w, https:\/\/www.startlap.hu\/vasarlas\/uploads\/2025\/12\/internet_laptop_.jpg 1200w\" sizes=\"auto, (max-width: 755px) 100vw, 755px\" \/><figcaption id=\"caption-attachment-2274046\" class=\"wp-caption-text\">Fot\u00f3: Getty Images<\/figcaption><\/figure>\n<p>A Telekom t\u00e1j\u00e9koztat\u00e1sa szerint az anal\u00f3g \u00e9s digit\u00e1lis telefonszolg\u00e1ltat\u00e1sok, az internet \u00e9s IPTV csomagok v\u00e1lnak el\u00e9rhetetlenn\u00e9 a jelzett id\u0151pontokban&nbsp;<\/p>\n<p>Sz\u00e1mos helyen ez t\u00f6bb alkalmat is \u00e9rinthet k\u00e9t napon bel\u00fcl.&nbsp;<\/p>\n<p><strong>B\u00e9k\u00e9s v\u00e1rmegye<\/strong><\/p>\n<ul>\n<li>B\u00e9k\u00e9scsaba 2025. december 15. \u2014 07:30\u201316:30 \/ december 22. \u2014 07:30\u201317:30<\/li>\n<li>Mez\u0151kov\u00e1csh\u00e1za 2025. december 18. \u2014 07:30\u201315:30<\/li>\n<\/ul>\n<p><strong>Pest v\u00e1rmegye<\/strong><\/p>\n<ul>\n<li>Biatorb\u00e1gy 2025. december 15. \u2014 08:00\u201316:00<\/li>\n<li>Valk\u00f3 2025. december 19. \u2014 08:00\u201316:00<\/li>\n<\/ul>\n<p><strong>Baranya v\u00e1rmegye<\/strong><\/p>\n<ul>\n<li>P\u00e9cs 2025. december 19. \u2014 08:00\u201316:00<\/li>\n<\/ul>\n<p><strong>Borsod-Aba\u00faj-Zempl\u00e9n v\u00e1rmegye<\/strong><\/p>\n<ul>\n<li>Abod 2025. december 18. \u2014 07:30\u201315:30<\/li>\n<\/ul>\n<p><strong>B\u00e1cs-Kiskun v\u00e1rmegye<\/strong><\/p>\n<ul>\n<li>Kecskem\u00e9t 2025. december 18. \u2014 07:30\u201317:30<\/li>\n<li>Dunapataj 2025. december 18. \u2014 08:00\u201316:00<\/li>\n<\/ul>\n<p><strong>Budapest<\/strong><\/p>\n<ul>\n<li>X. ker\u00fclet 2025. december 18. \u2014 08:00\u201312:00<\/li>\n<li>XIII. ker\u00fclet 2025.december 16. \u2014 08:00\u201316:00<\/li>\n<li>XX. ker\u00fclet 2025. december 19. \u2014 08:00\u201316:00<\/li>\n<\/ul>\n<p><strong>Fej\u00e9r v\u00e1rmegye<\/strong><\/p>\n<ul>\n<li>Enying 2025. december 18. \u2014 08:00\u201316:00<\/li>\n<li>Pusztaszabolcs 2025. december 21. \u2014 08:00\u201315:30<\/li>\n<\/ul>\n<p><strong>Heves v\u00e1rmegye<\/strong><\/p>\n<ul>\n<li>Szilv\u00e1sv\u00e1rad 2025. december 15. \u2014 08:00\u201316:00<\/li>\n<li>B\u00fckksz\u00e9k 2025. december 22. \u2014 08:00\u201316:00<\/li>\n<\/ul>\n<p><strong>Szabolcs-Szatm\u00e1r-Bereg v\u00e1rmegye<\/strong><\/p>\n<ul>\n<li>Tiszaszalka 2025. december 18. \u2014 08:00\u201315:30 \/ december 19. \u2014 08:00\u201315:30<\/li>\n<li>L\u00e9tav\u00e9rtes 2025. december 18. \u2014 08:30\u201316:30<\/li>\n<\/ul>\n<p><strong>Tolna v\u00e1rmegye<\/strong><\/p>\n<ul>\n<li>Paks 2025. december 18. \u2014 08:00\u201311:00<\/li>\n<li>Cik\u00f3 2025. december 19. \u2014 08:30\u201315:00 \/ december 21. \u2014 08:30\u201315:00 \/ december 22. \u2014 08:30\u201315:00<\/li>\n<\/ul>\n<p><strong>Veszpr\u00e9m v\u00e1rmegye<\/strong><\/p>\n<ul>\n<li>Csesznek 2025. december 18. \u2014 08:00\u201316:00<\/li>\n<\/ul>\n<p><strong>Zala v\u00e1rmegye<\/strong><\/p>\n<ul>\n<li>Zalaegerszeg 2025. december 15. \u2014 08:00\u201316:00 \/ december 22. \u2014 08:00\u201316:00<\/li>\n<\/ul>\n<p>A sz\u00e1m\u00edt\u00f3g\u00e9pekhez csatlakoz\u00f3 Wi-Fi routereket a h\u00e1l\u00f3zat \u00fajb\u00f3li m\u0171k\u00f6d\u0151k\u00e9pess\u00e9 v\u00e1l\u00e1sa ut\u00e1n \u00e9rdemes mindenk\u00e9ppen \u00fajraind\u00edtani.<\/p>\n<div class=\"o-widget m-readMoreWidget -readMore u-shortDecorLineAfter row widget-container _ce_measure_widget bigdata-widget read-more\" data-ce-measure-widget=\"olvass tov\u00e1bb\">\n\t<div class=\"m-readMoreWidget__imgWrapper image-wrapper col-12 col-md-4 no-p\">\n\t\t<a class=\"m-readMoreWidget__imgLink\" href=\"https:\/\/www.startlap.hu\/vasarlas\/gmail-google-mesterseges-intelligencia-adatok-privat-levelezesek\/\" >\n\t\t\t<img decoding=\"async\" src=\"https:\/\/www.startlap.hu\/vasarlas\/uploads\/2025\/07\/gmail-2-350x285.jpg\" class=\"m-readMoreWidget__img\">\n\t\t<\/a>\n\t<\/div>\n\t<div class=\"m-readMoreWidget__titleWrapper title-wrapper col-12 col-md-8\">\n\t\t<span class=\"m-readMoreWidget__titleLabel u-shortDecorLineBefore label hidden-sm-up\">Ez is \u00e9rdekelhet:<\/span>\n\t\t<h3 class=\"m-readMoreWidget__title title\">\n\t\t\t<a class=\"m-readMoreWidget__titleLink -secondFont u-bold u-upperCase\" href=\"https:\/\/www.startlap.hu\/vasarlas\/gmail-google-mesterseges-intelligencia-adatok-privat-levelezesek\/\" >Terjedt a p\u00e1nik a Gmail funkci\u00f3ja miatt, megsz\u00f3lalt a Google<\/a>\n\t\t<\/h3>\n\t\t<a class=\"m-readMoreWidget__btn -coloredBack u-tC link\" href=\"https:\/\/www.startlap.hu\/vasarlas\/gmail-google-mesterseges-intelligencia-adatok-privat-levelezesek\/\" >Elolvasom<\/a>\n\t<\/div>\n<\/div>\n","protected":false},"excerpt":{"rendered":"<p>Decemberben, m\u00e9g az \u00e9v v\u00e9ge el\u0151tt, sz\u00e1mos helyen v\u00e1lik el\u00e9rhetetlenn\u00e9 t\u00f6bb \u00f3r\u00e1n kereszt\u00fcl az internet valamint a telefonos szolg\u00e1ltat\u00e1s. <\/p>\n","protected":false},"author":8,"featured_media":2274046,"comment_status":"closed","ping_status":"closed","sticky":false,"template":"","format":"standard","meta":{"footnotes":""},"categories":[8180],"tags":[844,6081,6935,19824],"class_list":["post-2274040","post","type-post","status-publish","format-standard","has-post-thumbnail","hentry","category-trending","tag-internet","tag-leallas","tag-magyar-telekom","tag-telefonszol"],"aioseo_notices":[],"_links":{"self":[{"href":"https:\/\/www.startlap.hu\/vasarlas\/wp-json\/wp\/v2\/posts\/2274040","targetHints":{"allow":["GET"]}}],"collection":[{"href":"https:\/\/www.startlap.hu\/vasarlas\/wp-json\/wp\/v2\/posts"}],"about":[{"href":"https:\/\/www.startlap.hu\/vasarlas\/wp-json\/wp\/v2\/types\/post"}],"author":[{"embeddable":true,"href":"https:\/\/www.startlap.hu\/vasarlas\/wp-json\/wp\/v2\/users\/8"}],"replies":[{"embeddable":true,"href":"https:\/\/www.startlap.hu\/vasarlas\/wp-json\/wp\/v2\/comments?post=2274040"}],"version-history":[{"count":7,"href":"https:\/\/www.startlap.hu\/vasarlas\/wp-json\/wp\/v2\/posts\/2274040\/revisions"}],"predecessor-version":[{"id":2274048,"href":"https:\/\/www.startlap.hu\/vasarlas\/wp-json\/wp\/v2\/posts\/2274040\/revisions\/2274048"}],"wp:featuredmedia":[{"embeddable":true,"href":"https:\/\/www.startlap.hu\/vasarlas\/wp-json\/wp\/v2\/media\/2274046"}],"wp:attachment":[{"href":"https:\/\/www.startlap.hu\/vasarlas\/wp-json\/wp\/v2\/media?parent=2274040"}],"wp:term":[{"taxonomy":"category","embeddable":true,"href":"https:\/\/www.startlap.hu\/vasarlas\/wp-json\/wp\/v2\/categories?post=2274040"},{"taxonomy":"post_tag","embeddable":true,"href":"https:\/\/www.startlap.hu\/vasarlas\/wp-json\/wp\/v2\/tags?post=2274040"}],"curies":[{"name":"wp","href":"https:\/\/api.w.org\/{rel}","templated":true}]}}