{"id":2274029,"date":"2025-12-08T19:26:09","date_gmt":"2025-12-08T18:26:09","guid":{"rendered":"https:\/\/www.startlap.hu\/vasarlas\/?p=2274029"},"modified":"2025-12-08T19:28:21","modified_gmt":"2025-12-08T18:28:21","slug":"telekom-karacsony-72-ora-ingyen-mobilnet","status":"publish","type":"post","link":"https:\/\/www.startlap.hu\/vasarlas\/telekom-karacsony-72-ora-ingyen-mobilnet\/","title":{"rendered":"72 \u00f3r\u00e1nyi ingyen mobilnetet ad a magyar szolg\u00e1ltat\u00f3"},"content":{"rendered":"<p>December elej\u00e9t\u0151l <strong>t\u00f6bb \u00fcnnepi aj\u00e1nlat is el\u00e9rhet\u0151<\/strong> m\u00e1r a Telekomn\u00e1l &#8211; \u00edrja a <strong><a href=\"https:\/\/www.hirstart.hu\/site\/relocate.php?rssid=461&amp;rsspid=3&amp;ctype=rss&amp;id=42388256&amp;chk=05e9e744d31e4e02b585d697be695e46&amp;url=https%3A%2F%2Fnaphire.hu%2Fcikk%2F72-oranyi-korlatlan-mobilnet-telekom\" target=\"_blank\" target=\"_blank\" rel=\"noopener\">Naphire.hu<\/a><\/strong>. Az adventi id\u0151szak eg\u00e9sz decemberben tart: a Magenta Moments adventi napt\u00e1r\u00e1n\u00e1l a Telekom \u00fcgyfelei naponta \u00faj aj\u00e1nd\u00e9kot aktiv\u00e1lhatnak az alkalmaz\u00e1sban.<\/p>\n<div class=\"o-widget m-readMoreWidget -readMore u-shortDecorLineAfter row widget-container _ce_measure_widget bigdata-widget read-more\" data-ce-measure-widget=\"olvass tov\u00e1bb\">\n\t<div class=\"m-readMoreWidget__imgWrapper image-wrapper col-12 col-md-4 no-p\">\n\t\t<a class=\"m-readMoreWidget__imgLink\" href=\"https:\/\/www.startlap.hu\/vasarlas\/haztartasi-gep-legrosszabb-markak-szerviz\/\" >\n\t\t\t<img decoding=\"async\" src=\"https:\/\/www.startlap.hu\/vasarlas\/uploads\/2025\/11\/haztartasi-gep-350x285.jpg\" class=\"m-readMoreWidget__img\">\n\t\t<\/a>\n\t<\/div>\n\t<div class=\"m-readMoreWidget__titleWrapper title-wrapper col-12 col-md-8\">\n\t\t<span class=\"m-readMoreWidget__titleLabel u-shortDecorLineBefore label hidden-sm-up\">Ez is \u00e9rdekelhet:<\/span>\n\t\t<h3 class=\"m-readMoreWidget__title title\">\n\t\t\t<a class=\"m-readMoreWidget__titleLink -secondFont u-bold u-upperCase\" href=\"https:\/\/www.startlap.hu\/vasarlas\/haztartasi-gep-legrosszabb-markak-szerviz\/\" >Szerel\u0151k el\u00e1rult\u00e1k, milyen m\u00e1rk\u00e1j\u00fa h\u00e1ztart\u00e1si g\u00e9peket nem \u00e9rdemes venni, mert gyorsan elromlanak<\/a>\n\t\t<\/h3>\n\t\t<a class=\"m-readMoreWidget__btn -coloredBack u-tC link\" href=\"https:\/\/www.startlap.hu\/vasarlas\/haztartasi-gep-legrosszabb-markak-szerviz\/\" >Elolvasom<\/a>\n\t<\/div>\n<\/div>\n<p>December 2-t\u0151l&nbsp; r\u00e1ad\u00e1sul m\u00e1r el\u00e9rhet\u0151 a korl\u00e1tlan mobilnet, amelyet az appban december 28-ig lehet ig\u00e9nyelni.<\/p>\n<figure id=\"attachment_2274031\" aria-describedby=\"caption-attachment-2274031\" style=\"width: 755px\" class=\"wp-caption alignnone\"><img loading=\"lazy\" decoding=\"async\" class=\"size-article-size-large-image wp-image-2274031\" src=\"https:\/\/www.startlap.hu\/vasarlas\/uploads\/2025\/12\/mobiltelefon_wifijel_-755x503.jpg\" alt=\"Mobiltelefont k\u00e9zben\" width=\"755\" height=\"503\" srcset=\"https:\/\/www.startlap.hu\/vasarlas\/uploads\/2025\/12\/mobiltelefon_wifijel_-755x503.jpg 755w, https:\/\/www.startlap.hu\/vasarlas\/uploads\/2025\/12\/mobiltelefon_wifijel_-525x350.jpg 525w, https:\/\/www.startlap.hu\/vasarlas\/uploads\/2025\/12\/mobiltelefon_wifijel_.jpg 1200w\" sizes=\"auto, (max-width: 755px) 100vw, 755px\" \/><figcaption id=\"caption-attachment-2274031\" class=\"wp-caption-text\">Fot\u00f3: Getty Images<\/figcaption><\/figure>\n<p>Ennek seg\u00edts\u00e9g\u00e9vel az aktiv\u00e1l\u00e1st k\u00f6vet\u0151en <strong>72 \u00f3r\u00e1n \u00e1t korl\u00e1tlan belf\u00f6ldi adatforgalom j\u00e1r, \u00e9s ebb\u0151l 8 GB az EU-ban is felhaszn\u00e1lhat\u00f3.<\/strong><\/p>\n<p>Az ingyenes mobilnet mindenkinek j\u00e1r, aki 18 \u00e9ves vagy id\u0151sebb, \u00e9s telep\u00edtve van a Telekom alkalmaz\u00e1s a telefonj\u00e1n, valamint legal\u00e1bb egy akt\u00edv szerz\u0151d\u00e9se van a szolg\u00e1ltat\u00f3val.&nbsp;<\/p>\n<h2>Lekapcsolja a szolg\u00e1ltat\u00f3 az egyik h\u00e1l\u00f3zat\u00e1t<\/h2>\n<p>A Telekom k\u00f6zl\u00e9se szerint <strong>2026-t\u00f3l megkezdi a 2G h\u00e1l\u00f3zat le\u00e1ll\u00edt\u00e1s\u00e1t<\/strong>, \u00edgy a j\u00f6v\u0151ben m\u00e1r els\u0151sorban a 4G \u00e9s 5G szolg\u00e1ltat\u00e1sokra \u00e9p\u00fcl a rendszer. A r\u00e9gi telefonok egy ideig m\u00e9g m\u0171k\u00f6dnek, de a felhaszn\u00e1l\u00f3knak aj\u00e1nlott id\u0151ben gondoskodni az eszk\u00f6zv\u00e1lt\u00e1sr\u00f3l.<\/p>\n<p>A l\u00e9p\u00e9s fontos technol\u00f3giai v\u00e1lt\u00e1st jelent, amely a h\u00e1l\u00f3zat korszer\u0171s\u00edt\u00e9s\u00e9t c\u00e9lozza. A dolog \u00e9rdekess\u00e9ge, hogy a saj\u00e1t infrastrukt\u00fara lekapcsol\u00e1s\u00e1val ugyanakkor nem sz\u0171nik meg teljesen a 2G szolg\u00e1ltat\u00e1suk, <strong>mivel a Yettel h\u00e1l\u00f3zat\u00e1ra terelik \u00e1t a saj\u00e1t 2G-s forgalmukat.&nbsp;<\/strong><\/p>\n<p>A 2G-re \u00e9p\u00fcl\u0151 mobilszolg\u00e1ltat\u00e1s 1994-ben indult el Magyarorsz\u00e1gon a Westel 900 (k\u00e9s\u0151bb: T-Mobile \/ most: Magyar Telekom) h\u00e1l\u00f3zat\u00e1n.<\/p>\n<div class=\"o-widget m-readMoreWidget -readMore u-shortDecorLineAfter row widget-container _ce_measure_widget bigdata-widget read-more\" data-ce-measure-widget=\"olvass tov\u00e1bb\">\n\t<div class=\"m-readMoreWidget__imgWrapper image-wrapper col-12 col-md-4 no-p\">\n\t\t<a class=\"m-readMoreWidget__imgLink\" href=\"https:\/\/www.startlap.hu\/vasarlas\/mesterseges-intelligencia-ajandektargyak-karacsonyi-piac-eszak-irorszag-belfast-tiltas\/\" >\n\t\t\t<img decoding=\"async\" src=\"https:\/\/www.startlap.hu\/vasarlas\/uploads\/2025\/12\/karacsonyi-vasar-350x285.jpg\" class=\"m-readMoreWidget__img\">\n\t\t<\/a>\n\t<\/div>\n\t<div class=\"m-readMoreWidget__titleWrapper title-wrapper col-12 col-md-8\">\n\t\t<span class=\"m-readMoreWidget__titleLabel u-shortDecorLineBefore label hidden-sm-up\">Ez is \u00e9rdekelhet:<\/span>\n\t\t<h3 class=\"m-readMoreWidget__title title\">\n\t\t\t<a class=\"m-readMoreWidget__titleLink -secondFont u-bold u-upperCase\" href=\"https:\/\/www.startlap.hu\/vasarlas\/mesterseges-intelligencia-ajandektargyak-karacsonyi-piac-eszak-irorszag-belfast-tiltas\/\" >Kitiltott\u00e1k a mesters\u00e9ges\u00a0intelligenci\u00e1val k\u00e9sz\u00fclt aj\u00e1nd\u00e9kt\u00e1rgyakat egy kar\u00e1csonyi piacr\u00f3l<\/a>\n\t\t<\/h3>\n\t\t<a class=\"m-readMoreWidget__btn -coloredBack u-tC link\" href=\"https:\/\/www.startlap.hu\/vasarlas\/mesterseges-intelligencia-ajandektargyak-karacsonyi-piac-eszak-irorszag-belfast-tiltas\/\" >Elolvasom<\/a>\n\t<\/div>\n<\/div>\n","protected":false},"excerpt":{"rendered":"<p>A kar\u00e1csony k\u00f6zeledt\u00e9vel az egyik legnagyobb magyarorsz\u00e1gi szolg\u00e1ltat\u00f3 ism\u00e9t ingyen mobilnetet k\u00edn\u00e1l, de bizonyos felt\u00e9telekkel. <\/p>\n","protected":false},"author":8,"featured_media":2274031,"comment_status":"closed","ping_status":"closed","sticky":false,"template":"","format":"standard","meta":{"footnotes":""},"categories":[8180],"tags":[138,6935,18002],"class_list":["post-2274029","post","type-post","status-publish","format-standard","has-post-thumbnail","hentry","category-trending","tag-karacsony","tag-magyar-telekom","tag-mobilinternet"],"aioseo_notices":[],"_links":{"self":[{"href":"https:\/\/www.startlap.hu\/vasarlas\/wp-json\/wp\/v2\/posts\/2274029","targetHints":{"allow":["GET"]}}],"collection":[{"href":"https:\/\/www.startlap.hu\/vasarlas\/wp-json\/wp\/v2\/posts"}],"about":[{"href":"https:\/\/www.startlap.hu\/vasarlas\/wp-json\/wp\/v2\/types\/post"}],"author":[{"embeddable":true,"href":"https:\/\/www.startlap.hu\/vasarlas\/wp-json\/wp\/v2\/users\/8"}],"replies":[{"embeddable":true,"href":"https:\/\/www.startlap.hu\/vasarlas\/wp-json\/wp\/v2\/comments?post=2274029"}],"version-history":[{"count":9,"href":"https:\/\/www.startlap.hu\/vasarlas\/wp-json\/wp\/v2\/posts\/2274029\/revisions"}],"predecessor-version":[{"id":2274039,"href":"https:\/\/www.startlap.hu\/vasarlas\/wp-json\/wp\/v2\/posts\/2274029\/revisions\/2274039"}],"wp:featuredmedia":[{"embeddable":true,"href":"https:\/\/www.startlap.hu\/vasarlas\/wp-json\/wp\/v2\/media\/2274031"}],"wp:attachment":[{"href":"https:\/\/www.startlap.hu\/vasarlas\/wp-json\/wp\/v2\/media?parent=2274029"}],"wp:term":[{"taxonomy":"category","embeddable":true,"href":"https:\/\/www.startlap.hu\/vasarlas\/wp-json\/wp\/v2\/categories?post=2274029"},{"taxonomy":"post_tag","embeddable":true,"href":"https:\/\/www.startlap.hu\/vasarlas\/wp-json\/wp\/v2\/tags?post=2274029"}],"curies":[{"name":"wp","href":"https:\/\/api.w.org\/{rel}","templated":true}]}}