{"id":2273960,"date":"2025-12-07T05:33:59","date_gmt":"2025-12-07T04:33:59","guid":{"rendered":"https:\/\/www.startlap.hu\/vasarlas\/?p=2273960"},"modified":"2025-12-07T00:02:54","modified_gmt":"2025-12-06T23:02:54","slug":"lidl-parkside-fa-jatekmunkalap-karacsony-jatek-konyha-ajandek-akcio","status":"publish","type":"post","link":"https:\/\/www.startlap.hu\/vasarlas\/lidl-parkside-fa-jatekmunkalap-karacsony-jatek-konyha-ajandek-akcio\/","title":{"rendered":"74 r\u00e9szes Parkside-szett j\u00f6n a Lidlbe, hatalmas sorok v\u00e1rhat\u00f3k &#8211; m\u00e1shol j\u00f3val dr\u00e1g\u00e1bban adj\u00e1k"},"content":{"rendered":"<p>K\u00fcl\u00f6n\u00f6sen er\u0151s k\u00edn\u00e1lattal k\u00e9sz\u00fcl a <a href=\"https:\/\/www.startlap.hu\/vasarlas\/december-24-boltok-nyitvatartasa-karacsony-zarva-lidl-tesco-rossmann-jysk-2025\/\" target=\"_blank\" rel=\"noopener\">Lidl<\/a> id\u00e9n kar\u00e1csony el\u0151tt: olyan term\u00e9kek \u00e9rkeznek a polcokra verhetetlen \u00e1rakon, amik garant\u00e1ltan nagy mosolyt csalnak majd a gyerekek arc\u00e1ra &#8211; \u00e9s j\u00f3 es\u00e9llyel m\u00e9g a sz\u00fcl\u0151k is r\u00e1csod\u00e1lkoznak az \u00e1r-\u00e9rt\u00e9k ar\u00e1nyra.<\/p>\n<div class=\"o-widget m-readMoreWidget -readMore u-shortDecorLineAfter row widget-container _ce_measure_widget bigdata-widget read-more\" data-ce-measure-widget=\"olvass tov\u00e1bb\">\n\t<div class=\"m-readMoreWidget__imgWrapper image-wrapper col-12 col-md-4 no-p\">\n\t\t<a class=\"m-readMoreWidget__imgLink\" href=\"https:\/\/www.startlap.hu\/vasarlas\/legjobb-mososzer-folyekony-gel\/\" >\n\t\t\t<img decoding=\"async\" src=\"https:\/\/www.startlap.hu\/vasarlas\/uploads\/2025\/11\/legjobb-folyekony-mososzer-350x285.jpg\" class=\"m-readMoreWidget__img\">\n\t\t<\/a>\n\t<\/div>\n\t<div class=\"m-readMoreWidget__titleWrapper title-wrapper col-12 col-md-8\">\n\t\t<span class=\"m-readMoreWidget__titleLabel u-shortDecorLineBefore label hidden-sm-up\">Ez is \u00e9rdekelhet:<\/span>\n\t\t<h3 class=\"m-readMoreWidget__title title\">\n\t\t\t<a class=\"m-readMoreWidget__titleLink -secondFont u-bold u-upperCase\" href=\"https:\/\/www.startlap.hu\/vasarlas\/legjobb-mososzer-folyekony-gel\/\" >Mos\u00f3szereket teszteltek: az egyik legolcs\u00f3bb, saj\u00e1t m\u00e1rk\u00e1s term\u00e9k tarolt<\/a>\n\t\t<\/h3>\n\t\t<a class=\"m-readMoreWidget__btn -coloredBack u-tC link\" href=\"https:\/\/www.startlap.hu\/vasarlas\/legjobb-mososzer-folyekony-gel\/\" >Elolvasom<\/a>\n\t<\/div>\n<\/div>\n<p>A gyerekek kreativit\u00e1sa akkor sz\u00e1rnyal igaz\u00e1n, amikor szabadon j\u00e1tszhatnak, alkothatnak, \u00e9p\u00edthetnek, f\u0151z\u0151csk\u00e9zhetnek, vagy \u00e9ppen szerelhetnek.<\/p>\n<blockquote class=\"article__extraTxt\"><p>A szerepj\u00e1t\u00e9kok nemcsak lek\u00f6tik \u0151ket, hanem fejlesztik a finommotorik\u00e1t, a probl\u00e9mamegold\u00f3 gondolkod\u00e1st, a t\u00fcrelmet \u00e9s az \u00f6n\u00e1ll\u00f3s\u00e1got is.<\/p><\/blockquote>\n<p>A kicsik term\u00e9szetes k\u00edv\u00e1ncsis\u00e1ggal figyelik, mit csin\u00e1lnak a feln\u0151ttek &#8211; legyen sz\u00f3 bark\u00e1csol\u00e1sr\u00f3l, f\u0151z\u00e9sr\u0151l vagy takar\u00edt\u00e1sr\u00f3l -, \u00e9s ezeknek a tev\u00e9kenys\u00e9geknek a j\u00e1t\u00e9kos ut\u00e1nz\u00e1sa \u00f3ri\u00e1si \u00f6r\u00f6mforr\u00e1s sz\u00e1mukra. \u00c9ppen ez\u00e9rt hatalmas sikere van a min\u0151s\u00e9gi fa kreat\u00edv j\u00e1t\u00e9koknak, amik tart\u00f3sak, biztons\u00e1gosak, \u00e9s t\u00e9nyleg \u00e9lm\u00e9nyt ny\u00fajtanak.<\/p>\n<figure id=\"attachment_2273963\" aria-describedby=\"caption-attachment-2273963\" style=\"width: 755px\" class=\"wp-caption alignnone\"><a href=\"https:\/\/www.startlap.hu\/vasarlas\/uploads\/2025\/12\/lidl-scaled.jpg\"><img loading=\"lazy\" decoding=\"async\" class=\"size-article-size-large-image wp-image-2273963\" src=\"https:\/\/www.startlap.hu\/vasarlas\/uploads\/2025\/12\/lidl-755x425.jpg\" alt=\"A Lidl egyik \u00e1ruh\u00e1za.\" width=\"755\" height=\"425\" srcset=\"https:\/\/www.startlap.hu\/vasarlas\/uploads\/2025\/12\/lidl-755x425.jpg 755w, https:\/\/www.startlap.hu\/vasarlas\/uploads\/2025\/12\/lidl-1536x864.jpg 1536w, https:\/\/www.startlap.hu\/vasarlas\/uploads\/2025\/12\/lidl-2048x1152.jpg 2048w, https:\/\/www.startlap.hu\/vasarlas\/uploads\/2025\/12\/lidl-215x120.jpg 215w, https:\/\/www.startlap.hu\/vasarlas\/uploads\/2025\/12\/lidl-622x350.jpg 622w\" sizes=\"auto, (max-width: 755px) 100vw, 755px\" \/><\/a><figcaption id=\"caption-attachment-2273963\" class=\"wp-caption-text\">Fot\u00f3: Getty Images<\/figcaption><\/figure>\n<h2>74 r\u00e9szes Parkside-szett \u00e9rkezik<\/h2>\n<p><strong>A <a href=\"https:\/\/akcios-ujsag.hu\/akcios-ujsagok\/lidl-nonfood-akcios-ujsag-2025-12-11\/\" target=\"_blank\" target=\"_blank\" rel=\"noopener\">Lidl legfrissebb akci\u00f3s \u00fajs\u00e1ga<\/a> szerint december 15-t\u0151l \u00fajra kaphat\u00f3 lesz a 74 r\u00e9szes Parkside fa j\u00e1t\u00e9kmunkapad, r\u00e1ad\u00e1sul kedvez\u0151, 22 222 forintos \u00e1ron<\/strong>. (Fot\u00f3 a term\u00e9kr\u0151l az \u00fajs\u00e1gban.) Ez a k\u00e9szlet azoknak a 3 \u00e9vesn\u00e9l id\u0151sebb gyerekeknek aj\u00e1nlott, akik im\u00e1dj\u00e1k a szersz\u00e1mokat, a szerelget\u00e9st \u00e9s a kreat\u00edv bark\u00e1csol\u00f3s j\u00e1t\u00e9kokat.<\/p>\n<p>A fa munkapad massz\u00edv, stabil, term\u00e9szetes anyagb\u00f3l k\u00e9sz\u00fclt, biztons\u00e1gos, lekerek\u00edtett elemekkel. A 74 darabos k\u00e9szletben <strong>rengeteg kieg\u00e9sz\u00edt\u0151 van: csavarok, fakalap\u00e1cs, kulcsok, csavarbehajt\u00f3k, faf\u0171r\u00e9sz<\/strong> &#8211; minden, ami ahhoz kell, hogy a gyerek hossz\u00fa id\u0151re lek\u00f6sse mag\u00e1t, ki\u00e9lhesse kreativit\u00e1s\u00e1t. A munkapad 4 hangeffekttel rendelkezik: f\u0171r\u00e9szel\u00e9s, f\u00far\u00e1s, csiszol\u00e1s \u00e9s kalap\u00e1csol\u00e1s.<\/p>\n<p><strong>Mi\u00e9rt j\u00f3 v\u00e1laszt\u00e1s ez a munkapad?<\/strong><\/p>\n<ul>\n<li>Fejleszti a k\u00e9z\u00fcgyess\u00e9get \u00e9s a kreativit\u00e1st<\/li>\n<li>Biztons\u00e1gos, fa anyagb\u00f3l k\u00e9sz\u00fclt<\/li>\n<li>Stabil, tart\u00f3s, ak\u00e1r t\u00f6bb testv\u00e9rt is kiszolg\u00e1l<\/li>\n<li>Val\u00f3di bark\u00e1cs\u00e9lm\u00e9nyt ad, mik\u00f6zben teljesen gyerekbar\u00e1t<\/li>\n<\/ul>\n<p><strong>\u00c1r-\u00e9rt\u00e9k ar\u00e1ny\u00e1t tekintve is j\u00f3 v\u00e1laszt\u00e1s lehet<\/strong>. A hasonl\u00f3 min\u0151s\u00e9g\u0171 fa munkapadok m\u00e1s \u00e1ruh\u00e1zakban jellemz\u0151en 25-35 ezer forint k\u00f6r\u00fcl mozognak, de egy gyors keres\u00e9s alapj\u00e1n l\u00e1ttunk m\u00e1r t\u00f6bb mint 40 ezer forint\u00e9rt is. \u00cdgy a Lidl mostani 22 222 forintos \u00e1ra kifejezetten bar\u00e1tinak mondhat\u00f3, tekintve, hogy milyen tartalmas a k\u00e9szlet.<\/p>\n<h2>Tov\u00e1bbi kar\u00e1csonyi fa j\u00e1t\u00e9kok j\u00f6nnek<\/h2>\n<p>A Lidl december k\u00f6zep\u00e9t\u0151l t\u00f6bb olyan pr\u00e9mium fa j\u00e1t\u00e9kot is a polcokra tesz, amik nemcsak tart\u00f3sak, \u00e9s hossz\u00fa id\u0151re lek\u00f6tik a gyerekeket, de \u00e1r-\u00e9rt\u00e9k ar\u00e1nyban is kimagasl\u00f3an j\u00f3k. N\u00e9h\u00e1ny p\u00e9lda:<\/p>\n<p><strong>Lupilu fa j\u00e1t\u00e9kkonyha &#8211; 22 222 forint<\/strong><\/p>\n<p>A legnagyobb <strong><a href=\"https:\/\/www.startlap.hu\/vasarlas\/karacsony-ajandek-csomagok-ferfi-noi-illatok-szepsegapolas\/\" target=\"_blank\" rel=\"noopener\">kar\u00e1csonyi sl\u00e1geraj\u00e1nd\u00e9k<\/a><\/strong> a Lidlben a fa j\u00e1t\u00e9kkonyha: stabil fel\u00e9p\u00edt\u00e9s\u0171, sok apr\u00f3 r\u00e9szlettel, mint a forgathat\u00f3 gombok, s\u00fct\u0151ajt\u00f3, mosogat\u00f3 \u00e9s polcok. Egy teljes mini konyharendszer a f\u0151z\u0151csk\u00e9z\u00e9shez, sok t\u00e1rol\u00f3fel\u00fclettel \u00e9s kieg\u00e9sz\u00edt\u0151vel.<\/p>\n<p><strong>Lupilu XXL fa babah\u00e1z &#8211; 19 999 forint<\/strong><\/p>\n<p>A h\u00e1romszintes, nagy m\u00e9ret\u0171 babah\u00e1z igazi \u00e1lomj\u00e1t\u00e9k azoknak a gyerekeknek, akik im\u00e1dj\u00e1k berendezni a saj\u00e1t kis vil\u00e1gukat.<br \/>\nMagas, t\u00e1gas, h\u00e1romszintes kialak\u00edt\u00e1s jellemzi a babah\u00e1zat. T\u00f6bb helyis\u00e9g, erk\u00e9ly, l\u00e9pcs\u0151k, sok apr\u00f3 b\u00fator \u00e9s dekor\u00e1ci\u00f3s elem adja a j\u00e1t\u00e9klehet\u0151s\u00e9get.<\/p>\n<p><strong>Lupilu fa vas\u00fat-\/aut\u00f3p\u00e1lya-k\u00e9szlet &#8211; 14 999 Ft<\/strong><\/p>\n<p>A val\u00f3di b\u00fckkf\u00e1b\u00f3l k\u00e9sz\u00fclt szettek sok-sok alkot\u00f3elemet tartalmaznak, a j\u00e1t\u00e9kok remek\u00fcl fejlesztik a t\u00e9rl\u00e1t\u00e1st \u00e9s a logikai gondolkod\u00e1st.<\/p>\n<p><strong>Lupilu \u00e9p\u00edt\u0151j\u00e1t\u00e9k k\u00e9szletek &#8211; 12 999 Ft<\/strong><\/p>\n<p>Kreat\u00edv \u00e9p\u00edt\u0151szettek, amik t\u00f6k\u00e9letesek a finommotorika fejleszt\u00e9s\u00e9re. Rend\u0151rs\u00e9g, t\u0171zolt\u00f3s\u00e1g, \u00e1llatorvosi rendel\u0151, vagy \u00e9ppen Lidl-\u00e1ruh\u00e1z is \u00e9p\u00edthet\u0151 egy-egy k\u00e9szletb\u0151l.<\/p>\n<p data-mrf-recirculation=\"[Article Startlap] Inline links\"><strong>\u00c9rdemes az&nbsp;<a href=\"https:\/\/akcios-ujsag.hu\/\" target=\"_blank\" target=\"_blank\" rel=\"noopener\" data-mrf-recirculation=\"[Article Startlap] Inline Links\" data-mrf-link=\"https:\/\/akcios-ujsag.hu\/\" data-mrf-recirculation-id=\"[Article Startlap] Inline Links_3\">Akci\u00f3s-\u00dajs\u00e1g.hu<\/a>&nbsp;oldal\u00e1n megtal\u00e1lhat\u00f3 m\u00e1s \u00e1ruh\u00e1zl\u00e1ncok akci\u00f3s term\u00e9keit is \u00e1tb\u00f6ng\u00e9szni, p\u00e9ld\u00e1ul:<\/strong><\/p>\n<ul>\n<li><strong><a href=\"https:\/\/akcios-ujsag.hu\/akcios-ujsag\/elelmiszer-aruhaz\/aldi\/\" target=\"_blank\" target=\"_blank\" rel=\"noopener\">Aldi<\/a><\/strong><\/li>\n<li><strong><a href=\"https:\/\/akcios-ujsag.hu\/akcios-ujsag\/elelmiszer-aruhaz\/auchan\/\" target=\"_blank\" target=\"_blank\" rel=\"noopener\">Auchan<\/a><\/strong><\/li>\n<li><strong><a href=\"https:\/\/akcios-ujsag.hu\/akcios-ujsag\/elelmiszer-aruhaz\/spar-interspar\/\" target=\"_blank\" target=\"_blank\" rel=\"noopener\">Interspar<\/a><\/strong><\/li>\n<li><strong><a href=\"https:\/\/akcios-ujsag.hu\/akcios-ujsag\/elelmiszer-aruhaz\/tesco\/\" target=\"_blank\" target=\"_blank\" rel=\"noopener\">Tesco<\/a><\/strong><\/li>\n<li><strong><a href=\"https:\/\/akcios-ujsag.hu\/akcios-ujsag\/elelmiszer-aruhaz\/penny-market\/\" target=\"_blank\" target=\"_blank\" rel=\"noopener\">Penny<\/a><\/strong><\/li>\n<\/ul>\n<div class=\"o-widget m-readMoreWidget -readMore u-shortDecorLineAfter row widget-container _ce_measure_widget bigdata-widget read-more\" data-ce-measure-widget=\"olvass tov\u00e1bb\">\n\t<div class=\"m-readMoreWidget__imgWrapper image-wrapper col-12 col-md-4 no-p\">\n\t\t<a class=\"m-readMoreWidget__imgLink\" href=\"https:\/\/www.startlap.hu\/vasarlas\/gyerekkonyv-mesekonyv-karacsony-ajandek-tipp-2025\/\" >\n\t\t\t<img decoding=\"async\" src=\"https:\/\/www.startlap.hu\/vasarlas\/uploads\/2024\/12\/Startlap_vasarlap_thumbnail4-350x285.png\" class=\"m-readMoreWidget__img\">\n\t\t<\/a>\n\t<\/div>\n\t<div class=\"m-readMoreWidget__titleWrapper title-wrapper col-12 col-md-8\">\n\t\t<span class=\"m-readMoreWidget__titleLabel u-shortDecorLineBefore label hidden-sm-up\">Ez is \u00e9rdekelhet:<\/span>\n\t\t<h3 class=\"m-readMoreWidget__title title\">\n\t\t\t<a class=\"m-readMoreWidget__titleLink -secondFont u-bold u-upperCase\" href=\"https:\/\/www.startlap.hu\/vasarlas\/gyerekkonyv-mesekonyv-karacsony-ajandek-tipp-2025\/\" >TOP 25 gyerekk\u00f6nyv kar\u00e1csonyra<\/a>\n\t\t<\/h3>\n\t\t<a class=\"m-readMoreWidget__btn -coloredBack u-tC link\" href=\"https:\/\/www.startlap.hu\/vasarlas\/gyerekkonyv-mesekonyv-karacsony-ajandek-tipp-2025\/\" >Elolvasom<\/a>\n\t<\/div>\n<\/div>\n","protected":false},"excerpt":{"rendered":"<p>A Lidl ledobja a kar\u00e1csonyi bomb\u00e1t: t\u00f6bb olyan sl\u00e1geraj\u00e1nd\u00e9k is \u00e9rkezik a boltokba december k\u00f6zep\u00e9t\u0151l, amik\u00e9rt m\u00e1r nyit\u00e1s el\u0151tt sorok alakulhatnak ki. A n\u00e9pszer\u0171 term\u00e9kek jelent\u0151sen kedvez\u0151bb \u00e1ron kaphat\u00f3ak majd, mint m\u00e1shol.<\/p>\n","protected":false},"author":45,"featured_media":2273963,"comment_status":"closed","ping_status":"closed","sticky":false,"template":"","format":"standard","meta":{"footnotes":""},"categories":[8180],"tags":[2368,138,280],"class_list":["post-2273960","post","type-post","status-publish","format-standard","has-post-thumbnail","hentry","category-trending","tag-akcio","tag-karacsony","tag-lidl"],"aioseo_notices":[],"_links":{"self":[{"href":"https:\/\/www.startlap.hu\/vasarlas\/wp-json\/wp\/v2\/posts\/2273960","targetHints":{"allow":["GET"]}}],"collection":[{"href":"https:\/\/www.startlap.hu\/vasarlas\/wp-json\/wp\/v2\/posts"}],"about":[{"href":"https:\/\/www.startlap.hu\/vasarlas\/wp-json\/wp\/v2\/types\/post"}],"author":[{"embeddable":true,"href":"https:\/\/www.startlap.hu\/vasarlas\/wp-json\/wp\/v2\/users\/45"}],"replies":[{"embeddable":true,"href":"https:\/\/www.startlap.hu\/vasarlas\/wp-json\/wp\/v2\/comments?post=2273960"}],"version-history":[{"count":4,"href":"https:\/\/www.startlap.hu\/vasarlas\/wp-json\/wp\/v2\/posts\/2273960\/revisions"}],"predecessor-version":[{"id":2273965,"href":"https:\/\/www.startlap.hu\/vasarlas\/wp-json\/wp\/v2\/posts\/2273960\/revisions\/2273965"}],"wp:featuredmedia":[{"embeddable":true,"href":"https:\/\/www.startlap.hu\/vasarlas\/wp-json\/wp\/v2\/media\/2273963"}],"wp:attachment":[{"href":"https:\/\/www.startlap.hu\/vasarlas\/wp-json\/wp\/v2\/media?parent=2273960"}],"wp:term":[{"taxonomy":"category","embeddable":true,"href":"https:\/\/www.startlap.hu\/vasarlas\/wp-json\/wp\/v2\/categories?post=2273960"},{"taxonomy":"post_tag","embeddable":true,"href":"https:\/\/www.startlap.hu\/vasarlas\/wp-json\/wp\/v2\/tags?post=2273960"}],"curies":[{"name":"wp","href":"https:\/\/api.w.org\/{rel}","templated":true}]}}