{"id":2273849,"date":"2025-12-05T20:03:46","date_gmt":"2025-12-05T19:03:46","guid":{"rendered":"https:\/\/www.startlap.hu\/vasarlas\/?p=2273849"},"modified":"2026-01-19T14:22:53","modified_gmt":"2026-01-19T13:22:53","slug":"itt-az-uj-autopalya-matrica-15-ezer-forintba-kerul","status":"publish","type":"post","link":"https:\/\/www.startlap.hu\/vasarlas\/itt-az-uj-autopalya-matrica-15-ezer-forintba-kerul\/","title":{"rendered":"Itt az \u00faj aut\u00f3p\u00e1lya-matrica, 15 ezer forintba ker\u00fcl"},"content":{"rendered":"<p>H\u00e9tf\u0151t\u0151l el\u00e9rhet\u0151ek lesznek a 2026-ra \u00e9rv\u00e9nyes \u00e9ves <a href=\"https:\/\/www.startlap.hu\/vasarlas\/oriasi-valtozas-az-orszagos-autopalya-matrica-vasarlasanal-december-1-jetol\/\" target=\"_blank\" rel=\"noopener\">aut\u00f3p\u00e1lya-matric\u00e1k<\/a>, a j\u00f6v\u0151 \u00e9vi \u00e9ves orsz\u00e1gos \u00e9s v\u00e1rmegyei e-matric\u00e1k mellett az \u00faj term\u00e9knek sz\u00e1m\u00edt\u00f3 <strong>\u00e9ves M1 region\u00e1lis \u00fathaszn\u00e1lati jogosults\u00e1g<\/strong> is megv\u00e1s\u00e1rolhat\u00f3 lesz a Nemzeti \u00datd\u00edjfizet\u00e9si Szolg\u00e1ltat\u00f3 (N\u00daSZ) Zrt.-n\u00e9l \u00e9s a legt\u00f6bb viszontelad\u00f3 partner\u00e9n\u00e9l, online \u00e9s offline m\u00f3don is &#8211; k\u00f6z\u00f6lte a N\u00daSZ Zrt. az MTI-vel p\u00e9nteken.<\/p>\n<div class=\"o-widget m-readMoreWidget -readMore u-shortDecorLineAfter row widget-container _ce_measure_widget bigdata-widget read-more\" data-ce-measure-widget=\"olvass tov\u00e1bb\">\n\t<div class=\"m-readMoreWidget__imgWrapper image-wrapper col-12 col-md-4 no-p\">\n\t\t<a class=\"m-readMoreWidget__imgLink\" href=\"https:\/\/www.startlap.hu\/vasarlas\/szonyeg-padlo-burkolat-trend\/\" >\n\t\t\t<img decoding=\"async\" src=\"https:\/\/www.startlap.hu\/vasarlas\/uploads\/2025\/11\/padloszonyeg-350x285.jpg\" class=\"m-readMoreWidget__img\">\n\t\t<\/a>\n\t<\/div>\n\t<div class=\"m-readMoreWidget__titleWrapper title-wrapper col-12 col-md-8\">\n\t\t<span class=\"m-readMoreWidget__titleLabel u-shortDecorLineBefore label hidden-sm-up\">Ez is \u00e9rdekelhet:<\/span>\n\t\t<h3 class=\"m-readMoreWidget__title title\">\n\t\t\t<a class=\"m-readMoreWidget__titleLink -secondFont u-bold u-upperCase\" href=\"https:\/\/www.startlap.hu\/vasarlas\/szonyeg-padlo-burkolat-trend\/\" >Elt\u0171nnek a nappalikb\u00f3l a sz\u0151nyegek: ez a modern megold\u00e1s veszi \u00e1t a hely\u00fcket<\/a>\n\t\t<\/h3>\n\t\t<a class=\"m-readMoreWidget__btn -coloredBack u-tC link\" href=\"https:\/\/www.startlap.hu\/vasarlas\/szonyeg-padlo-burkolat-trend\/\" >Elolvasom<\/a>\n\t<\/div>\n<\/div>\n<p>A k\u00f6zlem\u00e9nyben kiemelt\u00e9k:<\/p>\n<blockquote class=\"article__extraTxt\"><p>az el\u0151v\u00e1s\u00e1rl\u00e1s sor\u00e1n id\u00e9n decemberben megvett e-matric\u00e1k \u00e9rv\u00e9nyess\u00e9ge 2026. janu\u00e1r 1-\u00e9n kezd\u0151dik.<\/p><\/blockquote>\n<h2>Mennyibe ker\u00fclnek j\u00f6v\u0151re a matric\u00e1k?<\/h2>\n<p>A t\u00e1rsas\u00e1g honlapj\u00e1n k\u00f6zz\u00e9tett d\u00edjt\u00e1bla szerint<\/p>\n<ul>\n<li>a 2026-os orsz\u00e1gos \u00e9ves matrica 61 760 forint\u00e9rt lesz megv\u00e1s\u00e1rolhat\u00f3 a szem\u00e9lyaut\u00f3kra,<\/li>\n<li>\u00e9s az \u00e9ves v\u00e1rmegyei matric\u00e1k \u00e1ra 7190 forintra n\u0151.<\/li>\n<li>Az orsz\u00e1gos napi matrica brutt\u00f3 5550 forint,<\/li>\n<li>a 10 napos brutt\u00f3 6900 forint,<\/li>\n<li>a havi pedig brutt\u00f3 11 170 forint lesz j\u00f6v\u0151re a D1 kateg\u00f3ri\u00e1ban.<\/li>\n<\/ul>\n<blockquote class=\"article__extraTxt\"><p>J\u00f6v\u0151re az alap p\u00f3td\u00edj 27 790 forintra emelkedik, amely 60 napon t\u00fali fizet\u00e9s eset\u00e9n 95 730 forintra n\u0151 szem\u00e9lyaut\u00f3 eset\u00e9ben.<\/p><\/blockquote>\n<h2>Mi az az M1 region\u00e1lis e-matrica \u00e9s mennyibe ker\u00fcl?<\/h2>\n<p>K\u00f6z\u00f6lt\u00e9k: az M1 region\u00e1lis e-matrica bevezet\u00e9s\u00e9vel a jogalkot\u00f3 c\u00e9lja, hogy az <strong>M1-es aut\u00f3p\u00e1lya b\u0151v\u00edt\u00e9s\u00e9nek ideje alatt az aut\u00f3sok sz\u00e1m\u00e1ra kompenz\u00e1ci\u00f3s lehet\u0151s\u00e9get biztos\u00edtson<\/strong> a kialakul\u00f3 torl\u00f3d\u00e1sok \u00e9s fennakad\u00e1sok miatt. Az \u00faj term\u00e9ket b\u00e1rki megv\u00e1s\u00e1rolhatja majd, nemcsak az \u00e9rintett v\u00e1rmegy\u00e9ben \u00e9l\u0151k &#8211; k\u00f6z\u00f6lt\u00e9k.<\/p>\n<figure id=\"attachment_2256955\" aria-describedby=\"caption-attachment-2256955\" style=\"width: 755px\" class=\"wp-caption alignnone\"><a href=\"https:\/\/www.startlap.hu\/vasarlas\/uploads\/2025\/01\/autopalya-magyarorszag.jpg\"><img loading=\"lazy\" decoding=\"async\" class=\"size-article-size-large-image wp-image-2256955\" src=\"https:\/\/www.startlap.hu\/vasarlas\/uploads\/2025\/01\/autopalya-magyarorszag-755x417.jpg\" alt=\"\" width=\"755\" height=\"417\" srcset=\"https:\/\/www.startlap.hu\/vasarlas\/uploads\/2025\/01\/autopalya-magyarorszag-755x417.jpg 755w, https:\/\/www.startlap.hu\/vasarlas\/uploads\/2025\/01\/autopalya-magyarorszag-215x120.jpg 215w, https:\/\/www.startlap.hu\/vasarlas\/uploads\/2025\/01\/autopalya-magyarorszag-634x350.jpg 634w, https:\/\/www.startlap.hu\/vasarlas\/uploads\/2025\/01\/autopalya-magyarorszag.jpg 1200w\" sizes=\"auto, (max-width: 755px) 100vw, 755px\" \/><\/a><figcaption id=\"caption-attachment-2256955\" class=\"wp-caption-text\">Fot\u00f3: Getty Images<\/figcaption><\/figure>\n<p>Az M1 region\u00e1lis e-matrica a n\u00e9gy \u00e9rintett v\u00e1rmegyei matric\u00e1t v\u00e1ltja ki, j\u00f3val kedvez\u0151bb \u00e1ron, mint amennyi a n\u00e9gy k\u00fcl\u00f6nb\u00f6z\u0151 v\u00e1rmegyei matrica \u00e1ra \u00f6sszesen. P\u00e9ld\u00e1ul D1 d\u00edjkateg\u00f3ri\u00e1ban egy v\u00e1rmegyei matrica 2026. janu\u00e1r 1-t\u0151l 7190 forintba ker\u00fcl majd, a n\u00e9gy darab v\u00e1rmegyei jogosults\u00e1g \u00e1ra pedig \u00f6sszesen 28 760 forint. Ezzel szemben<\/p>\n<blockquote class=\"article__extraTxt\"><p>az M1 region\u00e1lis e-matrica mind\u00f6ssze 15 ezer forintba fog ker\u00fclni ebben a d\u00edjkateg\u00f3ri\u00e1ban.<\/p><\/blockquote>\n<p>Bartal Tam\u00e1s, a N\u00daSZ Zrt. eln\u00f6k-vez\u00e9rigazgat\u00f3ja a k\u00f6zlem\u00e9nyben kiemelte: adataik szerint tavaly valamivel t\u00f6bb, mint 31 ezer, id\u00e9n pedig kicsivel t\u00f6bb mint 33 ezer (D1 vagy D2 d\u00edjkateg\u00f3ri\u00e1s) j\u00e1rm\u0171re v\u00e1s\u00e1rolt\u00e1k meg a k\u00f6zleked\u0151k mind a n\u00e9gy v\u00e1rmegy\u00e9re \u00e9rv\u00e9nyes \u00fathaszn\u00e1lati jogosults\u00e1got. A j\u00e1rm\u0171vek k\u00f6zel 90 sz\u00e1zal\u00e9ka hazai fels\u00e9gjel\u0171 volt, \u00e9s a v\u00e1s\u00e1rl\u00e1sok legnagyobb r\u00e9sze, 96 sz\u00e1zal\u00e9ka D1 d\u00edjkateg\u00f3ri\u00e1j\u00fa j\u00e1rm\u0171re t\u00f6rt\u00e9nt.<\/p>\n<h2>Hol vegy\u00fcnk matric\u00e1t?<\/h2>\n<p>A N\u00daSZ a j\u00f6v\u0151re \u00e9rv\u00e9nyes aut\u00f3p\u00e1lya-matric\u00e1k el\u0151v\u00e1s\u00e1rl\u00e1s\u00e1hoz is a t\u00e1rsas\u00e1g hivatalos honlapj\u00e1t, a <a href=\"https:\/\/nemzetiutdij.hu\/hu\" target=\"_blank\" target=\"_blank\" rel=\"noopener\">nemzetiutdij.hu<\/a> oldalt aj\u00e1nlja. B\u00e1r az oldalon regisztr\u00e1ci\u00f3 n\u00e9lk\u00fcl is lehet v\u00e1s\u00e1rolni, a c\u00e9g m\u00e9gis a regisztr\u00e1ci\u00f3t javasolja, mert \u00edgy a k\u00e9s\u0151bbi v\u00e1s\u00e1rl\u00e1sok alkalm\u00e1val a t\u00e9veszt\u00e9sek (rendsz\u00e1mel\u00edr\u00e1s, d\u00edjkateg\u00f3ria-t\u00e9veszt\u00e9s) lehet\u0151s\u00e9ge l\u00e9nyeg\u00e9ben megsz\u0171nik, \u00e9s \u00edgy a v\u00e1s\u00e1rl\u00e1st igazol\u00f3 ellen\u0151rz\u0151 szelv\u00e9nyt sem kell 3 \u00e9vig meg\u0151rizni. Felh\u00edvt\u00e1k a figyelmet arra, hogy a nemzetiutdij.hu oldalon t\u00f6rt\u00e9n\u0151 e-matrica v\u00e1s\u00e1rl\u00e1sn\u00e1l \u00fcgyeljenek az \u00e9rv\u00e9nyess\u00e9g \u00e9v\u00e9nek be\u00e1ll\u00edt\u00e1s\u00e1ra, azaz a 2026-os \u00e9v kiv\u00e1laszt\u00e1s\u00e1ra, mert <strong>a kiv\u00e1lasztott \u00e9v korrig\u00e1l\u00e1s\u00e1ra ut\u00f3lag nincs lehet\u0151s\u00e9g<\/strong>.<\/p>\n<p>A 2025. \u00e9vre v\u00e1ltott \u00e9ves orsz\u00e1gos \u00e9s v\u00e1rmegyei matric\u00e1k 2026. janu\u00e1r 31-\u00e9n \u00e9jf\u00e9lig biztos\u00edtanak \u00fathaszn\u00e1lati jogosults\u00e1got a hazai d\u00edjk\u00f6teles gyorsforgalmi utakon &#8211; k\u00f6z\u00f6lt\u00e9k.<\/p>\n<div class=\"o-widget m-readMoreWidget -readMore u-shortDecorLineAfter row widget-container _ce_measure_widget bigdata-widget read-more\" data-ce-measure-widget=\"olvass tov\u00e1bb\">\n\t<div class=\"m-readMoreWidget__imgWrapper image-wrapper col-12 col-md-4 no-p\">\n\t\t<a class=\"m-readMoreWidget__imgLink\" href=\"https:\/\/www.startlap.hu\/vasarlas\/ingyenes-keszpenzfelvetel-bankautomata-nyugdijas\/\" >\n\t\t\t<img decoding=\"async\" src=\"https:\/\/www.startlap.hu\/vasarlas\/uploads\/2023\/05\/bankautomata-atm-keszpenzfelvetel-350x285.jpg\" class=\"m-readMoreWidget__img\">\n\t\t<\/a>\n\t<\/div>\n\t<div class=\"m-readMoreWidget__titleWrapper title-wrapper col-12 col-md-8\">\n\t\t<span class=\"m-readMoreWidget__titleLabel u-shortDecorLineBefore label hidden-sm-up\">Ez is \u00e9rdekelhet:<\/span>\n\t\t<h3 class=\"m-readMoreWidget__title title\">\n\t\t\t<a class=\"m-readMoreWidget__titleLink -secondFont u-bold u-upperCase\" href=\"https:\/\/www.startlap.hu\/vasarlas\/ingyenes-keszpenzfelvetel-bankautomata-nyugdijas\/\" >Nyugd\u00edjasok, figyelem: v\u00e1ltozik az ingyenes k\u00e9szp\u00e9nzfelv\u00e9tel &#8211; nem csak az \u00f6sszeg m\u00f3dosul!<\/a>\n\t\t<\/h3>\n\t\t<a class=\"m-readMoreWidget__btn -coloredBack u-tC link\" href=\"https:\/\/www.startlap.hu\/vasarlas\/ingyenes-keszpenzfelvetel-bankautomata-nyugdijas\/\" >Elolvasom<\/a>\n\t<\/div>\n<\/div>\n","protected":false},"excerpt":{"rendered":"<p>H\u00e9tf\u0151t\u0151l el\u00e9rhet\u0151ek lesznek a 2026-ra \u00e9rv\u00e9nyes \u00e9ves aut\u00f3p\u00e1lya-matric\u00e1k. Igazi meglepet\u00e9sk\u00e9nt a j\u00f6v\u0151 \u00e9vi \u00e9ves orsz\u00e1gos \u00e9s v\u00e1rmegyei e-matric\u00e1k mellett \u00faj term\u00e9ket is bevezetnek.<\/p>\n","protected":false},"author":7,"featured_media":2265338,"comment_status":"closed","ping_status":"closed","sticky":false,"template":"","format":"standard","meta":{"footnotes":""},"categories":[8180],"tags":[3454],"class_list":["post-2273849","post","type-post","status-publish","format-standard","has-post-thumbnail","hentry","category-trending","tag-autopalya-matrica"],"aioseo_notices":[],"_links":{"self":[{"href":"https:\/\/www.startlap.hu\/vasarlas\/wp-json\/wp\/v2\/posts\/2273849","targetHints":{"allow":["GET"]}}],"collection":[{"href":"https:\/\/www.startlap.hu\/vasarlas\/wp-json\/wp\/v2\/posts"}],"about":[{"href":"https:\/\/www.startlap.hu\/vasarlas\/wp-json\/wp\/v2\/types\/post"}],"author":[{"embeddable":true,"href":"https:\/\/www.startlap.hu\/vasarlas\/wp-json\/wp\/v2\/users\/7"}],"replies":[{"embeddable":true,"href":"https:\/\/www.startlap.hu\/vasarlas\/wp-json\/wp\/v2\/comments?post=2273849"}],"version-history":[{"count":2,"href":"https:\/\/www.startlap.hu\/vasarlas\/wp-json\/wp\/v2\/posts\/2273849\/revisions"}],"predecessor-version":[{"id":2275867,"href":"https:\/\/www.startlap.hu\/vasarlas\/wp-json\/wp\/v2\/posts\/2273849\/revisions\/2275867"}],"wp:featuredmedia":[{"embeddable":true,"href":"https:\/\/www.startlap.hu\/vasarlas\/wp-json\/wp\/v2\/media\/2265338"}],"wp:attachment":[{"href":"https:\/\/www.startlap.hu\/vasarlas\/wp-json\/wp\/v2\/media?parent=2273849"}],"wp:term":[{"taxonomy":"category","embeddable":true,"href":"https:\/\/www.startlap.hu\/vasarlas\/wp-json\/wp\/v2\/categories?post=2273849"},{"taxonomy":"post_tag","embeddable":true,"href":"https:\/\/www.startlap.hu\/vasarlas\/wp-json\/wp\/v2\/tags?post=2273849"}],"curies":[{"name":"wp","href":"https:\/\/api.w.org\/{rel}","templated":true}]}}