{"id":2273787,"date":"2025-12-05T05:33:03","date_gmt":"2025-12-05T04:33:03","guid":{"rendered":"https:\/\/www.startlap.hu\/vasarlas\/?p=2273787"},"modified":"2025-12-05T06:49:39","modified_gmt":"2025-12-05T05:49:39","slug":"autos-kompresszor-lidl-gumiabroncs-levegonyomas-akcio","status":"publish","type":"post","link":"https:\/\/www.startlap.hu\/vasarlas\/autos-kompresszor-lidl-gumiabroncs-levegonyomas-akcio\/","title":{"rendered":"Minden magyar aut\u00f3st \u00e9rint h\u00e9tf\u0151t\u0151l &#8211; a benzinkutak forgalm\u00e1ra is hat\u00e1ssal lehet"},"content":{"rendered":"<p>Az utakon egyre t\u00f6bb az <a href=\"https:\/\/www.startlap.hu\/utazas\/automentes-tomegkozlekedes-gyalog-legjobb-varosok-europa\/\" target=\"_blank\" rel=\"noopener\">aut\u00f3<\/a>, \u00e1m sok sof\u0151r \u00e9szre sem veszi, amikor j\u00e1rm\u0171ve probl\u00e9m\u00e1t jelez, vagy ha fel is t\u0171nik neki valami rendelleness\u00e9g, nem felt\u00e9tlen\u00fcl tudja, mi \u00e1ll a h\u00e1tt\u00e9rben. Gyakran el\u0151fordul, hogy a vezet\u0151k megszok\u00e1sb\u00f3l reag\u00e1lnak a kocsi megszokott\u00f3l elt\u00e9r\u0151 viselked\u00e9s\u00e9re, \u00e9s nem gondolnak arra, hogy ak\u00e1r <strong>egy kisebb elt\u00e9r\u00e9s is komoly gondot jelezhet<\/strong>. Ilyen tipikus p\u00e9lda a nem megfelel\u0151 gumiabroncsnyom\u00e1s: a nehezebb korm\u00e1nyz\u00e1s, a szokatlan vibr\u00e1ci\u00f3, a hosszabb f\u00e9k\u00fat vagy az egyenetlen kop\u00e1s az abroncs fel\u00fclet\u00e9n mind \u00e1rulkod\u00f3 jelek lehetnek, amelyeket sokan figyelmen k\u00edv\u00fcl hagynak, pedig id\u0151ben felismerve megel\u0151zhet\u0151k a nagyobb baleseti \u00e9s anyagi kock\u00e1zatok.<\/p>\n<div class=\"o-widget m-readMoreWidget -readMore u-shortDecorLineAfter row widget-container _ce_measure_widget bigdata-widget read-more\" data-ce-measure-widget=\"olvass tov\u00e1bb\">\n\t<div class=\"m-readMoreWidget__imgWrapper image-wrapper col-12 col-md-4 no-p\">\n\t\t<a class=\"m-readMoreWidget__imgLink\" href=\"https:\/\/www.startlap.hu\/vasarlas\/spajzoljon-be-minden-magyar-szaraztesztabol-uj-szabalyok-jonnek-a-boltokban\/\" >\n\t\t\t<img decoding=\"async\" src=\"https:\/\/www.startlap.hu\/vasarlas\/uploads\/2025\/07\/teszta-fizes_11zon-350x285.jpg\" class=\"m-readMoreWidget__img\">\n\t\t<\/a>\n\t<\/div>\n\t<div class=\"m-readMoreWidget__titleWrapper title-wrapper col-12 col-md-8\">\n\t\t<span class=\"m-readMoreWidget__titleLabel u-shortDecorLineBefore label hidden-sm-up\">Ez is \u00e9rdekelhet:<\/span>\n\t\t<h3 class=\"m-readMoreWidget__title title\">\n\t\t\t<a class=\"m-readMoreWidget__titleLink -secondFont u-bold u-upperCase\" href=\"https:\/\/www.startlap.hu\/vasarlas\/spajzoljon-be-minden-magyar-szaraztesztabol-uj-szabalyok-jonnek-a-boltokban\/\" >Sp\u00e1jzoljon be minden magyar sz\u00e1razt\u00e9szt\u00e1b\u00f3l? \u00daj szab\u00e1lyok j\u00f6nnek a boltokban<\/a>\n\t\t<\/h3>\n\t\t<a class=\"m-readMoreWidget__btn -coloredBack u-tC link\" href=\"https:\/\/www.startlap.hu\/vasarlas\/spajzoljon-be-minden-magyar-szaraztesztabol-uj-szabalyok-jonnek-a-boltokban\/\" >Elolvasom<\/a>\n\t<\/div>\n<\/div>\n<h2>A k\u00f6lts\u00e9geid is n\u00f6vekednek<\/h2>\n<p>Az alacsony guminyom\u00e1s nemcsak a biztons\u00e1gra n\u00e9zve jelent kock\u00e1zatot, hanem a p\u00e9nzt\u00e1rc\u00e1nkat is jelent\u0151sen terheli, mivel a puh\u00e1bb abroncs nagyobb g\u00f6rd\u00fcl\u00e9si ellen\u00e1ll\u00e1st okoz, \u00edgy a motor t\u00f6bb energi\u00e1t haszn\u00e1l fel ugyanannak a sebess\u00e9gnek a megtart\u00e1s\u00e1hoz. Ennek eredm\u00e9nyek\u00e9nt az aut\u00f3 \u00e9rezhet\u0151en t\u00f6bbet fogyaszt, ak\u00e1r 5\u201310 sz\u00e1zal\u00e9kkal is megemelkedhet az \u00fczemanyag-felhaszn\u00e1l\u00e1s. R\u00e1ad\u00e1sul a nem megfelel\u0151en felf\u00fajt gumik gyorsabban \u00e9s egyenetlen\u00fcl kopnak, ami r\u00f6videbb \u00e9lettartamot \u00e9s gyakoribb cser\u00e9t jelent \u2014 vagyis hossz\u00fa t\u00e1von nemcsak tankol\u00e1skor, hanem <a href=\"https:\/\/www.startlap.hu\/vasarlas\/kviz-agykarbantarto-vegyes-kerdesek\/\" target=\"_blank\" rel=\"noopener\">karbantart\u00e1skor<\/a> is t\u00f6bbet kell k\u00f6lteni.<\/p>\n<blockquote class=\"article__extraTxt\"><p>Ha teh\u00e1t \u00fagy \u00e9rzed, az aut\u00f3 t\u00f6bbet fogyaszt a megszokottn\u00e1l, \u00e9rdemes a gumikat is ellen\u0151rizni.<\/p><\/blockquote>\n<p>A modern j\u00e1rm\u0171vek nagy r\u00e9sze rendelkezik guminyom\u00e1s-ellen\u0151rz\u0151 rendszerrel, amely figyelmeztet a kritikus elt\u00e9r\u00e9sre, \u00e1m a legmegb\u00edzhat\u00f3bb m\u00f3dszer tov\u00e1bbra is a rendszeres, k\u00e9zi nyom\u00e1sellen\u0151rz\u00e9s egy megb\u00edzhat\u00f3 m\u00e9r\u0151vel, lehet\u0151leg hideg abroncsokn\u00e1l. A gy\u00e1rt\u00f3 \u00e1ltal el\u0151\u00edrt \u00e9rt\u00e9ket az ajt\u00f3keretben l\u00e9v\u0151 matric\u00e1n vagy az aut\u00f3 k\u00e9zik\u00f6nyv\u00e9ben tal\u00e1lod, \u00e9s ezekhez \u00e9rdemes igazodni a biztons\u00e1gos, stabil \u00e9s gazdas\u00e1gos aut\u00f3z\u00e1s \u00e9rdek\u00e9ben.<\/p>\n<h2>Mit kell tenned, ha t\u00fal puha a gumi?<\/h2>\n<p>Ha meggy\u0151z\u0151dt\u00e9l r\u00f3la, hogy az el\u0151\u00edrtn\u00e1l alacsonyabb a guminyom\u00e1s, <strong>a legfontosabb teend\u0151d az, hogy min\u00e9l el\u0151bb p\u00f3told a hi\u00e1nyz\u00f3 leveg\u0151t<\/strong>, hiszen \u2013 mint fentebb kifejtett\u00fck &#8211; a t\u00fal puha abroncs vesz\u00e9lyes \u00e9s k\u00f6lts\u00e9ges is lehet. Az emberek t\u00f6bbs\u00e9ge benzink\u00faton vagy szerel\u0151n\u00e9l f\u00fajja fel az aut\u00f3 abroncsait, pedig egy saj\u00e1t kompresszor sokkal k\u00e9nyelmesebb \u00e9s el\u0151ny\u00f6sebb megold\u00e1s. Nem kell sorban \u00e1llnod, a pontatlan vagy rosszul karbantartott t\u00f6lt\u0151fejekkel bajl\u00f3dnod, \u00e9s b\u00e1rmikor, ak\u00e1r indul\u00e1s el\u0151tt is ellen\u0151rizheted a guminyom\u00e1st. Egy saj\u00e1t k\u00e9sz\u00fcl\u00e9kkel<\/p>\n<blockquote class=\"article__extraTxt\"><p>gyorsabban, pontosabban \u00e9s rendszeresebben gondoskodhatsz az abroncsok megfelel\u0151 \u00e1llapot\u00e1r\u00f3l.<\/p><\/blockquote>\n<p>Fontos megjegyezni, hogy ha a nyom\u00e1s r\u00f6vid id\u0151n bel\u00fcl ism\u00e9t cs\u00f6kken, akkor val\u00f3sz\u00edn\u0171leg lass\u00fa sziv\u00e1rg\u00e1s vagy s\u00e9r\u00fcl\u00e9s \u00e1ll a h\u00e1tt\u00e9rben, ilyenkor mindenk\u00e9pp keress fel egy gumis szakembert, hogy elker\u00fcld a vesz\u00e9lyes defektet \u00e9s a tov\u00e1bbi k\u00e1rokat.<\/p>\n<figure id=\"attachment_2273808\" aria-describedby=\"caption-attachment-2273808\" style=\"width: 755px\" class=\"wp-caption alignnone\"><a href=\"https:\/\/www.startlap.hu\/vasarlas\/uploads\/2025\/12\/auto-autopalya-kerekek.jpg\"><img loading=\"lazy\" decoding=\"async\" class=\"size-article-size-large-image wp-image-2273808\" src=\"https:\/\/www.startlap.hu\/vasarlas\/uploads\/2025\/12\/auto-autopalya-kerekek-755x402.jpg\" alt=\"\" width=\"755\" height=\"402\" srcset=\"https:\/\/www.startlap.hu\/vasarlas\/uploads\/2025\/12\/auto-autopalya-kerekek-755x402.jpg 755w, https:\/\/www.startlap.hu\/vasarlas\/uploads\/2025\/12\/auto-autopalya-kerekek-1536x818.jpg 1536w, https:\/\/www.startlap.hu\/vasarlas\/uploads\/2025\/12\/auto-autopalya-kerekek-320x170.jpg 320w, https:\/\/www.startlap.hu\/vasarlas\/uploads\/2025\/12\/auto-autopalya-kerekek-657x350.jpg 657w, https:\/\/www.startlap.hu\/vasarlas\/uploads\/2025\/12\/auto-autopalya-kerekek.jpg 1600w\" sizes=\"auto, (max-width: 755px) 100vw, 755px\" \/><\/a><figcaption id=\"caption-attachment-2273808\" class=\"wp-caption-text\">Getty Images<\/figcaption><\/figure>\n<h2>Hol vehetsz kompresszort?<\/h2>\n<p>Kompresszorokb\u00f3l hatalmas a v\u00e1laszt\u00e9k, rengeteg aut\u00f3s szak\u00fczletb\u0151l beszerezheted, mi most a <strong><a href=\"https:\/\/akcios-ujsag.hu\/akcios-ujsagok\/lidl-nonfood-akcios-ujsag-2025-12-06\/#5\" target=\"_blank\" target=\"_blank\" rel=\"noopener\">Lidlben<\/a> december 8-\u00e1t\u00f3l, h\u00e9tf\u0151t\u0151l kaphat\u00f3<\/strong> k\u00e9t term\u00e9ket aj\u00e1nljuk a figyelmedbe:<\/p>\n<p><strong>1. Ultimate Speed hordozhat\u00f3 akkus kompresszor<\/strong><\/p>\n<ul>\n<li>Er\u0151s, kompakt, akkus minikompresszor;<\/li>\n<li>4,1 barig (60 PSI) \u00e1ll\u00edthat\u00f3 l\u00e9gnyom\u00e1s automatikus kikapcsol\u00e1ssal;<\/li>\n<li>Megvil\u00e1g\u00edtott LED-kijelz\u0151 nyom\u00e1sm\u00e9r\u0151vel \u00e9s az akkumul\u00e1tort\u00f6lt\u00f6tts\u00e9g kijelz\u00e9s\u00e9vel;<\/li>\n<li>3 db adapterrel;<\/li>\n<li>Integr\u00e1lt LED-zsebl\u00e1mpa;<\/li>\n<li>L\u00edtium akku: 4 x 500 mAh;<\/li>\n<li>12 V USB-adapterrel;<\/li>\n<li>\u00c1ra: 11999 forint.<\/li>\n<\/ul>\n<p><strong>2. Ultimate Speed mini kompresszor<\/strong><\/p>\n<ul>\n<li>12 V-os szivargy\u00fajt\u00f3-csatlakoz\u00f3val;<\/li>\n<li>3 db adapterrel;<\/li>\n<li>Be\u00e9p\u00edtett manom\u00e9terrel \u00e9s LED-l\u00e1mp\u00e1val;<\/li>\n<li>\u00dczemi nyom\u00e1s max. 10 bar;<\/li>\n<li>L\u00e9gkapacit\u00e1s: max. 22 l\/perc;<\/li>\n<li>\u00c1ra: 5999 forint.<\/li>\n<\/ul>\n<h2>Nem csak aut\u00f3soknak kiv\u00e1l\u00f3 v\u00e9tel<\/h2>\n<p>A Lidl boltjaiban hamarosan el\u00e9rhet\u0151 mindk\u00e9t kompresszorhoz h\u00e1rom k\u00fcl\u00f6nb\u00f6z\u0151 adapter is j\u00e1r, nemcsak az aut\u00f3gumik f\u00faj\u00e1s\u00e1hoz haszn\u00e1lhatjuk ezeket, hanem sz\u00e1mos m\u00e1s helyzetben is j\u00f3 szolg\u00e1latot tehetnek. Kiv\u00e1l\u00f3an alkalmasak <a href=\"https:\/\/www.startlap.hu\/vasarlas\/elhunyt-csepel-kemping-tervezo-nogradi-laszlo\/\" target=\"_blank\" rel=\"noopener\">ker\u00e9kp\u00e1rok<\/a>, motorker\u00e9kp\u00e1rok, robog\u00f3k abroncsainak felf\u00faj\u00e1s\u00e1ra, de felf\u00fajhatod vele a labd\u00e1kat, matracokat, kempingfelszerel\u00e9seket vagy ak\u00e1r medenc\u00e9ket is.<\/p>\n<p>Egy aut\u00f3s kompresszor teh\u00e1t nem csup\u00e1n k\u00e9nyelmi eszk\u00f6z, amelynek k\u00f6sz\u00f6nhet\u0151en <strong>megsp\u00f3rolhatod a benzink\u00faton vagy a szerel\u0151n\u00e9l val\u00f3 sorban\u00e1ll\u00e1st<\/strong>,&nbsp; hanem biztons\u00e1gi \u00e9s gazdas\u00e1goss\u00e1gi szempontb\u00f3l is kiv\u00e1l\u00f3 befektet\u00e9s. Seg\u00edt fenntartani a megfelel\u0151 guminyom\u00e1st, megel\u0151zni a v\u00e1ratlan probl\u00e9m\u00e1kat, cs\u00f6kkenteni a k\u00f6lts\u00e9geket \u00e9s n\u00f6velni a j\u00e1rm\u0171 \u00e9lettartam\u00e1t. Egy kompakt k\u00e9sz\u00fcl\u00e9k k\u00fcl\u00f6n\u00f6sen praktikus otthoni haszn\u00e1latra, kir\u00e1ndul\u00e1sokra \u00e9s utaz\u00e1sokra, mert egyszerre t\u00f6bb eszk\u00f6zt is kiv\u00e1lthat. Mivel sokoldal\u00faan haszn\u00e1lhat\u00f3 \u00e9s k\u00f6nnyen hordozhat\u00f3, egy j\u00f3l megv\u00e1lasztott kompresszor minden aut\u00f3s sz\u00e1m\u00e1ra \u00e9rt\u00e9kes \u00e9s praktikus eszk\u00f6z lehet.<\/p>\n<p><strong>\u00c9rdemes az&nbsp;<a href=\"https:\/\/akcios-ujsag.hu\/\" target=\"_blank\" target=\"_blank\" rel=\"noopener\">Akci\u00f3s-\u00dajs\u00e1g.hu<\/a>&nbsp;oldal\u00e1n megtal\u00e1lhat\u00f3 m\u00e1s \u00e1ruh\u00e1zl\u00e1ncok akci\u00f3s term\u00e9keit is \u00e1tb\u00f6ng\u00e9szni, p\u00e9ld\u00e1ul:<\/strong><\/p>\n<ul>\n<li><a href=\"https:\/\/akcios-ujsag.hu\/akcios-ujsagok\/auchan-szupermarket-akcios-ujsag-2025-12-04-12-10\/\" target=\"_blank\" target=\"_blank\" rel=\"noopener\"><strong>Auchan<\/strong><\/a><\/li>\n<li><a href=\"https:\/\/akcios-ujsag.hu\/akcios-ujsagok\/aldi-kozepso-sor-akcios-ujsag-2025-12-04\/\" target=\"_blank\" target=\"_blank\" rel=\"noopener\"><strong>Aldi<\/strong><\/a><\/li>\n<li><a href=\"https:\/\/akcios-ujsag.hu\/akcios-ujsagok\/spar-akcios-ujsag-2025-12-04-12-10\/\" target=\"_blank\" target=\"_blank\" rel=\"noopener\"><strong>Interspar<\/strong><\/a><\/li>\n<li><a href=\"https:\/\/akcios-ujsag.hu\/akcios-ujsagok\/penny-akcios-ujsag-2025-12-04-12-10\/\" target=\"_blank\" target=\"_blank\" rel=\"noopener\"><strong>Penny<\/strong><\/a><\/li>\n<li><a href=\"https:\/\/akcios-ujsag.hu\/akcios-ujsagok\/tesco-szupermarket-akcios-ujsag-2025-12-04-12-10\/\" target=\"_blank\" target=\"_blank\" rel=\"noopener\"><strong>Tesco<\/strong><\/a><\/li>\n<\/ul>\n<div class=\"o-widget m-readMoreWidget -readMore u-shortDecorLineAfter row widget-container _ce_measure_widget bigdata-widget read-more\" data-ce-measure-widget=\"olvass tov\u00e1bb\">\n\t<div class=\"m-readMoreWidget__imgWrapper image-wrapper col-12 col-md-4 no-p\">\n\t\t<a class=\"m-readMoreWidget__imgLink\" href=\"https:\/\/www.startlap.hu\/vasarlas\/telefon-toltes-hiba-tulmelegedes-veszely-c-tolto\/\" >\n\t\t\t<img decoding=\"async\" src=\"https:\/\/www.startlap.hu\/vasarlas\/uploads\/2025\/09\/telefontolto_konnektor_kabel_-350x285.jpg\" class=\"m-readMoreWidget__img\">\n\t\t<\/a>\n\t<\/div>\n\t<div class=\"m-readMoreWidget__titleWrapper title-wrapper col-12 col-md-8\">\n\t\t<span class=\"m-readMoreWidget__titleLabel u-shortDecorLineBefore label hidden-sm-up\">Ez is \u00e9rdekelhet:<\/span>\n\t\t<h3 class=\"m-readMoreWidget__title title\">\n\t\t\t<a class=\"m-readMoreWidget__titleLink -secondFont u-bold u-upperCase\" href=\"https:\/\/www.startlap.hu\/vasarlas\/telefon-toltes-hiba-tulmelegedes-veszely-c-tolto\/\" >Azonnal dobd ki a mobilt\u00f6lt\u0151d, ha l\u00e1tod ezt a p\u00f6tty\u00f6t a csatlakoz\u00f3j\u00e1n &#8211; nagyon vesz\u00e9lyes lehet!<\/a>\n\t\t<\/h3>\n\t\t<a class=\"m-readMoreWidget__btn -coloredBack u-tC link\" href=\"https:\/\/www.startlap.hu\/vasarlas\/telefon-toltes-hiba-tulmelegedes-veszely-c-tolto\/\" >Elolvasom<\/a>\n\t<\/div>\n<\/div>\n","protected":false},"excerpt":{"rendered":"<p>H\u00e9tf\u0151t\u0151l lesz kaphat\u00f3 a Lidlben az a term\u00e9k (k\u00e9tf\u00e9le v\u00e1ltozatban), amely minden aut\u00f3s \u00e9let\u00e9t megk\u00f6nny\u00edti. Ezek a k\u00fcty\u00fck nem csak biztons\u00e1gosabb utaz\u00e1si k\u00f6r\u00fclm\u00e9nyeket teremtenek, de sokak eset\u00e9ben k\u00f6lts\u00e9gmegtakar\u00edt\u00f3 hat\u00e1st is kifejtenek. V\u00e9gs\u0151 esetben az sem kiz\u00e1rt, hogy a v\u00e1s\u00e1rl\u00e1soknak k\u00f6sz\u00f6nhet\u0151en a benzinkutak egyik leggyakrabban ig\u00e9nybe vett szolg\u00e1ltat\u00e1sa is h\u00e1tt\u00e9rbe szorul.<\/p>\n","protected":false},"author":7,"featured_media":2273808,"comment_status":"closed","ping_status":"closed","sticky":false,"template":"","format":"standard","meta":{"footnotes":""},"categories":[8180],"tags":[2368,1494,638,280],"class_list":["post-2273787","post","type-post","status-publish","format-standard","has-post-thumbnail","hentry","category-trending","tag-akcio","tag-auto","tag-gumiabroncs","tag-lidl"],"aioseo_notices":[],"_links":{"self":[{"href":"https:\/\/www.startlap.hu\/vasarlas\/wp-json\/wp\/v2\/posts\/2273787","targetHints":{"allow":["GET"]}}],"collection":[{"href":"https:\/\/www.startlap.hu\/vasarlas\/wp-json\/wp\/v2\/posts"}],"about":[{"href":"https:\/\/www.startlap.hu\/vasarlas\/wp-json\/wp\/v2\/types\/post"}],"author":[{"embeddable":true,"href":"https:\/\/www.startlap.hu\/vasarlas\/wp-json\/wp\/v2\/users\/7"}],"replies":[{"embeddable":true,"href":"https:\/\/www.startlap.hu\/vasarlas\/wp-json\/wp\/v2\/comments?post=2273787"}],"version-history":[{"count":8,"href":"https:\/\/www.startlap.hu\/vasarlas\/wp-json\/wp\/v2\/posts\/2273787\/revisions"}],"predecessor-version":[{"id":2273810,"href":"https:\/\/www.startlap.hu\/vasarlas\/wp-json\/wp\/v2\/posts\/2273787\/revisions\/2273810"}],"wp:featuredmedia":[{"embeddable":true,"href":"https:\/\/www.startlap.hu\/vasarlas\/wp-json\/wp\/v2\/media\/2273808"}],"wp:attachment":[{"href":"https:\/\/www.startlap.hu\/vasarlas\/wp-json\/wp\/v2\/media?parent=2273787"}],"wp:term":[{"taxonomy":"category","embeddable":true,"href":"https:\/\/www.startlap.hu\/vasarlas\/wp-json\/wp\/v2\/categories?post=2273787"},{"taxonomy":"post_tag","embeddable":true,"href":"https:\/\/www.startlap.hu\/vasarlas\/wp-json\/wp\/v2\/tags?post=2273787"}],"curies":[{"name":"wp","href":"https:\/\/api.w.org\/{rel}","templated":true}]}}