{"id":2273019,"date":"2025-11-23T17:03:16","date_gmt":"2025-11-23T16:03:16","guid":{"rendered":"https:\/\/www.startlap.hu\/vasarlas\/?p=2273019"},"modified":"2025-11-21T21:54:44","modified_gmt":"2025-11-21T20:54:44","slug":"gyumolcsfa-torzs-tippek-alufolia","status":"publish","type":"post","link":"https:\/\/www.startlap.hu\/vasarlas\/gyumolcsfa-torzs-tippek-alufolia\/","title":{"rendered":"Ha aluf\u00f3li\u00e1t tekersz a gy\u00fcm\u00f6lcsf\u00e1k t\u00f6rzs\u00e9re, a j\u00f6v\u0151 \u00e9vi term\u00e9s a sokszoros\u00e1ra n\u0151het"},"content":{"rendered":"<p>Az <a href=\"https:\/\/www.startlap.hu\/vasarlas\/alufolia-mosogatogep-tisztitas-evoeszkoz-trukk\/\" target=\"_blank\" rel=\"noopener\">aluf\u00f3lia<\/a> t\u00f6bb szempontb\u00f3l is k\u00fcl\u00f6nleges: f\u00e9nyvisszaver\u0151, v\u00edz- \u00e9s fagy\u00e1ll\u00f3, form\u00e1zhat\u00f3, \u00e9s olyan kem\u00e9ny fel\u00fcletet ad, amelyet a kisebb \u00e1llatok egyszer\u0171en nem szeretnek. Ez\u00e9rt k\u00fcl\u00f6n\u00f6sen hasznos az alma-, k\u00f6rte- \u00e9s szilvaf\u00e1k eset\u00e9ben, amelyek t\u00e9len gyakran szenvednek a hidegt\u0151l \u00e9s a <a href=\"https:\/\/www.startlap.hu\/vasarlas\/ragcsalo-eger-patkany-vedekezes-fuszer-baberlevel\/\" target=\"_blank\" rel=\"noopener\">r\u00e1gcs\u00e1l\u00f3kt\u00f3l<\/a>.<\/p>\n<div class=\"o-widget m-readMoreWidget -readMore u-shortDecorLineAfter row widget-container _ce_measure_widget bigdata-widget read-more\" data-ce-measure-widget=\"olvass tov\u00e1bb\">\n\t<div class=\"m-readMoreWidget__imgWrapper image-wrapper col-12 col-md-4 no-p\">\n\t\t<a class=\"m-readMoreWidget__imgLink\" href=\"https:\/\/www.startlap.hu\/vasarlas\/etolaj-napraforgoolaj-avokadoolaj-sutes-sef-egeszseg\/\" >\n\t\t\t<img decoding=\"async\" src=\"https:\/\/www.startlap.hu\/vasarlas\/uploads\/2025\/03\/etolaj-flakon-350x285.jpg\" class=\"m-readMoreWidget__img\">\n\t\t<\/a>\n\t<\/div>\n\t<div class=\"m-readMoreWidget__titleWrapper title-wrapper col-12 col-md-8\">\n\t\t<span class=\"m-readMoreWidget__titleLabel u-shortDecorLineBefore label hidden-sm-up\">Ez is \u00e9rdekelhet:<\/span>\n\t\t<h3 class=\"m-readMoreWidget__title title\">\n\t\t\t<a class=\"m-readMoreWidget__titleLink -secondFont u-bold u-upperCase\" href=\"https:\/\/www.startlap.hu\/vasarlas\/etolaj-napraforgoolaj-avokadoolaj-sutes-sef-egeszseg\/\" >A magyarok &#8222;kedvenc olaja\u201d nem alkalmas s\u00fct\u00e9sre: rendk\u00edv\u00fcl m\u00e9rgez\u0151v\u00e9 v\u00e1lik a forr\u00f3 serpeny\u0151ben<\/a>\n\t\t<\/h3>\n\t\t<a class=\"m-readMoreWidget__btn -coloredBack u-tC link\" href=\"https:\/\/www.startlap.hu\/vasarlas\/etolaj-napraforgoolaj-avokadoolaj-sutes-sef-egeszseg\/\" >Elolvasom<\/a>\n\t<\/div>\n<\/div>\n<p>Az <strong><a href=\"https:\/\/bengthedlund.se\/article\/linda-in-tradstammar-med-folie-skorden-av-frukt-kommer-att-oka-mangdubbelt-nasta-ar\" target=\"_blank\" target=\"_blank\" rel=\"noopener\">Allt Samlat<\/a><\/strong> bemutatott 4 okot, ami\u00e9rt \u00e9rdemes f\u00f3li\u00e1t haszn\u00e1lni<\/p>\n<h2>Az aluf\u00f3lia v\u00e9d a r\u00e1gcs\u00e1l\u00f3k ellen<\/h2>\n<p>Eg\u00e9r, mezei pocok, mezei ny\u00fal \u2013 t\u00e9len, amikor kev\u00e9s a t\u00e1pl\u00e1l\u00e9k, el\u0151szeretettel r\u00e1gj\u00e1k a fiatal f\u00e1k k\u00e9rg\u00e9t. Az aluf\u00f3lia cs\u00fasz\u00f3s, kem\u00e9ny \u00e9s az \u00e1llatok sz\u00e1m\u00e1ra tasz\u00edt\u00f3. Sok kert\u00e9sz szerint<\/p>\n<blockquote class=\"article__extraTxt\"><p>m\u00e1r \u00f6nmag\u00e1ban a f\u00f3lia csillog\u00e1sa is visszatartja az \u00e1llatokat.<\/p><\/blockquote>\n<h2>Kevesebb fagys\u00e9r\u00fcl\u00e9s<\/h2>\n<p>A nappali felmeleged\u00e9s \u00e9s az \u00e9jszakai fagy miatt k\u00f6nnyen kialakulnak fagyreped\u00e9sek a t\u00f6rzs\u00f6n. <strong>A f\u00f3lia visszaveri a napf\u00e9nyt, \u00edgy kiegyenl\u00edti a h\u0151m\u00e9rs\u00e9kletet \u2013 ez\u00e1ltal cs\u00f6kken a reped\u00e9sek es\u00e9lye.<\/strong><\/p>\n<figure id=\"attachment_2273023\" aria-describedby=\"caption-attachment-2273023\" style=\"width: 755px\" class=\"wp-caption alignnone\"><img loading=\"lazy\" decoding=\"async\" class=\"size-article-size-large-image wp-image-2273023\" src=\"https:\/\/www.startlap.hu\/vasarlas\/uploads\/2025\/11\/GettyImages-1397720782_11zon-755x503.jpg\" alt=\"Alum\u00ednium f\u00f3lia\" width=\"755\" height=\"503\" srcset=\"https:\/\/www.startlap.hu\/vasarlas\/uploads\/2025\/11\/GettyImages-1397720782_11zon-755x503.jpg 755w, https:\/\/www.startlap.hu\/vasarlas\/uploads\/2025\/11\/GettyImages-1397720782_11zon-1536x1024.jpg 1536w, https:\/\/www.startlap.hu\/vasarlas\/uploads\/2025\/11\/GettyImages-1397720782_11zon-525x350.jpg 525w, https:\/\/www.startlap.hu\/vasarlas\/uploads\/2025\/11\/GettyImages-1397720782_11zon.jpg 1696w\" sizes=\"auto, (max-width: 755px) 100vw, 755px\" \/><figcaption id=\"caption-attachment-2273023\" class=\"wp-caption-text\">Fot\u00f3: Getty Images<\/figcaption><\/figure>\n<h2>Kevesebb rovar a t\u00f6rzs\u00f6n<\/h2>\n<p>A f\u00e9nyes fel\u00fclet zavarja sok k\u00e1rtev\u0151 t\u00e1j\u00e9koz\u00f3d\u00e1s\u00e1t \u00e9s toj\u00e1srak\u00e1s\u00e1t, \u00edgy kevesebb fiatal hajt\u00e1st \u00e9s r\u00fcgyet k\u00e1ros\u00edtanak tavasszal.<\/p>\n<h2>Eg\u00e9szs\u00e9gesebb fa, t\u00f6bb gy\u00fcm\u00f6lcs<\/h2>\n<p>Ha a fa nem a sebgy\u00f3gy\u00edt\u00e1sra ford\u00edtja energi\u00e1j\u00e1t, hanem a r\u00fcgyekre \u00e9s vir\u00e1gokra, akkor a k\u00f6vetkez\u0151 szezonban <strong>\u00e9rezhet\u0151en t\u00f6bb \u00e9s szebb term\u00e9st hozhat.<\/strong><\/p>\n<h2>\u00cdgy k\u00e9sz\u00edtsd el\u0151 a f\u00e1t a f\u00f3li\u00e1z\u00e1s el\u0151tt<\/h2>\n<p>A j\u00f3 el\u0151k\u00e9sz\u00edt\u00e9s f\u00e9lsiker.<\/p>\n<ul>\n<li>Finoman<strong> tiszt\u00edtsd meg a t\u00f6rzset<\/strong> \u2013 t\u00e1vol\u00edtsd el a laza, elhalt k\u00e9rget egy puha kef\u00e9vel.<\/li>\n<li>Tiszt\u00edtsd meg a talajt a t\u00f6rzs k\u00f6r\u00fcl, <strong>nehogy a f\u00f3lia a nedves f\u00f6ldnek tapadjon<\/strong>.<\/li>\n<li>Ellen\u0151rizd, vannak-e reped\u00e9sek vagy <strong>s\u00e9r\u00fcl\u00e9sek a f\u00e1n \u2013 ezeknek sz\u00e1raznak kell lenni\u00fck<\/strong>.<\/li>\n<li>V\u00e1gj egy <strong>20\u201330 cm sz\u00e9les cs\u00edkot aluf\u00f3li\u00e1b\u00f3l<\/strong> \u2013 ez \u00e1ltal\u00e1ban b\u0151ven elegend\u0151.<\/li>\n<\/ul>\n<h2>\u00cdgy tekerd fel a f\u00f3li\u00e1t a t\u00f6rzsre<\/h2>\n<p>A matt oldal legyen kifel\u00e9. Ez jobban m\u00e9rs\u00e9kli a h\u0151ingadoz\u00e1st. Ne h\u00fazd t\u00fal szorosra! Legyen <strong>minim\u00e1lis l\u00e9gmozg\u00e1s a f\u00f3lia alatt<\/strong>. R\u00f6gz\u00edtsd puha k\u00f6t\u00f6z\u0151vel, p\u00e9ld\u00e1ul jutazsin\u00f3rral. A talaj f\u00f6l\u00f6tt p\u00e1r centivel hagyd abba, hogy a nedvess\u00e9g ne jusson al\u00e1.<\/p>\n<h2>Mikor kell elt\u00e1vol\u00edtani a f\u00f3li\u00e1t?<\/h2>\n<p>Amikor a tavaszi nap er\u0151sebben kezd s\u00fctni, a f\u00f3lia alatt t\u00fal meleg \u00e9s p\u00e1r\u00e1s lehet a t\u00f6rzs. T\u00e1vol\u00edtsd el, amikor a tart\u00f3s fagyok m\u00e1r elm\u00faltak, de m\u00e9g nem \u00e9rkezett meg a nagy meleg.<\/p>\n<p>Az aluf\u00f3li\u00e1s t\u00f6rzsv\u00e9delem nem ig\u00e9nyel nagy munk\u00e1t vagy nagy kiad\u00e1st, m\u00e9gis:<\/p>\n<ul>\n<li>kevesebb a fagyk\u00e1r,<\/li>\n<li>kevesebb a r\u00e1g\u00e1snyom,<\/li>\n<li>\u00e9s eg\u00e9szs\u00e9gesebben indul tavasszal a fa.<\/li>\n<\/ul>\n<p>Ez pedig a legt\u00f6bb esetben b\u0151vebb vir\u00e1gz\u00e1st \u00e9s gazdagabb term\u00e9st jelent.<\/p>\n<h2>Minden gy\u00fcm\u00f6lcsf\u00e1n \u00e9rdemes haszn\u00e1lni?<\/h2>\n<p>Legink\u00e1bb a fiatal vagy v\u00e9kony t\u00f6rzs\u0171 f\u00e1kon hasznos. Az id\u0151sebb, vastag k\u00e9rg\u0171 p\u00e9ld\u00e1nyok kevesebb k\u00e1rt szenvednek, de szeles, hideg helyeken nekik is seg\u00edthet.<\/p>\n<h2>Ugyanazt a f\u00f3li\u00e1t \u00fajra fel lehet haszn\u00e1lni?<\/h2>\n<p>Ha \u00e9pen marad, igen \u2013 de sokszor a t\u00e9l v\u00e9g\u00e9re m\u00e1r gy\u0171r\u00f6tt vagy s\u00e9r\u00fclt ez\u00e9rt \u00e9rdemes lecser\u00e9lni.<\/p>\n<p>Aki kipr\u00f3b\u00e1lta, arr\u00f3l sz\u00e1mol be, hogy tavasszal hihetetlen \u00e9rz\u00e9s l\u00e1tni, hogy a f\u00e1k teljesen s\u00e9rtetlenek \u2013 nincs k\u00e9regr\u00e1g\u00e1s, nincs fagyreped\u00e9s.<\/p>\n<div class=\"o-widget m-readMoreWidget -readMore u-shortDecorLineAfter row widget-container _ce_measure_widget bigdata-widget read-more\" data-ce-measure-widget=\"olvass tov\u00e1bb\">\n\t<div class=\"m-readMoreWidget__imgWrapper image-wrapper col-12 col-md-4 no-p\">\n\t\t<a class=\"m-readMoreWidget__imgLink\" href=\"https:\/\/www.startlap.hu\/vasarlas\/karacsony-unnep-szokasok-spanyolorszag\/\" >\n\t\t\t<img decoding=\"async\" src=\"https:\/\/www.startlap.hu\/vasarlas\/uploads\/2025\/11\/GettyImages-1451102288_11zon-350x285.jpg\" class=\"m-readMoreWidget__img\">\n\t\t<\/a>\n\t<\/div>\n\t<div class=\"m-readMoreWidget__titleWrapper title-wrapper col-12 col-md-8\">\n\t\t<span class=\"m-readMoreWidget__titleLabel u-shortDecorLineBefore label hidden-sm-up\">Ez is \u00e9rdekelhet:<\/span>\n\t\t<h3 class=\"m-readMoreWidget__title title\">\n\t\t\t<a class=\"m-readMoreWidget__titleLink -secondFont u-bold u-upperCase\" href=\"https:\/\/www.startlap.hu\/vasarlas\/karacsony-unnep-szokasok-spanyolorszag\/\" >Viszl\u00e1t, kar\u00e1csonyfa: ez a spanyol \u00fcnnepi szok\u00e1s sokakat leny\u0171g\u00f6z<\/a>\n\t\t<\/h3>\n\t\t<a class=\"m-readMoreWidget__btn -coloredBack u-tC link\" href=\"https:\/\/www.startlap.hu\/vasarlas\/karacsony-unnep-szokasok-spanyolorszag\/\" >Elolvasom<\/a>\n\t<\/div>\n<\/div>\n","protected":false},"excerpt":{"rendered":"<p>Els\u0151re tal\u00e1n tr\u00e9f\u00e1nak hangzik, hogy k\u00f6z\u00f6ns\u00e9ges aluf\u00f3li\u00e1t tekerj\u00fcnk a gy\u00fcm\u00f6lcsf\u00e1k t\u00f6rzs\u00e9re \u2013 eg\u00e9szen addig, am\u00edg meg nem l\u00e1tjuk az eredm\u00e9nyt a k\u00f6vetkez\u0151 tavasszal. A m\u00f3dszer ugyanis egyszer\u0171, olcs\u00f3 \u00e9s meglep\u0151en hat\u00e9kony: cs\u00f6kkenti a t\u00e9li fagyk\u00e1rt, t\u00e1vol tartja a r\u00e1gcs\u00e1l\u00f3kat, \u00e9s jobb indul\u00e1st ad a f\u00e1nak, ami v\u00e9g\u00fcl b\u0151s\u00e9gesebb term\u00e9st hozhat.<\/p>\n","protected":false},"author":64,"featured_media":2273023,"comment_status":"closed","ping_status":"closed","sticky":false,"template":"","format":"standard","meta":{"footnotes":""},"categories":[8180],"tags":[19602,18915,18741],"class_list":["post-2273019","post","type-post","status-publish","format-standard","has-post-thumbnail","hentry","category-trending","tag-alufolia","tag-gyumolcsfa","tag-ragcsalok"],"aioseo_notices":[],"_links":{"self":[{"href":"https:\/\/www.startlap.hu\/vasarlas\/wp-json\/wp\/v2\/posts\/2273019","targetHints":{"allow":["GET"]}}],"collection":[{"href":"https:\/\/www.startlap.hu\/vasarlas\/wp-json\/wp\/v2\/posts"}],"about":[{"href":"https:\/\/www.startlap.hu\/vasarlas\/wp-json\/wp\/v2\/types\/post"}],"author":[{"embeddable":true,"href":"https:\/\/www.startlap.hu\/vasarlas\/wp-json\/wp\/v2\/users\/64"}],"replies":[{"embeddable":true,"href":"https:\/\/www.startlap.hu\/vasarlas\/wp-json\/wp\/v2\/comments?post=2273019"}],"version-history":[{"count":8,"href":"https:\/\/www.startlap.hu\/vasarlas\/wp-json\/wp\/v2\/posts\/2273019\/revisions"}],"predecessor-version":[{"id":2273041,"href":"https:\/\/www.startlap.hu\/vasarlas\/wp-json\/wp\/v2\/posts\/2273019\/revisions\/2273041"}],"wp:featuredmedia":[{"embeddable":true,"href":"https:\/\/www.startlap.hu\/vasarlas\/wp-json\/wp\/v2\/media\/2273023"}],"wp:attachment":[{"href":"https:\/\/www.startlap.hu\/vasarlas\/wp-json\/wp\/v2\/media?parent=2273019"}],"wp:term":[{"taxonomy":"category","embeddable":true,"href":"https:\/\/www.startlap.hu\/vasarlas\/wp-json\/wp\/v2\/categories?post=2273019"},{"taxonomy":"post_tag","embeddable":true,"href":"https:\/\/www.startlap.hu\/vasarlas\/wp-json\/wp\/v2\/tags?post=2273019"}],"curies":[{"name":"wp","href":"https:\/\/api.w.org\/{rel}","templated":true}]}}