{"id":2271646,"date":"2025-10-27T16:42:26","date_gmt":"2025-10-27T15:42:26","guid":{"rendered":"https:\/\/www.startlap.hu\/vasarlas\/?p=2271646"},"modified":"2025-10-27T16:59:56","modified_gmt":"2025-10-27T15:59:56","slug":"internet-leallas-amazon-web-services-aws-eight-sleep-okosagy","status":"publish","type":"post","link":"https:\/\/www.startlap.hu\/vasarlas\/internet-leallas-amazon-web-services-aws-eight-sleep-okosagy\/","title":{"rendered":"Le\u00e1llt a f\u00e9l internet, \u00fct\u00f6tt a r\u00e9m\u00e1lom \u00f3r\u00e1ja: megvadultak a 900 ezer forintos okos\u00e1gyak"},"content":{"rendered":"<p>K\u00e9pzeld el, hogy hajnali 3-kor \u00fagy \u00e9bredsz, hogy az okos\u00e1gyad egy t\u00falhev\u00fclt keny\u00e9rpir\u00edt\u00f3v\u00e1 v\u00e1ltozott. A helyzetet pedig csak rontja, hogy a <strong><a href=\"https:\/\/www.startlap.hu\/vasarlas\/igy-valasszuk-ki-a-szamunkra-legjobb-agymatracot\/\" target=\"_blank\" rel=\"noopener\">matracod<\/a><\/strong> k\u00e9nyelmetlen poz\u00edci\u00f3ban rekedt, mik\u00f6zben f\u00e9nyek vill\u00f3dznak a szob\u00e1dban. Valami ilyesmit \u00e9ltek \u00e1t m\u00falt h\u00e9tf\u0151n, okt\u00f3ber 20-\u00e1n az <strong>Eight Sleep<\/strong> felhaszn\u00e1l\u00f3i, amikor az <strong><a href=\"https:\/\/www.startlap.hu\/vasarlas\/amazon-hbo-max-disney-reddit-leallas-internet\/\" target=\"_blank\" rel=\"noopener\">Amazon Web Services \u00f6sszeomlott<\/a><\/strong> \u00e9s a pr\u00e9mium okos\u00e1gyuk hirtelen makacs, engedetlen b\u00fatorr\u00e1 v\u00e1lt.&nbsp;<\/p>\n<div class=\"o-widget m-readMoreWidget -readMore u-shortDecorLineAfter row widget-container _ce_measure_widget bigdata-widget read-more\" data-ce-measure-widget=\"olvass tov\u00e1bb\">\n\t<div class=\"m-readMoreWidget__imgWrapper image-wrapper col-12 col-md-4 no-p\">\n\t\t<a class=\"m-readMoreWidget__imgLink\" href=\"https:\/\/www.startlap.hu\/vasarlas\/wifi-jelerosseg-router-kutyu-trukk\/\" >\n\t\t\t<img decoding=\"async\" src=\"https:\/\/www.startlap.hu\/vasarlas\/uploads\/2025\/06\/wifi-350x285.jpg\" class=\"m-readMoreWidget__img\">\n\t\t<\/a>\n\t<\/div>\n\t<div class=\"m-readMoreWidget__titleWrapper title-wrapper col-12 col-md-8\">\n\t\t<span class=\"m-readMoreWidget__titleLabel u-shortDecorLineBefore label hidden-sm-up\">Ez is \u00e9rdekelhet:<\/span>\n\t\t<h3 class=\"m-readMoreWidget__title title\">\n\t\t\t<a class=\"m-readMoreWidget__titleLink -secondFont u-bold u-upperCase\" href=\"https:\/\/www.startlap.hu\/vasarlas\/wifi-jelerosseg-router-kutyu-trukk\/\" >Egyszer\u0171 tr\u00fckk, amivel az otthoni Wi-Fi-jel a t\u00edzszeres\u00e9re er\u0151s\u00f6dik<\/a>\n\t\t<\/h3>\n\t\t<a class=\"m-readMoreWidget__btn -coloredBack u-tC link\" href=\"https:\/\/www.startlap.hu\/vasarlas\/wifi-jelerosseg-router-kutyu-trukk\/\" >Elolvasom<\/a>\n\t<\/div>\n<\/div>\n<p>N\u00e9h\u00e1nyan az \u00e1gy t\u00falmeleged\u00e9s\u00e9vel k\u00fczd\u00f6ttek, m\u00e1sok \u00fcl\u0151 helyzetben maradtak, \u00e9s nem tudtak h\u00e1trad\u0151lni az \u00e9jszaka k\u00f6zep\u00e9n. A le\u00e1ll\u00e1s ugyanis helyi id\u0151 szerint hajnali 3-kor k\u00f6vetkezett be.<\/p>\n<h2>Mi t\u00f6rt\u00e9nt?<\/h2>\n<p>Az Eight Sleep intelligens Pod 3 matracai, amik norm\u00e1l esetben ak\u00e1r 13-43\u00b0C k\u00f6z\u00f6tt szab\u00e1lyozz\u00e1k a h\u0151m\u00e9rs\u00e9kletet \u00e9s finoman igaz\u00edtj\u00e1k a testhelyzetet, egyszer\u0171en nem tal\u00e1lt\u00e1k meg a saj\u00e1t szervereiket. Amikor nincs kapcsolat a felh\u0151vel, az okos\u00e1gyak elkezdenek \u00f6ssze-vissza viselkedni.<\/p>\n<figure id=\"attachment_2271652\" aria-describedby=\"caption-attachment-2271652\" style=\"width: 755px\" class=\"wp-caption alignnone\"><a href=\"https:\/\/www.startlap.hu\/vasarlas\/uploads\/2025\/10\/eight-sleep-agy.jpg\"><img loading=\"lazy\" decoding=\"async\" class=\"size-article-size-large-image wp-image-2271652\" src=\"https:\/\/www.startlap.hu\/vasarlas\/uploads\/2025\/10\/eight-sleep-agy-755x503.jpg\" alt=\"Az Eight Sleep v\u00e1llalat okos\u00e1gya\" width=\"755\" height=\"503\" srcset=\"https:\/\/www.startlap.hu\/vasarlas\/uploads\/2025\/10\/eight-sleep-agy-755x503.jpg 755w, https:\/\/www.startlap.hu\/vasarlas\/uploads\/2025\/10\/eight-sleep-agy-1536x1024.jpg 1536w, https:\/\/www.startlap.hu\/vasarlas\/uploads\/2025\/10\/eight-sleep-agy-525x350.jpg 525w, https:\/\/www.startlap.hu\/vasarlas\/uploads\/2025\/10\/eight-sleep-agy.jpg 1575w\" sizes=\"auto, (max-width: 755px) 100vw, 755px\" \/><\/a><figcaption id=\"caption-attachment-2271652\" class=\"wp-caption-text\">Fot\u00f3: Eight Sleep<\/figcaption><\/figure>\n<p>Az okos\u00e1gy \u00e1ra 2700 doll\u00e1rn\u00e1l kezd\u0151dik, vagyis kicsivel t\u00f6bb, mint 900 ezer forintt\u00f3l \u00e9rhet\u0151 el. Els\u0151 r\u00e1n\u00e9z\u00e9sre csak egy minimalista, letisztult matracnak t\u0171nik, de <strong>a huzat alatt igazi tech-labirintus rejt\u0151zik<\/strong>. A fel\u00fclete alatt csatorn\u00e1k futnak, amiken kereszt\u00fcl v\u00edzb\u00e1zis\u00fa h\u0171t\u0151-f\u0171t\u0151 rendszer kering. Mindezt egy k\u00fcls\u0151 vez\u00e9rl\u0151egys\u00e9g, a \u02ddHub\u02dd ir\u00e1ny\u00edtja, ami folyamatosan kommunik\u00e1l a felh\u0151vel, szenzorokkal figyeli az alv\u00e1smin\u0151s\u00e9get, a sz\u00edvritmust \u00e9s a l\u00e9gz\u00e9st, majd reggel r\u00e9szletes alv\u00e1sriportot k\u00e9sz\u00edt. M\u00e9g az \u00e1gy d\u0151l\u00e9ssz\u00f6g\u00e9t is m\u00f3dos\u00edtani tudja, p\u00e9ld\u00e1ul horkol\u00e1s eset\u00e9n megemeli a fels\u0151testet.<\/p>\n<blockquote class=\"article__extraTxt\"><p>Az eg\u00e9sz rendszer egy mobilappr\u00f3l vez\u00e9relhet\u0151. A b\u00f6kken\u0151 azonban pontosan ez: ha nincs internetkapcsolat, akkor egyszer\u0171en nem m\u0171k\u00f6dik.<\/p><\/blockquote>\n<h2>Eln\u00e9z\u00e9st k\u00e9rt a felhaszn\u00e1l\u00f3kt\u00f3l a v\u00e1llalat<\/h2>\n<p>Az Eight Sleep vez\u00e9rigazgat\u00f3ja, <strong>Matteo Franceschetti<\/strong> az X-en k\u00e9rt eln\u00e9z\u00e9st a felhaszn\u00e1l\u00f3kt\u00f3l &#8211; \u00edrja a <a href=\"https:\/\/www.hirstart.hu\/site\/relocate.php?rssid=42&amp;rsspid=3&amp;ctype=rss&amp;id=41462285&amp;chk=a5e29a61256ae128f46c7ced62a3d327&amp;url=https%3A%2F%2Fhvg.hu%2Ftudomany%2F20251027_internet-leallas-amazon-web-services-aws-okosagy-eight-sleep-ebx%3Futm_source%3Dhirstart%26utm_medium%3Dreferral%26utm_campaign%3Dct\" target=\"_blank\" target=\"_blank\" rel=\"noopener\">hvg.hu<\/a>. Hozz\u00e1teszik, a vez\u00e9rigazgat\u00f3 bejegyz\u00e9s\u00e9ben meg\u00edg\u00e9rte: a j\u00f6v\u0151ben tal\u00e1lnak megold\u00e1st a probl\u00e9m\u00e1ra, vagyis v\u00e1rhat\u00f3an internetkapcsolat n\u00e9lk\u00fcl is lehet majd haszn\u00e1lni az okos\u00e1gyat.<\/p>\n<p>A felhaszn\u00e1l\u00f3k szerint az\u00e9rt is felh\u00e1bor\u00edt\u00f3, hogy eddig nem tudt\u00e1k offline m\u00f3dban haszn\u00e1lni az \u00e1gyat, mert a borsos \u00e1ra mellett az Eight Sleep havi el\u0151fizet\u00e9st is felsz\u00e1mol nekik, kb. 17\u201333 doll\u00e1ros, vagyis mintegy 5700\u201311 000 forint k\u00f6z\u00f6tti \u00e1ron.<\/p>\n<h2>T\u00f6r\u00e9keny okosotthonok<\/h2>\n<p>Miel\u0151tt magas \u00e1rat fizetn\u00e9l egy felh\u0151alap\u00fa szerkezet\u00e9rt, \u00e9rdemes feltenni a k\u00e9rd\u00e9st: mi t\u00f6rt\u00e9nik, ha ez az eszk\u00f6z elvesz\u00edti a kapcsolatot az internettel? Az Eight Sleep felhaszn\u00e1l\u00f3k m\u00e1r megkapt\u00e1k a v\u00e1laszt: az \u00e1gyuk megvadult.<\/p>\n<p>Okoseszk\u00f6z\u00f6k ide vagy oda, lehet, hogy m\u00e9g mindig a szekr\u00e9ny m\u00e9ly\u00e9n lapul\u00f3 r\u00e9gi vekker\u00f3ra a h\u00e1l\u00f3szoba legmegb\u00edzhat\u00f3bb k\u00fcty\u00fcje. Ott legal\u00e1bb a megsz\u0171n\u0151 <strong><a href=\"https:\/\/www.startlap.hu\/vasarlas\/wifi-mikro-internet-router-korlatozas-gyorsasag\/\" target=\"_blank\" rel=\"noopener\">Wi-Fi<\/a><\/strong> kapcsolat nem tud t\u00f6nkretenni egy j\u00f3 alv\u00e1st.<\/p>\n<p>(<a href=\"https:\/\/currently.att.yahoo.com\/att\/smart-beds-turned-sleep-torture-172000912.html\" target=\"_blank\" target=\"_blank\" rel=\"noopener\">Via<\/a>)<\/p>\n<div class=\"o-widget m-readMoreWidget -readMore u-shortDecorLineAfter row widget-container _ce_measure_widget bigdata-widget read-more\" data-ce-measure-widget=\"olvass tov\u00e1bb\">\n\t<div class=\"m-readMoreWidget__imgWrapper image-wrapper col-12 col-md-4 no-p\">\n\t\t<a class=\"m-readMoreWidget__imgLink\" href=\"https:\/\/www.startlap.hu\/vasarlas\/telekom-regi-mobil-leadas-akcio-ingyen-nokia\/\" >\n\t\t\t<img decoding=\"async\" src=\"https:\/\/www.startlap.hu\/vasarlas\/uploads\/2025\/10\/telekom-350x285.jpg\" class=\"m-readMoreWidget__img\">\n\t\t<\/a>\n\t<\/div>\n\t<div class=\"m-readMoreWidget__titleWrapper title-wrapper col-12 col-md-8\">\n\t\t<span class=\"m-readMoreWidget__titleLabel u-shortDecorLineBefore label hidden-sm-up\">Ez is \u00e9rdekelhet:<\/span>\n\t\t<h3 class=\"m-readMoreWidget__title title\">\n\t\t\t<a class=\"m-readMoreWidget__titleLink -secondFont u-bold u-upperCase\" href=\"https:\/\/www.startlap.hu\/vasarlas\/telekom-regi-mobil-leadas-akcio-ingyen-nokia\/\" >Ingyen ad \u00faj telefont a Telekom: \u00edgy kaphatod meg a k\u00e9sz\u00fcl\u00e9ket<\/a>\n\t\t<\/h3>\n\t\t<a class=\"m-readMoreWidget__btn -coloredBack u-tC link\" href=\"https:\/\/www.startlap.hu\/vasarlas\/telekom-regi-mobil-leadas-akcio-ingyen-nokia\/\" >Elolvasom<\/a>\n\t<\/div>\n<\/div>\n","protected":false},"excerpt":{"rendered":"<p>Az Amazon Web Services \u00f6sszeoml\u00e1sa meglehet\u0151sen rossz \u00e9jszak\u00e1t okozott az Eight Sleep nev\u0171 okos\u00e1gyban alv\u00f3knak: a felhaszn\u00e1l\u00f3k arra \u00e9bredtek, hogy matracaik ellen\u00fck fordultak.<\/p>\n","protected":false},"author":45,"featured_media":2271652,"comment_status":"closed","ping_status":"closed","sticky":false,"template":"","format":"standard","meta":{"footnotes":""},"categories":[8180],"tags":[1201,7087,844,10523],"class_list":["post-2271646","post","type-post","status-publish","format-standard","has-post-thumbnail","hentry","category-trending","tag-agy","tag-amazon","tag-internet","tag-matrac"],"aioseo_notices":[],"_links":{"self":[{"href":"https:\/\/www.startlap.hu\/vasarlas\/wp-json\/wp\/v2\/posts\/2271646","targetHints":{"allow":["GET"]}}],"collection":[{"href":"https:\/\/www.startlap.hu\/vasarlas\/wp-json\/wp\/v2\/posts"}],"about":[{"href":"https:\/\/www.startlap.hu\/vasarlas\/wp-json\/wp\/v2\/types\/post"}],"author":[{"embeddable":true,"href":"https:\/\/www.startlap.hu\/vasarlas\/wp-json\/wp\/v2\/users\/45"}],"replies":[{"embeddable":true,"href":"https:\/\/www.startlap.hu\/vasarlas\/wp-json\/wp\/v2\/comments?post=2271646"}],"version-history":[{"count":7,"href":"https:\/\/www.startlap.hu\/vasarlas\/wp-json\/wp\/v2\/posts\/2271646\/revisions"}],"predecessor-version":[{"id":2271659,"href":"https:\/\/www.startlap.hu\/vasarlas\/wp-json\/wp\/v2\/posts\/2271646\/revisions\/2271659"}],"wp:featuredmedia":[{"embeddable":true,"href":"https:\/\/www.startlap.hu\/vasarlas\/wp-json\/wp\/v2\/media\/2271652"}],"wp:attachment":[{"href":"https:\/\/www.startlap.hu\/vasarlas\/wp-json\/wp\/v2\/media?parent=2271646"}],"wp:term":[{"taxonomy":"category","embeddable":true,"href":"https:\/\/www.startlap.hu\/vasarlas\/wp-json\/wp\/v2\/categories?post=2271646"},{"taxonomy":"post_tag","embeddable":true,"href":"https:\/\/www.startlap.hu\/vasarlas\/wp-json\/wp\/v2\/tags?post=2271646"}],"curies":[{"name":"wp","href":"https:\/\/api.w.org\/{rel}","templated":true}]}}