{"id":2269782,"date":"2025-09-24T05:33:05","date_gmt":"2025-09-24T03:33:05","guid":{"rendered":"https:\/\/www.startlap.hu\/vasarlas\/?p=2269782"},"modified":"2025-09-23T18:32:16","modified_gmt":"2025-09-23T16:32:16","slug":"zuhanykabin-helyett-uj-furdoszoba-trend-2026","status":"publish","type":"post","link":"https:\/\/www.startlap.hu\/vasarlas\/zuhanykabin-helyett-uj-furdoszoba-trend-2026\/","title":{"rendered":"A zuhanykabinok ideje lej\u00e1rt: sokan ezt az olcs\u00f3 \u00e9s soha nem pen\u00e9szes megold\u00e1st v\u00e1lasztj\u00e1k"},"content":{"rendered":"<p>M\u00e1r r\u00e9gen nem igaz, hogy a nyitott zuhanyz\u00f3k csak sz\u00e1llodai szob\u00e1kban vagy dr\u00e1ga wellness-k\u00f6zpontokban kapnak helyet. M\u00e1ra egyre t\u00f6bb otthon r\u00e9sz\u00e9v\u00e9 v\u00e1ltak, nem is v\u00e9letlen\u00fcl: \u00f6tv\u00f6zik az eleg\u00e1ns megjelen\u00e9st, a praktikus kialak\u00edt\u00e1st \u00e9s a k\u00f6nny\u0171 karbantarthat\u00f3s\u00e1got. R\u00e1ad\u00e1sul m\u00e9g ott is bevethet\u0151ek, ahol kev\u00e9s a hely \u2013 \u00edrja a <a href=\"https:\/\/www.centrum.cz\/sprchove-kouty-konci-novy-trend-pro-rok-2026-je-levny-elegantni-bezudrzbovy-a-nikdy-nezplesnivi-49d23128-b844-571b-b8d1-4df4f270e55b?lp=1\" target=\"_blank\" target=\"_blank\" rel=\"noopener\">Centrum<\/a>.<\/p>\n<div class=\"o-widget m-readMoreWidget -readMore u-shortDecorLineAfter row widget-container _ce_measure_widget bigdata-widget read-more\" data-ce-measure-widget=\"olvass tov\u00e1bb\">\n\t<div class=\"m-readMoreWidget__imgWrapper image-wrapper col-12 col-md-4 no-p\">\n\t\t<a class=\"m-readMoreWidget__imgLink\" href=\"https:\/\/www.startlap.hu\/vasarlas\/wc-kavezacc-felhasznalas\/\" >\n\t\t\t<img decoding=\"async\" src=\"https:\/\/www.startlap.hu\/vasarlas\/uploads\/2025\/07\/kavezacc_-350x285.jpg\" class=\"m-readMoreWidget__img\">\n\t\t<\/a>\n\t<\/div>\n\t<div class=\"m-readMoreWidget__titleWrapper title-wrapper col-12 col-md-8\">\n\t\t<span class=\"m-readMoreWidget__titleLabel u-shortDecorLineBefore label hidden-sm-up\">Ez is \u00e9rdekelhet:<\/span>\n\t\t<h3 class=\"m-readMoreWidget__title title\">\n\t\t\t<a class=\"m-readMoreWidget__titleLink -secondFont u-bold u-upperCase\" href=\"https:\/\/www.startlap.hu\/vasarlas\/wc-kavezacc-felhasznalas\/\" >Ez\u00e9rt \u00f6ntenek egyre t\u00f6bben k\u00e1v\u00e9zaccot a WC-be<\/a>\n\t\t<\/h3>\n\t\t<a class=\"m-readMoreWidget__btn -coloredBack u-tC link\" href=\"https:\/\/www.startlap.hu\/vasarlas\/wc-kavezacc-felhasznalas\/\" >Elolvasom<\/a>\n\t<\/div>\n<\/div>\n<p>A walk-in zuhanyr\u00f3l az els\u0151, ami esz\u00fcnkbe juthat, a szabads\u00e1g. Az ajt\u00f3k \u00e9s a magas zuhanyt\u00e1lc\u00e1k hi\u00e1nya szell\u0151ss\u00e9 teszi a helyis\u00e9get, a <a href=\"https:\/\/www.startlap.hu\/vasarlas\/vecepapir-megromlott-lejart-szavatossag-higienia\/\" target=\"_blank\" rel=\"noopener\">f\u00fcrd\u0151szoba<\/a> szinte \u201el\u00e9legzik\u201d. Ez a l\u00e9gies t\u00e9r a wellness k\u00f6zpontok hangulat\u00e1t id\u00e9zi, de kisebb lak\u00e1sokban is m\u0171k\u00f6d\u0151k\u00e9pes, hiszen optikailag nagyobbnak mutatja a helyis\u00e9get. <strong>A k\u00fcsz\u00f6b n\u00e9lk\u00fcli bel\u00e9p\u00e9s r\u00e1ad\u00e1sul nemcsak fiatal p\u00e1roknak vagy egyed\u00fcl\u00e1ll\u00f3knak kedvez, hanem csal\u00e1doknak \u00e9s id\u0151seknek is.<\/strong> A megold\u00e1s k\u00e9nyelmes, biztons\u00e1gos \u00e9s eleg\u00e1ns egyszerre.<\/p>\n<figure id=\"attachment_2269785\" aria-describedby=\"caption-attachment-2269785\" style=\"width: 755px\" class=\"wp-caption alignnone\"><img loading=\"lazy\" decoding=\"async\" class=\"size-article-size-large-image wp-image-2269785\" src=\"https:\/\/www.startlap.hu\/vasarlas\/uploads\/2025\/09\/zuhany-2_11zon-755x566.jpg\" alt=\"Nyitott zuhanyz\u00f3s f\u00fcrd\u0151szoba, t\u00fck\u00f6rrel \u00e9s fa kieg\u00e9sz\u00edt\u0151kkel\" width=\"755\" height=\"566\" srcset=\"https:\/\/www.startlap.hu\/vasarlas\/uploads\/2025\/09\/zuhany-2_11zon-755x566.jpg 755w, https:\/\/www.startlap.hu\/vasarlas\/uploads\/2025\/09\/zuhany-2_11zon-1536x1152.jpg 1536w, https:\/\/www.startlap.hu\/vasarlas\/uploads\/2025\/09\/zuhany-2_11zon-85x65.jpg 85w, https:\/\/www.startlap.hu\/vasarlas\/uploads\/2025\/09\/zuhany-2_11zon-467x350.jpg 467w, https:\/\/www.startlap.hu\/vasarlas\/uploads\/2025\/09\/zuhany-2_11zon.jpg 1600w\" sizes=\"auto, (max-width: 755px) 100vw, 755px\" \/><figcaption id=\"caption-attachment-2269785\" class=\"wp-caption-text\">Fot\u00f3: Getty Images<\/figcaption><\/figure>\n<h2>Egyre n\u00e9pszer\u0171bb a mikrocement<\/h2>\n<p>Az egyik legnagyobb \u00faj\u00edt\u00e1s 2026-ban a mikrocement. Ez a modern fel\u00fclet egys\u00e9ges, rendk\u00edv\u00fcl tart\u00f3s, \u00e9s megsz\u00fcnteti azokat a r\u00e9seket, ahol a nedvess\u00e9g vagy a pen\u00e9sz megtelepedhetne. Minimalista kin\u00e9zete j\u00f3l illik fekete csaptelepekhez, term\u00e9szetes f\u00e1hoz \u00e9s diszkr\u00e9t vil\u00e1g\u00edt\u00e1shoz.Emellett term\u00e9szetes k\u0151, tart\u00f3s csempe vagy speci\u00e1lis bevonatok is haszn\u00e1lhat\u00f3k, amelyek mind m\u00e1s-m\u00e1s hangulatot adnak a f\u00fcrd\u0151nek .<\/p>\n<h2>A nyitott zuhany el\u0151nyei<\/h2>\n<ul>\n<li><strong>K\u00f6nny\u0171 hozz\u00e1f\u00e9r\u00e9s \u00e9s akad\u00e1lymentess\u00e9g:<\/strong> A zuhanyt\u00e1lca \u00e9s k\u00fcsz\u00f6b hi\u00e1nya biztons\u00e1gosabb bel\u00e9p\u00e9st tesz lehet\u0151v\u00e9, amit a gyerekes csal\u00e1doknak, az id\u0151seknek \u00e9s a mozg\u00e1sukban korl\u00e1tozott embereknek k\u00fcl\u00f6n\u00f6sen j\u00f3l j\u00f6n.<\/li>\n<li><strong>Minimalista \u00e9s eleg\u00e1ns design:<\/strong> Az egyszer\u0171 vonalak \u00e9s az ajt\u00f3k hi\u00e1nya modern, harmonikus megjelen\u00e9st biztos\u00edt. Mikrocementtel a f\u00fcrd\u0151 egys\u00e9ges \u00e9s t\u00e1gas hat\u00e1st kelthet.<\/li>\n<li><strong>K\u00f6nny\u0171 tiszt\u00edt\u00e1s, pen\u00e9sz\u00e1ll\u00f3s\u00e1g:<\/strong> A sima fel\u00fcletek \u00e9s a v\u00edz\u00e1ll\u00f3 anyagok gyors sz\u00e1rad\u00e1st \u00e9s egyszer\u0171 karbantart\u00e1st biztos\u00edtanak.<\/li>\n<li><strong>Optikai t\u00e9rn\u00f6vel\u00e9s:<\/strong> Az ajt\u00f3k n\u00e9lk\u00fcli kialak\u00edt\u00e1s vil\u00e1gosabbnak \u00e9s nagyobbnak l\u00e1ttatja a f\u00fcrd\u0151t \u2013 ez k\u00fcl\u00f6n\u00f6sen el\u0151ny\u00f6s kisebb helyis\u00e9gekben.<\/li>\n<li><strong>Rugalmass\u00e1g \u00e9s szem\u00e9lyre szab\u00e1s:<\/strong> A walk-in zuhany b\u00e1rmilyen m\u00e9ret\u0171 \u00e9s alak\u00fa f\u00fcrd\u0151be j\u00f3l beilleszthet\u0151, az anyagok \u00e9s kieg\u00e9sz\u00edt\u0151k sz\u00e9les v\u00e1laszt\u00e9k\u00e1val kombin\u00e1lhat\u00f3.<\/li>\n<\/ul>\n<blockquote class=\"article__extraTxt\"><p>A fenntarthat\u00f3s\u00e1g ma kulcsfontoss\u00e1g\u00fa: a walk-in zuhanyok kevesebb vizet \u00e9s energi\u00e1t fogyasztanak, k\u00fcl\u00f6n\u00f6sen takar\u00e9kos csaptelepekkel kombin\u00e1lva.<\/p><\/blockquote>\n<p>Az olyan anyagok, mint a mikrocement, pedig hossz\u00fa \u00e9lettartam\u00faak, \u00edgy nem ig\u00e9nyelnek gyakori fel\u00faj\u00edt\u00e1st. Ez a komb\u00f3 teh\u00e1t nemcsak modern \u00e9s eszt\u00e9tikus, hanem k\u00f6rnyezetk\u00edm\u00e9l\u0151 is. B\u00e1r els\u0151 pillant\u00e1sra divath\u00f3bortnak t\u0171nhetnek, egyre nyilv\u00e1nval\u00f3bb, hogy a nyitott zuhanyok tart\u00f3s, biztons\u00e1gos \u00e9s fenntarthat\u00f3 v\u00e1laszt\u00e1st jelentenek.<\/p>\n<div class=\"o-widget m-readMoreWidget -readMore u-shortDecorLineAfter row widget-container _ce_measure_widget bigdata-widget read-more\" data-ce-measure-widget=\"olvass tov\u00e1bb\">\n\t<div class=\"m-readMoreWidget__imgWrapper image-wrapper col-12 col-md-4 no-p\">\n\t\t<a class=\"m-readMoreWidget__imgLink\" href=\"https:\/\/www.startlap.hu\/vasarlas\/intim-betet-wc-trukk-tipp-furdoszoba\/\" >\n\t\t\t<img decoding=\"async\" src=\"https:\/\/www.startlap.hu\/vasarlas\/uploads\/2025\/09\/betet-2-350x285.jpg\" class=\"m-readMoreWidget__img\">\n\t\t<\/a>\n\t<\/div>\n\t<div class=\"m-readMoreWidget__titleWrapper title-wrapper col-12 col-md-8\">\n\t\t<span class=\"m-readMoreWidget__titleLabel u-shortDecorLineBefore label hidden-sm-up\">Ez is \u00e9rdekelhet:<\/span>\n\t\t<h3 class=\"m-readMoreWidget__title title\">\n\t\t\t<a class=\"m-readMoreWidget__titleLink -secondFont u-bold u-upperCase\" href=\"https:\/\/www.startlap.hu\/vasarlas\/intim-betet-wc-trukk-tipp-furdoszoba\/\" >Ez\u00e9rt tesznek sokan egy f\u00e9l intim bet\u00e9tet a WC al\u00e1: el sem hinn\u00e9d, mire j\u00f3<\/a>\n\t\t<\/h3>\n\t\t<a class=\"m-readMoreWidget__btn -coloredBack u-tC link\" href=\"https:\/\/www.startlap.hu\/vasarlas\/intim-betet-wc-trukk-tipp-furdoszoba\/\" >Elolvasom<\/a>\n\t<\/div>\n<\/div>\n","protected":false},"excerpt":{"rendered":"<p>Olcs\u00f3bb, k\u00f6nnyebben tiszt\u00edthat\u00f3 \u00e9s m\u00e9g st\u00edlusosabb is, mint a klasszikus zuhanykabin \u2013 ez\u00e9rt h\u00f3d\u00edt a nyitott zuhany 2026-ban.<\/p>\n","protected":false},"author":64,"featured_media":2269785,"comment_status":"closed","ping_status":"closed","sticky":false,"template":"","format":"standard","meta":{"footnotes":""},"categories":[8180],"tags":[1728,3319,19712],"class_list":["post-2269782","post","type-post","status-publish","format-standard","has-post-thumbnail","hentry","category-trending","tag-furdoszoba","tag-penesz","tag-zuhany"],"aioseo_notices":[],"_links":{"self":[{"href":"https:\/\/www.startlap.hu\/vasarlas\/wp-json\/wp\/v2\/posts\/2269782","targetHints":{"allow":["GET"]}}],"collection":[{"href":"https:\/\/www.startlap.hu\/vasarlas\/wp-json\/wp\/v2\/posts"}],"about":[{"href":"https:\/\/www.startlap.hu\/vasarlas\/wp-json\/wp\/v2\/types\/post"}],"author":[{"embeddable":true,"href":"https:\/\/www.startlap.hu\/vasarlas\/wp-json\/wp\/v2\/users\/64"}],"replies":[{"embeddable":true,"href":"https:\/\/www.startlap.hu\/vasarlas\/wp-json\/wp\/v2\/comments?post=2269782"}],"version-history":[{"count":8,"href":"https:\/\/www.startlap.hu\/vasarlas\/wp-json\/wp\/v2\/posts\/2269782\/revisions"}],"predecessor-version":[{"id":2269802,"href":"https:\/\/www.startlap.hu\/vasarlas\/wp-json\/wp\/v2\/posts\/2269782\/revisions\/2269802"}],"wp:featuredmedia":[{"embeddable":true,"href":"https:\/\/www.startlap.hu\/vasarlas\/wp-json\/wp\/v2\/media\/2269785"}],"wp:attachment":[{"href":"https:\/\/www.startlap.hu\/vasarlas\/wp-json\/wp\/v2\/media?parent=2269782"}],"wp:term":[{"taxonomy":"category","embeddable":true,"href":"https:\/\/www.startlap.hu\/vasarlas\/wp-json\/wp\/v2\/categories?post=2269782"},{"taxonomy":"post_tag","embeddable":true,"href":"https:\/\/www.startlap.hu\/vasarlas\/wp-json\/wp\/v2\/tags?post=2269782"}],"curies":[{"name":"wp","href":"https:\/\/api.w.org\/{rel}","templated":true}]}}