{"id":2266182,"date":"2025-07-25T10:23:42","date_gmt":"2025-07-25T08:23:42","guid":{"rendered":"https:\/\/www.startlap.hu\/vasarlas\/?p=2266182"},"modified":"2025-07-25T11:34:09","modified_gmt":"2025-07-25T09:34:09","slug":"klima-legkondi-szakember-javaslat-tippek","status":"publish","type":"post","link":"https:\/\/www.startlap.hu\/vasarlas\/klima-legkondi-szakember-javaslat-tippek\/","title":{"rendered":"Kl\u00edmahaszn\u00e1lat: mindenki az egri szaki tan\u00e1csair\u00f3l besz\u00e9l &#8211; \u00edgy nem lesz magas a villanysz\u00e1mla"},"content":{"rendered":"<p>A ny\u00e1ri h\u0151s\u00e9g sokakat arra \u00f6szt\u00f6n\u00f6z, hogy kl\u00edmaberendez\u00e9st szereltessenek otthonukba \u2013 de nem mindegy, hogyan haszn\u00e1ljuk, ha nem szeretn\u00e9nk elsz\u00e1ll\u00f3 villanysz\u00e1ml\u00e1t. A tudatoss\u00e1g \u00e9s az odafigyel\u00e9s kulcsfontoss\u00e1g\u00fa \u2013 err\u0151l besz\u00e9lt Barta L\u00e1szl\u00f3 kl\u00edmaszak\u00e9rt\u0151 a <a href=\"https:\/\/www.heol.hu\/helyi-kozelet\/2025\/07\/villanyszamla-csokkentese-klima-eseten\" target=\"_blank\" target=\"_blank\" rel=\"noopener\">Heolnak<\/a>.<\/p>\n<p>\u2013 A szakember meg\u00e1llap\u00edtja, h\u00e1ny kilowattos (kW) legyen az a h\u0171t\u0151teljes\u00edtm\u00e9ny, ami az adott szob\u00e1hoz, vagy lak\u00e1shoz kell. Se al\u00e1-, se f\u00f6l\u00e9m\u00e9retezni nem j\u00f3. Ha t\u00fal kev\u00e9s a kl\u00edma, akkor nem ad kell\u0151 komfort\u00e9rzetet, ha t\u00fal sok, akkor meg nagyon hideg lesz \u2013 h\u00edvta fel a figyelmet a szakember.<\/p>\n<blockquote class=\"article__extraTxt\"><p>A modern kl\u00edm\u00e1k r\u00e1ad\u00e1sul nemcsak h\u0171tenek, hanem f\u0171teni is k\u00e9pesek, ez\u00e9rt sok esetben m\u00e9g a g\u00e1zsz\u00e1ml\u00e1n is sp\u00f3rolhatunk, ha megfelel\u0151 t\u00edpust v\u00e1lasztunk.<\/p><\/blockquote>\n<p>\u2013 A f\u0171t\u0151 <a href=\"https:\/\/www.startlap.hu\/vasarlas\/klima-legkondi-rezsi-tippek-szakerto-praktikak\/\" target=\"_blank\" rel=\"noopener\">kl\u00edm\u00e1k<\/a> mindegyike tud valamennyi f\u0171t\u0151teljes\u00edtm\u00e9nyt leadni, att\u00f3l f\u00fcgg\u0151en, hogy egyszer\u0171 vagy f\u0171t\u00e9sre optimaliz\u00e1lt v\u00e1ltozatr\u00f3l besz\u00e9l\u00fcnk. A f\u0171t\u00e9sre optimaliz\u00e1ltak nagyobb hidegben, adott esetben m\u00ednusz 20\u201325 Celsius-fokban is megfelelnek az ig\u00e9nyeknek \u2013 mondta Barta L\u00e1szl\u00f3.<\/p>\n<blockquote class=\"article__extraTxt\"><p>A megfelel\u0151 teljes\u00edtm\u00e9ny mellett az energiahat\u00e9konys\u00e1g is fontos t\u00e9nyez\u0151.<\/p><\/blockquote>\n<p>\u2013 Egy 3,5 kW-os kl\u00edm\u00e1nak m\u00e1r 0,8 kW felvett energia elegend\u0151, azaz rendk\u00edv\u00fcl energiatakar\u00e9kos. A jobb min\u0151s\u00e9g\u0171 kl\u00edm\u00e1k j\u00f3s\u00e1gi foka is jobb, kevesebb \u00e1rammal tudnak nagyobb teljes\u00edtm\u00e9nyt leadni ny\u00e1ron is, t\u00e9len is \u2013 emelte ki. Hozz\u00e1tette: egy kl\u00edmaberendez\u00e9st hossz\u00fa t\u00e1vra v\u00e1s\u00e1rolunk, minimum 10 \u00e9vre, egy olcs\u00f3bb kl\u00edma megv\u00e9tel\u00e9vel nem \u00e9rdemes sp\u00f3rolni.<\/p>\n<figure id=\"attachment_2266184\" aria-describedby=\"caption-attachment-2266184\" style=\"width: 755px\" class=\"wp-caption alignnone\"><img loading=\"lazy\" decoding=\"async\" class=\"size-article-size-large-image wp-image-2266184\" src=\"https:\/\/www.startlap.hu\/vasarlas\/uploads\/2025\/07\/legkondi-5-755x503.jpg\" alt=\"L\u00e9gkondi el\u0151tt \u00e1ll\u00f3 n\u0151\" width=\"755\" height=\"503\" srcset=\"https:\/\/www.startlap.hu\/vasarlas\/uploads\/2025\/07\/legkondi-5-755x503.jpg 755w, https:\/\/www.startlap.hu\/vasarlas\/uploads\/2025\/07\/legkondi-5-1536x1024.jpg 1536w, https:\/\/www.startlap.hu\/vasarlas\/uploads\/2025\/07\/legkondi-5-2048x1365.jpg 2048w, https:\/\/www.startlap.hu\/vasarlas\/uploads\/2025\/07\/legkondi-5-525x350.jpg 525w\" sizes=\"auto, (max-width: 755px) 100vw, 755px\" \/><figcaption id=\"caption-attachment-2266184\" class=\"wp-caption-text\">Fot\u00f3: Getty Images<\/figcaption><\/figure>\n<p>A legt\u00f6bb k\u00e9sz\u00fcl\u00e9k m\u00e1r wifivel is m\u0171k\u00f6dik, \u00edgy ak\u00e1r a nyaral\u00e1sr\u00f3l hazafel\u00e9 is elind\u00edthatjuk a h\u0171t\u00e9st. \u2013 Ha elutazunk valahov\u00e1, <strong>egy \u00f3r\u00e1val a haza\u00e9r\u00e9s el\u0151tt p\u00e9ld\u00e1ul be lehet kapcsolni.<\/strong> \u00cdgy nem megy az \u00fcres lak\u00e1sban, csak amikor sz\u00fcks\u00e9ges \u2013 mondta. Emellett id\u0151z\u00edthet\u0151k, halk \u00e9jszakai \u00fczemm\u00f3dra is \u00e1ll\u00edthat\u00f3k, vagy \u00e9pp temper\u00e1l\u00f3 funkci\u00f3val tarthatj\u00e1k a 8 \u00b0C-os h\u0151m\u00e9rs\u00e9kletet t\u00e9len p\u00e9ld\u00e1ul egy h\u00e9tv\u00e9gi h\u00e1zban.<\/p>\n<h2>Karbantartani k\u00f6telez\u0151<\/h2>\n<p>Fontos a rendszeres karbantart\u00e1s is, k\u00fcl\u00f6nben nemcsak a hat\u00e9konys\u00e1g, hanem az eg\u00e9szs\u00e9g is vesz\u00e9lybe ker\u00fclhet. \u2013 L\u00e9g\u00fati megbeteged\u00e9sek akkor jelentkezhetnek, ha a kl\u00edmaberendez\u00e9s nincs megfelel\u0151en karbantartva. A t\u00e9len felgy\u00fclemlett por a nedvess\u00e9ggel keveredve adott esetben pen\u00e9szesed\u00e9st okoz. Ez ny\u00e1ron kif\u00fajva senkinek sem j\u00f3. Fontos teh\u00e1t a szezon el\u0151tt \u00e9s ut\u00e1n szakemberrel elv\u00e9geztetni a karbantart\u00e1st \u2013 h\u00edvta fel a figyelmet Barta L\u00e1szl\u00f3.<\/p>\n<h2>A tiszt\u00edt\u00e1s hi\u00e1nya nemcsak eg\u00e9szs\u00e9gtelen, hanem dr\u00e1g\u00e1bb is<\/h2>\n<p>\u2013 Az elkoszosodott kl\u00edma term\u00e9szetesen magasabb fogyaszt\u00e1st is eredm\u00e9nyez, a leveg\u0151 nem tud \u00e1t\u00e1ramlani rajta. A ventil\u00e1tor, a kompresszor is dolgozna, de ha el van t\u00f6m\u0151dve, azt vessz\u00fck \u00e9szre, hogy megy a kl\u00edma, csak \u00e9ppen nincs kell\u0151 hat\u00e9konys\u00e1g, \u00e9s n\u0151 az \u00e1ramfogyaszt\u00e1s \u2013 magyar\u00e1zta.<\/p>\n<p>Az \u00e1rny\u00e9kol\u00e1s is fontos. Ha erre nem figyel\u00fcnk, a t\u0171z\u0151 nap f\u0171ti a szob\u00e1t.&nbsp;<\/p>\n<p>A kl\u00edma teh\u00e1t k\u00e9nyelmet, meleget, h\u0171v\u00f6set \u00e9s sp\u00f3rol\u00e1st is hozhat \u2013 ha j\u00f3l v\u00e1lasztunk, okosan haszn\u00e1ljuk, \u00e9s rendszeresen karbantartjuk.<\/p>\n<div class=\"o-widget m-readMoreWidget -readMore u-shortDecorLineAfter row widget-container _ce_measure_widget bigdata-widget read-more\" data-ce-measure-widget=\"olvass tov\u00e1bb\">\n\t<div class=\"m-readMoreWidget__imgWrapper image-wrapper col-12 col-md-4 no-p\">\n\t\t<a class=\"m-readMoreWidget__imgLink\" href=\"https:\/\/www.startlap.hu\/vasarlas\/goorg-joghurt-hoseg-tippek-trukkok-brit-tudos\/\" >\n\t\t\t<img decoding=\"async\" src=\"https:\/\/www.startlap.hu\/vasarlas\/uploads\/2025\/07\/gorog-joghurt-350x285.jpg\" class=\"m-readMoreWidget__img\">\n\t\t<\/a>\n\t<\/div>\n\t<div class=\"m-readMoreWidget__titleWrapper title-wrapper col-12 col-md-8\">\n\t\t<span class=\"m-readMoreWidget__titleLabel u-shortDecorLineBefore label hidden-sm-up\">Ez is \u00e9rdekelhet:<\/span>\n\t\t<h3 class=\"m-readMoreWidget__title title\">\n\t\t\t<a class=\"m-readMoreWidget__titleLink -secondFont u-bold u-upperCase\" href=\"https:\/\/www.startlap.hu\/vasarlas\/goorg-joghurt-hoseg-tippek-trukkok-brit-tudos\/\" >\u00cdgy h\u0171tsd le g\u00f6r\u00f6g joghurttal az otthonod: 3,5 fokkal cs\u00f6kkentheted a h\u0151m\u00e9rs\u00e9kletet a lak\u00e1sban<\/a>\n\t\t<\/h3>\n\t\t<a class=\"m-readMoreWidget__btn -coloredBack u-tC link\" href=\"https:\/\/www.startlap.hu\/vasarlas\/goorg-joghurt-hoseg-tippek-trukkok-brit-tudos\/\" >Elolvasom<\/a>\n\t<\/div>\n<\/div>\n","protected":false},"excerpt":{"rendered":"<p>Ha ny\u00e1ron is kellemes h\u0151m\u00e9rs\u00e9kletre v\u00e1gysz, de nem akarsz sokat fizetni a h\u0171t\u00e9s\u00e9rt, \u00e9rdemes megfogadni a tapasztalt szakember tan\u00e1csait.<\/p>\n","protected":false},"author":64,"featured_media":2266184,"comment_status":"closed","ping_status":"closed","sticky":false,"template":"","format":"standard","meta":{"footnotes":""},"categories":[8180],"tags":[14897,13734,2389,12593,3640],"class_list":["post-2266182","post","type-post","status-publish","format-standard","has-post-thumbnail","hentry","category-trending","tag-klima","tag-legkondi","tag-rezsi","tag-szakerto","tag-tippek"],"aioseo_notices":[],"_links":{"self":[{"href":"https:\/\/www.startlap.hu\/vasarlas\/wp-json\/wp\/v2\/posts\/2266182","targetHints":{"allow":["GET"]}}],"collection":[{"href":"https:\/\/www.startlap.hu\/vasarlas\/wp-json\/wp\/v2\/posts"}],"about":[{"href":"https:\/\/www.startlap.hu\/vasarlas\/wp-json\/wp\/v2\/types\/post"}],"author":[{"embeddable":true,"href":"https:\/\/www.startlap.hu\/vasarlas\/wp-json\/wp\/v2\/users\/64"}],"replies":[{"embeddable":true,"href":"https:\/\/www.startlap.hu\/vasarlas\/wp-json\/wp\/v2\/comments?post=2266182"}],"version-history":[{"count":5,"href":"https:\/\/www.startlap.hu\/vasarlas\/wp-json\/wp\/v2\/posts\/2266182\/revisions"}],"predecessor-version":[{"id":2266205,"href":"https:\/\/www.startlap.hu\/vasarlas\/wp-json\/wp\/v2\/posts\/2266182\/revisions\/2266205"}],"wp:featuredmedia":[{"embeddable":true,"href":"https:\/\/www.startlap.hu\/vasarlas\/wp-json\/wp\/v2\/media\/2266184"}],"wp:attachment":[{"href":"https:\/\/www.startlap.hu\/vasarlas\/wp-json\/wp\/v2\/media?parent=2266182"}],"wp:term":[{"taxonomy":"category","embeddable":true,"href":"https:\/\/www.startlap.hu\/vasarlas\/wp-json\/wp\/v2\/categories?post=2266182"},{"taxonomy":"post_tag","embeddable":true,"href":"https:\/\/www.startlap.hu\/vasarlas\/wp-json\/wp\/v2\/tags?post=2266182"}],"curies":[{"name":"wp","href":"https:\/\/api.w.org\/{rel}","templated":true}]}}