{"id":2264073,"date":"2025-06-17T16:46:20","date_gmt":"2025-06-17T14:46:20","guid":{"rendered":"https:\/\/www.startlap.hu\/vasarlas\/?p=2264073"},"modified":"2025-06-17T17:24:56","modified_gmt":"2025-06-17T15:24:56","slug":"legkondicionalo-tevhit","status":"publish","type":"post","link":"https:\/\/www.startlap.hu\/vasarlas\/legkondicionalo-tevhit\/","title":{"rendered":"L\u00e9gkondicion\u00e1l\u00f3: ezeknek a t\u00e9vhiteknek sokan bed\u0151lnek"},"content":{"rendered":"<p>A ny\u00e1ri forr\u00f3s\u00e1g bek\u00f6sz\u00f6nt\u00e9vel ism\u00e9t k\u00f6zponti szerep jut az otthoni l\u00e9gkondicion\u00e1l\u00f3knak, amelyek k\u00e9nyelmet \u00e9s komfortot biztos\u00edtanak. Ugyanakkor a <strong><a href=\"https:\/\/www.startlap.hu\/vasarlas\/klima-legkondi-nyar-meleg\/\" target=\"_blank\" rel=\"noopener noreferrer\">kl\u00edm\u00e1k<\/a><\/strong> k\u00f6r\u00fcl rengeteg t\u00e9vhit kering, amit az LG szak\u00e9rt\u0151i sorra vettek \u00e9s eloszlatt\u00e1k &#8211; \u00edrja&nbsp; az <strong><a href=\"https:\/\/www.hirstart.hu\/site\/relocate.php?rssid=461&amp;rsspid=3&amp;ctype=rss&amp;id=38628050&amp;chk=f8f0ef5d4a6bea462bfec1e169b4ff4f&amp;url=https%3A%2F%2Fmmonline.hu%2Fcikk%2Ftevedesben-vannak-a-legkondi-hasznalok%2F\" target=\"_blank\" target=\"_blank\" rel=\"noopener noreferrer\">Mmonline.hu<\/a><\/strong>.<\/p>\n<h2>\u00c9rdemes szell\u0151ztetni a l\u00e9gkondi mellett?<\/h2>\n<p>Sokan \u00fagy v\u00e9lik, a kl\u00edma nemcsak h\u0171t-f\u0171t, hanem k\u00edv\u00fclr\u0151l is friss leveg\u0151t hoz be: ugyanakkor a legt\u00f6bb k\u00e9sz\u00fcl\u00e9k csak a szoba leveg\u0151j\u00e9t keringteti, sz\u0171ri \u00e9s p\u00e1r\u00e1tlan\u00edtja, k\u00fcls\u0151 leveg\u0151t nem juttat be.<\/p>\n<p>Ez\u00e9rt kl\u00edmahaszn\u00e1lat mellett is fontos a szell\u0151ztet\u00e9s, amelyet ny\u00e1ron a h\u0171v\u00f6sebb reggeli \u00e9s esti \u00f3r\u00e1kra aj\u00e1nlott id\u0151z\u00edteni. A legjobb m\u00f3dszer ilyenkor a kereszthuzat, ami gyors leveg\u0151cser\u00e9t tesz lehet\u0151v\u00e9 a bels\u0151 t\u00e9r felmeleg\u00edt\u00e9se n\u00e9lk\u00fcl.<\/p>\n<h2>Hogyan h\u0171ts\u00fcnk megfelel\u0151en?<\/h2>\n<p>Elterjedt t\u00e9vhit, hogy min\u00e9l hidegebbre \u00e1ll\u00edtjuk a kl\u00edm\u00e1t, ann\u00e1l gyorsabban h\u0171ti le a szob\u00e1t \u2013 val\u00f3j\u00e1ban ez nem \u00edgy m\u0171k\u00f6dik.<\/p>\n<p>A h\u0171t\u00e9s sebess\u00e9ge nem a be\u00e1ll\u00edtott h\u0151m\u00e9rs\u00e9klett\u0151l f\u00fcgg: alacsonyabb c\u00e9lh\u0151fok eset\u00e9n csak hosszabb ideig dolgozik a kl\u00edma. A hat\u00e9konys\u00e1got ink\u00e1bb a ventil\u00e1tor magasabb fokozata jav\u00edthatja.<\/p>\n<figure id=\"attachment_2264080\" aria-describedby=\"caption-attachment-2264080\" style=\"width: 755px\" class=\"wp-caption alignnone\"><img loading=\"lazy\" decoding=\"async\" class=\"size-article-size-large-image wp-image-2264080\" src=\"https:\/\/www.startlap.hu\/vasarlas\/uploads\/2025\/06\/legkondicionalo_-755x503.jpg\" alt=\"L\u00e9gkondicion\u00e1l\u00f3 szab\u00e1lyoz\u00e1sa a t\u00e1vkapcsol\u00f3j\u00e1val\" width=\"755\" height=\"503\" srcset=\"https:\/\/www.startlap.hu\/vasarlas\/uploads\/2025\/06\/legkondicionalo_-755x503.jpg 755w, https:\/\/www.startlap.hu\/vasarlas\/uploads\/2025\/06\/legkondicionalo_-525x350.jpg 525w, https:\/\/www.startlap.hu\/vasarlas\/uploads\/2025\/06\/legkondicionalo_.jpg 1200w\" sizes=\"auto, (max-width: 755px) 100vw, 755px\" \/><figcaption id=\"caption-attachment-2264080\" class=\"wp-caption-text\">Fot\u00f3: Getty Images<\/figcaption><\/figure>\n<p>A kellemes k\u00f6z\u00e9rzet \u00e9s alacsonyabb energiafogyaszt\u00e1s \u00e9rdek\u00e9ben <strong>c\u00e9lszer\u0171 ker\u00fclni a h\u0151m\u00e9rs\u00e9klet-ingadoz\u00e1st, \u00e9s napk\u00f6zben sem teljesen kikapcsolni a kl\u00edm\u00e1t<\/strong>, m\u00e9g ha \u00e9pp nem vagyunk otthon.<\/p>\n<h2>M\u00edtosz: a l\u00e9gkondicion\u00e1l\u00f3 k\u00e1ros az eg\u00e9szs\u00e9gre<\/h2>\n<p>B\u00e1r sokan a l\u00e9gkondit okolj\u00e1k a megf\u00e1z\u00e1s\u00e9rt, megfelel\u0151 haszn\u00e1lat mellett ezek a probl\u00e9m\u00e1k elker\u00fclhet\u0151k. <strong>A t\u00fal nagy h\u0151m\u00e9rs\u00e9klet-k\u00fcl\u00f6nbs\u00e9g elker\u00fcl\u00e9se<\/strong> \u2013 legfeljebb 8-10 fok \u2013 seg\u00edthet abban, hogy a szervezet k\u00f6nnyebben alkalmazkodjon, cs\u00f6kkentve a megf\u00e1z\u00e1s es\u00e9ly\u00e9t.<\/p>\n<p><strong>Ker\u00fclni kell a k\u00f6zvetlen hideg l\u00e9g\u00e1ramot<\/strong>, mert m\u00e9g gyenge huzat eset\u00e9n is megh\u0171l\u00e9st okozhat.<\/p>\n<p>A modern kl\u00edm\u00e1k m\u00e1r figyelik a szob\u00e1ban tart\u00f3zkod\u00f3k helyzet\u00e9t, \u00e9s a h\u0151m\u00e9rs\u00e9klethez igaz\u00edtj\u00e1k a l\u00e9g\u00e1raml\u00e1st, s\u0151t automatikusan \u00e1tt\u00e9rnek k\u00edm\u00e9letes f\u00fav\u00e1sra is.<\/p>\n<h2>Sokan azt hiszik, hogy a kl\u00edm\u00e1t nem kell tiszt\u00edtani<\/h2>\n<p>A belt\u00e9ri egys\u00e9g sz\u0171r\u0151inek rendszeres tiszt\u00edt\u00e1sa, esetenk\u00e9nti cser\u00e9je \u00e9s a h\u0151cser\u00e9l\u0151 vegyszeres tiszt\u00edt\u00e1sa elengedhetetlen az eg\u00e9szs\u00e9g meg\u0151rz\u00e9s\u00e9hez.<\/p>\n<p>A k\u00fclt\u00e9ri egys\u00e9g karbantart\u00e1sa is fontos, mivel a leveg\u0151b\u0151l sz\u00e1rmaz\u00f3 por k\u00f6nnyen lerak\u00f3dik a h\u0151cser\u00e9l\u0151n, m\u00e9g l\u00e1tsz\u00f3lag tiszta k\u00f6rnyezetben is.<\/p>\n<h2>M\u00edtosz: a l\u00e9gkondicion\u00e1l\u00f3t\u00f3l betegek lesznek a kis\u00e1llatok<\/h2>\n<p>A h\u00e1zi\u00e1llatok szempontj\u00e1b\u00f3l sem vesz\u00e9lyes a kl\u00edma, s\u0151t seg\u00edthet megel\u0151zni a t\u00falmeleged\u00e9st, ha betartunk n\u00e9h\u00e1ny egyszer\u0171 szab\u00e1lyt.A h\u00e1zi kedvencekn\u00e9l is ker\u00fclj\u00fck a direkt hideg leveg\u0151t, \u00e9s figyelj\u00fcnk a h\u0151m\u00e9rs\u00e9klet-k\u00fcl\u00f6nbs\u00e9g m\u00e9rs\u00e9kl\u00e9s\u00e9re.<\/p>\n<p>A kl\u00edma rendszeres karbantart\u00e1sa a <strong>kis\u00e1llatok eg\u00e9szs\u00e9g\u00e9nek meg\u00f3v\u00e1sa miatt is kiemelten fontos.<\/strong><\/p>\n<div class=\"o-widget m-readMoreWidget -readMore u-shortDecorLineAfter row widget-container _ce_measure_widget bigdata-widget read-more\" data-ce-measure-widget=\"olvass tov\u00e1bb\">\n\t<div class=\"m-readMoreWidget__imgWrapper image-wrapper col-12 col-md-4 no-p\">\n\t\t<a class=\"m-readMoreWidget__imgLink\" href=\"https:\/\/www.startlap.hu\/vasarlas\/a-legjobb-mobil-klimak-2025\/\" >\n\t\t\t<img decoding=\"async\" src=\"https:\/\/www.startlap.hu\/vasarlas\/uploads\/2025\/04\/fisher-350x285.png\" class=\"m-readMoreWidget__img\">\n\t\t<\/a>\n\t<\/div>\n\t<div class=\"m-readMoreWidget__titleWrapper title-wrapper col-12 col-md-8\">\n\t\t<span class=\"m-readMoreWidget__titleLabel u-shortDecorLineBefore label hidden-sm-up\">Ez is \u00e9rdekelhet:<\/span>\n\t\t<h3 class=\"m-readMoreWidget__title title\">\n\t\t\t<a class=\"m-readMoreWidget__titleLink -secondFont u-bold u-upperCase\" href=\"https:\/\/www.startlap.hu\/vasarlas\/a-legjobb-mobil-klimak-2025\/\" >A legjobb mobilkl\u00edm\u00e1k 2025-ben<\/a>\n\t\t<\/h3>\n\t\t<a class=\"m-readMoreWidget__btn -coloredBack u-tC link\" href=\"https:\/\/www.startlap.hu\/vasarlas\/a-legjobb-mobil-klimak-2025\/\" >Elolvasom<\/a>\n\t<\/div>\n<\/div>\n","protected":false},"excerpt":{"rendered":"<p>A tart\u00f3s h\u0151s\u00e9g miatt egyre t\u00f6bb magyar h\u00e1ztart\u00e1sban szerelnek fel l\u00e9gkondicion\u00e1l\u00f3t, azonban m\u00e9g mindig sokan tartanak a f\u00e9lre\u00e9rtelmezett hat\u00e1sait\u00f3l. <\/p>\n","protected":false},"author":8,"featured_media":2264080,"comment_status":"closed","ping_status":"closed","sticky":false,"template":"","format":"standard","meta":{"footnotes":""},"categories":[8180],"tags":[14897,14836,19619],"class_list":["post-2264073","post","type-post","status-publish","format-standard","has-post-thumbnail","hentry","category-trending","tag-klima","tag-legkondicionalo","tag-tevhit"],"aioseo_notices":[],"_links":{"self":[{"href":"https:\/\/www.startlap.hu\/vasarlas\/wp-json\/wp\/v2\/posts\/2264073","targetHints":{"allow":["GET"]}}],"collection":[{"href":"https:\/\/www.startlap.hu\/vasarlas\/wp-json\/wp\/v2\/posts"}],"about":[{"href":"https:\/\/www.startlap.hu\/vasarlas\/wp-json\/wp\/v2\/types\/post"}],"author":[{"embeddable":true,"href":"https:\/\/www.startlap.hu\/vasarlas\/wp-json\/wp\/v2\/users\/8"}],"replies":[{"embeddable":true,"href":"https:\/\/www.startlap.hu\/vasarlas\/wp-json\/wp\/v2\/comments?post=2264073"}],"version-history":[{"count":12,"href":"https:\/\/www.startlap.hu\/vasarlas\/wp-json\/wp\/v2\/posts\/2264073\/revisions"}],"predecessor-version":[{"id":2264086,"href":"https:\/\/www.startlap.hu\/vasarlas\/wp-json\/wp\/v2\/posts\/2264073\/revisions\/2264086"}],"wp:featuredmedia":[{"embeddable":true,"href":"https:\/\/www.startlap.hu\/vasarlas\/wp-json\/wp\/v2\/media\/2264080"}],"wp:attachment":[{"href":"https:\/\/www.startlap.hu\/vasarlas\/wp-json\/wp\/v2\/media?parent=2264073"}],"wp:term":[{"taxonomy":"category","embeddable":true,"href":"https:\/\/www.startlap.hu\/vasarlas\/wp-json\/wp\/v2\/categories?post=2264073"},{"taxonomy":"post_tag","embeddable":true,"href":"https:\/\/www.startlap.hu\/vasarlas\/wp-json\/wp\/v2\/tags?post=2264073"}],"curies":[{"name":"wp","href":"https:\/\/api.w.org\/{rel}","templated":true}]}}