{"id":2264032,"date":"2025-06-16T19:05:03","date_gmt":"2025-06-16T17:05:03","guid":{"rendered":"https:\/\/www.startlap.hu\/vasarlas\/?p=2264032"},"modified":"2025-06-16T19:05:03","modified_gmt":"2025-06-16T17:05:03","slug":"wc-csesze-oblitoperem-tisztitas","status":"publish","type":"post","link":"https:\/\/www.startlap.hu\/vasarlas\/wc-csesze-oblitoperem-tisztitas\/","title":{"rendered":"Zseni\u00e1lis tr\u00fckk: \u00edgy tiszt\u00edtsd a WC-cs\u00e9sze \u00f6bl\u00edt\u0151perem\u00e9t"},"content":{"rendered":"<p>A WC-cs\u00e9sze pereme alatti, nehezen hozz\u00e1f\u00e9rhet\u0151 r\u00e9sz\u00e9nek tiszt\u00edt\u00e1sa k\u00fcl\u00f6n\u00f6s kih\u00edv\u00e1st jelent. A WC-tiszt\u00edt\u00f3k gy\u00e1rt\u00f3i gyakran \u00edg\u00e9rik, hogy a flakonok speci\u00e1lis, hajl\u00edtott nyak\u00e1val m\u00e9g ez az eldugott r\u00e9s, az \u00fan. \u00f6bl\u00edt\u0151perem is hat\u00e9konyan tiszt\u00edthat\u00f3. Mindannyian tudjuk, hogy a val\u00f3s\u00e1gban ez gyakran nem teljes\u00fcl, f\u0151leg nem akkor, ha a v\u00e9c\u00e9ben m\u00e1r megkezd\u0151d\u00f6tt a vizeletk\u0151 \u00e9s a v\u00edzk\u0151 lerak\u00f3d\u00e1sa.&nbsp;<\/p>\n<p>Ha a WC-tiszt\u00edt\u00f3t siker\u00fcl is a perem al\u00e1 bejuttatni, m\u00e9g mindig sz\u00fcks\u00e9g lesz a WC-kef\u00e9re \u00e9s izomer\u0151re, \u00e9s a perem rendszeres tiszt\u00edt\u00e1sra szorul. Ha m\u00e1r r\u00e9g\u00f3ta gy\u0171lik rajta a szennyez\u0151d\u00e9s, vagy nem szeretn\u00e9nk bajl\u00f3dni a WC-kef\u00e9vel, kipr\u00f3b\u00e1lhatjuk a <strong><a href=\"https:\/\/www.t-online.de\/heim-garten\/haushaltstipps\/id_100068246\/toilette-reinigen-braune-ablagerungen-unterm-rand-ganz-einfach-entfernen.html\" target=\"_blank\" target=\"_blank\" rel=\"noopener noreferrer\">t-online.de<\/a> <\/strong>olcs\u00f3 \u00e9s k\u00f6rnyezetbar\u00e1t m\u00f3dszer\u00e9t.<\/p>\n<figure id=\"attachment_2264036\" aria-describedby=\"caption-attachment-2264036\" style=\"width: 755px\" class=\"wp-caption alignnone\"><img loading=\"lazy\" decoding=\"async\" class=\"size-article-size-large-image wp-image-2264036\" src=\"https:\/\/www.startlap.hu\/vasarlas\/uploads\/2025\/06\/WC-tisztitas-oblitoperem-755x504.jpg\" alt=\"WC-cs\u00e9sze tiszt\u00edt\u00e1s\" width=\"755\" height=\"504\" srcset=\"https:\/\/www.startlap.hu\/vasarlas\/uploads\/2025\/06\/WC-tisztitas-oblitoperem-755x504.jpg 755w, https:\/\/www.startlap.hu\/vasarlas\/uploads\/2025\/06\/WC-tisztitas-oblitoperem-1536x1025.jpg 1536w, https:\/\/www.startlap.hu\/vasarlas\/uploads\/2025\/06\/WC-tisztitas-oblitoperem-2048x1367.jpg 2048w, https:\/\/www.startlap.hu\/vasarlas\/uploads\/2025\/06\/WC-tisztitas-oblitoperem-525x350.jpg 525w\" sizes=\"auto, (max-width: 755px) 100vw, 755px\" \/><figcaption id=\"caption-attachment-2264036\" class=\"wp-caption-text\">Fot\u00f3: Getty Images<\/figcaption><\/figure>\n<p>Az \u00f6bl\u00edt\u0151perem alati szennyez\u0151d\u00e9s &#8211; mennyis\u00e9g\u00e9t\u0151l f\u00fcgg\u0151en &#8211; barna sz\u00ednnel cs\u00faf\u00edthatja el a WC-kagyl\u00f3t, \u00e9s olykor kellemetlen szagot is okozhat, ez\u00e9rt nem feledkezhet\u00fcnk meg r\u00f3la a heti takar\u00edt\u00e1s sor\u00e1n.<\/p>\n<blockquote class=\"article__extraTxt\"><p>Csup\u00e1n&nbsp;ecetre, WC-pap\u00edrra, kis t\u00e1lra, \u00e9s sz\u00fcks\u00e9g eset\u00e9n egy r\u00e9gi fogkef\u00e9re vagy szivacsra lesz sz\u00fcks\u00e9g<\/p><\/blockquote>\n<p>a <strong><a href=\"https:\/\/www.startlap.hu\/vasarlas\/vece-tisztitas-haztartas-trukk-ecet-mosogatogep-tabletta\/\" target=\"_blank\" rel=\"noopener noreferrer\">WC t\u00f6k\u00e9letes megtiszt\u00edt\u00e1s\u00e1hoz<\/a><\/strong>.&nbsp;El\u0151sz\u00f6r is \u00f6nts egy kis ecetet a t\u00e1lba, majd \u00e1ztass be n\u00e9mi WC-pap\u00edrt a folyad\u00e9kba. \u00d3vatosan gy\u0171rd \u00f6ssze a pap\u00edrt, \u00e9s nyomd a WC pereme al\u00e1. Eg\u00e9szen addig folytasd a m\u0171veletet, am\u00edg a peremet teljesen kit\u00f6lti az ecetben \u00e1z\u00f3 pap\u00edr. Hagyd hatni 30 percig, t\u00e1vol\u00edtsd el a pap\u00edrt, majd az el\u0151z\u0151leg ecetbe m\u00e1rtott fogkef\u00e9vel vagy nyeles szivaccsal t\u00f6r\u00f6ld \u00e1t az \u00f6bl\u00edt\u0151perem ter\u00fclet\u00e9t.<\/p>\n<p>A port\u00e1l k\u00fcl\u00f6n felh\u00edvja a figyelmet arra, hogy a pap\u00edrt\u00f6meg elt\u00f6m\u00edtheti a WC-t, ez\u00e9rt jobban j\u00e1rsz, ha a kuk\u00e1ba dobod a hullad\u00e9kot, \u00e9s nem a WC-n h\u00fazod le.<\/p>\n<p>Ha \u00fagy l\u00e1tod, hogy a te WC-cs\u00e9sz\u00e9d nagyon koszos, akkor <strong>miel\u0151tt kit\u00f6m\u00f6d a peremet ecetes WC-pap\u00edrral, fogkef\u00e9vel vagy szivaccsal oszlass el benne sz\u00f3dabikarb\u00f3n\u00e1t<\/strong>, \u00e9s csak ut\u00e1na v\u00e9gezd el a fenti l\u00e9p\u00e9seket.<\/p>\n<div class=\"o-widget m-readMoreWidget -readMore u-shortDecorLineAfter row widget-container _ce_measure_widget bigdata-widget read-more\" data-ce-measure-widget=\"olvass tov\u00e1bb\">\n\t<div class=\"m-readMoreWidget__imgWrapper image-wrapper col-12 col-md-4 no-p\">\n\t\t<a class=\"m-readMoreWidget__imgLink\" href=\"https:\/\/www.startlap.hu\/vasarlas\/ablakpucolas-takaritas-tisztitas-praktika\/\" >\n\t\t\t<img decoding=\"async\" src=\"https:\/\/www.startlap.hu\/vasarlas\/uploads\/2025\/06\/tisztitas_11zon-350x285.jpg\" class=\"m-readMoreWidget__img\">\n\t\t<\/a>\n\t<\/div>\n\t<div class=\"m-readMoreWidget__titleWrapper title-wrapper col-12 col-md-8\">\n\t\t<span class=\"m-readMoreWidget__titleLabel u-shortDecorLineBefore label hidden-sm-up\">Ez is \u00e9rdekelhet:<\/span>\n\t\t<h3 class=\"m-readMoreWidget__title title\">\n\t\t\t<a class=\"m-readMoreWidget__titleLink -secondFont u-bold u-upperCase\" href=\"https:\/\/www.startlap.hu\/vasarlas\/ablakpucolas-takaritas-tisztitas-praktika\/\" >Ak\u00e1r egy \u00e9vig is tiszta maradhat az ablak &#8211; ezzel a csodaszerrel mosd az \u00fcveget<\/a>\n\t\t<\/h3>\n\t\t<a class=\"m-readMoreWidget__btn -coloredBack u-tC link\" href=\"https:\/\/www.startlap.hu\/vasarlas\/ablakpucolas-takaritas-tisztitas-praktika\/\" >Elolvasom<\/a>\n\t<\/div>\n<\/div>\n","protected":false},"excerpt":{"rendered":"<p>Olcs\u00f3, egyszer\u0171, k\u00f6rnyezetbar\u00e1t megold\u00e1s, ami m\u00e9g a cs\u00fanya, kellemetlen szag\u00fa lerak\u00f3d\u00e1sokat is elt\u00fcnteti. <\/p>\n","protected":false},"author":14,"featured_media":2264036,"comment_status":"closed","ping_status":"closed","sticky":false,"template":"","format":"standard","meta":{"footnotes":""},"categories":[8180],"tags":[19617,5279,12214],"class_list":["post-2264032","post","type-post","status-publish","format-standard","has-post-thumbnail","hentry","category-trending","tag-ecet","tag-takaritas","tag-wc"],"aioseo_notices":[],"_links":{"self":[{"href":"https:\/\/www.startlap.hu\/vasarlas\/wp-json\/wp\/v2\/posts\/2264032","targetHints":{"allow":["GET"]}}],"collection":[{"href":"https:\/\/www.startlap.hu\/vasarlas\/wp-json\/wp\/v2\/posts"}],"about":[{"href":"https:\/\/www.startlap.hu\/vasarlas\/wp-json\/wp\/v2\/types\/post"}],"author":[{"embeddable":true,"href":"https:\/\/www.startlap.hu\/vasarlas\/wp-json\/wp\/v2\/users\/14"}],"replies":[{"embeddable":true,"href":"https:\/\/www.startlap.hu\/vasarlas\/wp-json\/wp\/v2\/comments?post=2264032"}],"version-history":[{"count":1,"href":"https:\/\/www.startlap.hu\/vasarlas\/wp-json\/wp\/v2\/posts\/2264032\/revisions"}],"predecessor-version":[{"id":2264037,"href":"https:\/\/www.startlap.hu\/vasarlas\/wp-json\/wp\/v2\/posts\/2264032\/revisions\/2264037"}],"wp:featuredmedia":[{"embeddable":true,"href":"https:\/\/www.startlap.hu\/vasarlas\/wp-json\/wp\/v2\/media\/2264036"}],"wp:attachment":[{"href":"https:\/\/www.startlap.hu\/vasarlas\/wp-json\/wp\/v2\/media?parent=2264032"}],"wp:term":[{"taxonomy":"category","embeddable":true,"href":"https:\/\/www.startlap.hu\/vasarlas\/wp-json\/wp\/v2\/categories?post=2264032"},{"taxonomy":"post_tag","embeddable":true,"href":"https:\/\/www.startlap.hu\/vasarlas\/wp-json\/wp\/v2\/tags?post=2264032"}],"curies":[{"name":"wp","href":"https:\/\/api.w.org\/{rel}","templated":true}]}}