{"id":2255541,"date":"2024-12-19T07:43:10","date_gmt":"2024-12-19T06:43:10","guid":{"rendered":"https:\/\/www.startlap.hu\/vasarlas\/?p=2255541"},"modified":"2024-12-19T07:43:10","modified_gmt":"2024-12-19T06:43:10","slug":"magyar-posta-szolgaltatasok-kistelepules-partnerseg-torvenymodositas","status":"publish","type":"post","link":"https:\/\/www.startlap.hu\/vasarlas\/magyar-posta-szolgaltatasok-kistelepules-partnerseg-torvenymodositas\/","title":{"rendered":"Janu\u00e1rt\u00f3l nagy v\u00e1ltoz\u00e1s \u00e9lesedik a Magyar Post\u00e1n\u00e1l \u2013 m\u00f3dos\u00edtott\u00e1k a t\u00f6rv\u00e9nyt"},"content":{"rendered":"<p>\u00daj korszak kezd\u0151dik a kistelep\u00fcl\u00e9sek postai partners\u00e9gein\u00e9l, ami a helyi kisv\u00e1llalkoz\u00e1soknak is nagy lehet\u0151s\u00e9g \u2013 k\u00f6z\u00f6lte a Nemzetgazdas\u00e1gi Miniszt\u00e9rium (NGM) kedden az MTI-vel.&nbsp;A kistelep\u00fcl\u00e9sek postai szolg\u00e1ltat\u00e1sainak biztos\u00edt\u00e1sa \u00e9rdek\u00e9ben a <a href=\"https:\/\/www.startlap.hu\/vasarlas\/posta-arak-dragulas\/\" target=\"_blank\" rel=\"noopener noreferrer\">Magyar Posta Zrt.<\/a>&nbsp;partneri programot m\u0171k\u00f6dtet, amelyben <strong>helyi v\u00e1llalkoz\u00e1sok, jellemz\u0151en kiskereskedelmi \u00fczletek v\u00e1llalhatj\u00e1k postai feladatok ell\u00e1t\u00e1s\u00e1t saj\u00e1t tev\u00e9kenys\u00e9g\u00fcket kieg\u00e9sz\u00edtve<\/strong>.<\/p>\n<p>Az NGM szerint a program lehet\u0151s\u00e9get teremt arra, hogy a telep\u00fcl\u00e9sek lak\u00f3i tov\u00e1bbra is <strong>helyben \u00e9rhess\u00e9k el a postai szolg\u00e1ltat\u00e1sokat<\/strong>, mik\u00f6zben a helyi <a href=\"https:\/\/www.startlap.hu\/vasarlas\/karacsony-nyitvatartas-bolt-december-24-szenteste-aldi-lidl-penny-tesco-spar-2024\/\" target=\"_blank\" rel=\"noopener noreferrer\">\u00fczletek<\/a> hosszabb nyitvatart\u00e1si id\u0151vel \u00e9s sz\u00e9lesebb k\u00f6r\u0171 szolg\u00e1ltat\u00e1sokkal \u00e1llnak rendelkez\u00e9s\u00fckre.<\/p>\n<p>A szolg\u00e1ltat\u00e1s seg\u00edt\u00e9se \u00e9rdek\u00e9ben a szem\u00e9lyi j\u00f6vedelemad\u00f3r\u00f3l sz\u00f3l\u00f3 1995. \u00e9vi CXVII. t\u00f6rv\u00e9ny 2025. janu\u00e1r 1-j\u00e9n hat\u00e1lyba l\u00e9p\u0151 m\u00f3dos\u00edt\u00e1sa <strong>kedvez\u0151bb ad\u00f3z\u00e1si felt\u00e9teleket teremt az egy\u00e9ni v\u00e1llalkoz\u00f3k\u00e9nt m\u0171k\u00f6d\u0151 postapartnerek sz\u00e1m\u00e1ra<\/strong> \u2013 \u00edrt\u00e1k.<\/p>\n<figure id=\"attachment_2255542\" aria-describedby=\"caption-attachment-2255542\" style=\"width: 755px\" class=\"wp-caption alignnone\"><a href=\"https:\/\/www.startlap.hu\/vasarlas\/uploads\/2024\/12\/posta-logo-epulet.jpg\"><img loading=\"lazy\" decoding=\"async\" class=\"size-article-size-large-image wp-image-2255542\" src=\"https:\/\/www.startlap.hu\/vasarlas\/uploads\/2024\/12\/posta-logo-epulet-755x457.jpg\" alt=\"A Magyar Posta log\u00f3ja egy \u00e9p\u00fclet f\u00f6l\u00f6tt.\" width=\"755\" height=\"457\" srcset=\"https:\/\/www.startlap.hu\/vasarlas\/uploads\/2024\/12\/posta-logo-epulet-755x457.jpg 755w, https:\/\/www.startlap.hu\/vasarlas\/uploads\/2024\/12\/posta-logo-epulet-578x350.jpg 578w, https:\/\/www.startlap.hu\/vasarlas\/uploads\/2024\/12\/posta-logo-epulet.jpg 1198w\" sizes=\"auto, (max-width: 755px) 100vw, 755px\" \/><\/a><figcaption id=\"caption-attachment-2255542\" class=\"wp-caption-text\">Fot\u00f3: Szab\u00f3 Lilla \/ Fotocentr\u00e1l<\/figcaption><\/figure>\n<p>A k\u00f6zlem\u00e9ny szerint azok az egy\u00e9ni v\u00e1llalkoz\u00f3k, akik kiskereskedelmi tev\u00e9kenys\u00e9g\u00fck mellett postai szolg\u00e1ltat\u00e1sokat is ny\u00fajtanak, az \u00e1tal\u00e1nyban meg\u00e1llap\u00edtott j\u00f6vedelem eset\u00e9n a kiskereskedelmi tev\u00e9kenys\u00e9gre vonatkoz\u00f3 kedvez\u0151bb, 90 sz\u00e1zal\u00e9kos k\u00f6lts\u00e9gh\u00e1nyadot alkalmazhatj\u00e1k, mik\u00f6zben a bev\u00e9teli korl\u00e1t az \u00e9ves minim\u00e1lb\u00e9r \u00f6tvenszeres\u00e9ben ker\u00fcl meghat\u00e1roz\u00e1sra, ami tov\u00e1bbi rugalmass\u00e1got biztos\u00edt. A kedvez\u0151bb ad\u00f3z\u00e1si szab\u00e1lyok m\u00e1r a 2024-es ad\u00f3\u00e9vre is alkalmazhat\u00f3k.<\/p>\n<p>A m\u00f3dos\u00edt\u00e1s c\u00e9lja a helyi v\u00e1llalkoz\u00e1sok t\u00e1mogat\u00e1sa, ezzel a kistelep\u00fcl\u00e9sek gazdas\u00e1gi \u00e9let\u00e9nek \u00e9l\u00e9nk\u00edt\u00e9se, valamint a postai szolg\u00e1ltat\u00e1sok zavartalan el\u00e9rhet\u0151s\u00e9g\u00e9nek biztos\u00edt\u00e1sa orsz\u00e1gszerte.<\/p>\n<blockquote class=\"article__extraTxt\"><p>A v\u00e1ltoz\u00e1sok k\u00fcl\u00f6n\u00f6sen a kistelep\u00fcl\u00e9seken \u00e9l\u0151 csal\u00e1dok sz\u00e1m\u00e1ra jelentenek nagy seg\u00edts\u00e9get<\/p><\/blockquote>\n<p>, hiszen a helyi v\u00e1llalkoz\u00e1sok \u00e1ltal ny\u00fajtott postai szolg\u00e1ltat\u00e1sok nemcsak k\u00f6nnyebben el\u00e9rhet\u0151v\u00e9 v\u00e1lnak, de hosszabb nyitvatart\u00e1ssal \u00e9s jobb el\u00e9rhet\u0151s\u00e9ggel j\u00e1rulnak hozz\u00e1 a mindennapi \u00fcgyint\u00e9z\u00e9shez \u2013 tett\u00e9k hozz\u00e1.<\/p>\n<div class=\"o-widget m-readMoreWidget -readMore u-shortDecorLineAfter row widget-container _ce_measure_widget bigdata-widget read-more\" data-ce-measure-widget=\"olvass tov\u00e1bb\">\n\t<div class=\"m-readMoreWidget__imgWrapper image-wrapper col-12 col-md-4 no-p\">\n\t\t<a class=\"m-readMoreWidget__imgLink\" href=\"https:\/\/www.startlap.hu\/vasarlas\/gyogyszertar-unnepi-nyitva-tartas\/\" >\n\t\t\t<img decoding=\"async\" src=\"https:\/\/www.startlap.hu\/vasarlas\/uploads\/2024\/03\/gyogyszertarak_husveti-nyitvatartas_-350x285.jpg\" class=\"m-readMoreWidget__img\">\n\t\t<\/a>\n\t<\/div>\n\t<div class=\"m-readMoreWidget__titleWrapper title-wrapper col-12 col-md-8\">\n\t\t<span class=\"m-readMoreWidget__titleLabel u-shortDecorLineBefore label hidden-sm-up\">Ez is \u00e9rdekelhet:<\/span>\n\t\t<h3 class=\"m-readMoreWidget__title title\">\n\t\t\t<a class=\"m-readMoreWidget__titleLink -secondFont u-bold u-upperCase\" href=\"https:\/\/www.startlap.hu\/vasarlas\/gyogyszertar-unnepi-nyitva-tartas\/\" >Gy\u00f3gyszert\u00e1rak: \u00edgy lesznek nyitva az \u00fcnnepek alatt<\/a>\n\t\t<\/h3>\n\t\t<a class=\"m-readMoreWidget__btn -coloredBack u-tC link\" href=\"https:\/\/www.startlap.hu\/vasarlas\/gyogyszertar-unnepi-nyitva-tartas\/\" >Elolvasom<\/a>\n\t<\/div>\n<\/div>\n","protected":false},"excerpt":{"rendered":"<p>A Magyar Post\u00e1n\u00e1l 2025 janu\u00e1rj\u00e1t\u00f3l \u00e9letbe l\u00e9p\u0151 v\u00e1ltoz\u00e1sok k\u00fcl\u00f6n\u00f6sen a kistelep\u00fcl\u00e9seken \u00e9l\u0151 csal\u00e1dok sz\u00e1m\u00e1ra jelentenek nagy seg\u00edts\u00e9get.<\/p>\n","protected":false},"author":7,"featured_media":2255542,"comment_status":"closed","ping_status":"closed","sticky":false,"template":"","format":"standard","meta":{"footnotes":""},"categories":[8180],"tags":[78],"class_list":["post-2255541","post","type-post","status-publish","format-standard","has-post-thumbnail","hentry","category-trending","tag-magyar-posta"],"aioseo_notices":[],"_links":{"self":[{"href":"https:\/\/www.startlap.hu\/vasarlas\/wp-json\/wp\/v2\/posts\/2255541","targetHints":{"allow":["GET"]}}],"collection":[{"href":"https:\/\/www.startlap.hu\/vasarlas\/wp-json\/wp\/v2\/posts"}],"about":[{"href":"https:\/\/www.startlap.hu\/vasarlas\/wp-json\/wp\/v2\/types\/post"}],"author":[{"embeddable":true,"href":"https:\/\/www.startlap.hu\/vasarlas\/wp-json\/wp\/v2\/users\/7"}],"replies":[{"embeddable":true,"href":"https:\/\/www.startlap.hu\/vasarlas\/wp-json\/wp\/v2\/comments?post=2255541"}],"version-history":[{"count":1,"href":"https:\/\/www.startlap.hu\/vasarlas\/wp-json\/wp\/v2\/posts\/2255541\/revisions"}],"predecessor-version":[{"id":2255543,"href":"https:\/\/www.startlap.hu\/vasarlas\/wp-json\/wp\/v2\/posts\/2255541\/revisions\/2255543"}],"wp:featuredmedia":[{"embeddable":true,"href":"https:\/\/www.startlap.hu\/vasarlas\/wp-json\/wp\/v2\/media\/2255542"}],"wp:attachment":[{"href":"https:\/\/www.startlap.hu\/vasarlas\/wp-json\/wp\/v2\/media?parent=2255541"}],"wp:term":[{"taxonomy":"category","embeddable":true,"href":"https:\/\/www.startlap.hu\/vasarlas\/wp-json\/wp\/v2\/categories?post=2255541"},{"taxonomy":"post_tag","embeddable":true,"href":"https:\/\/www.startlap.hu\/vasarlas\/wp-json\/wp\/v2\/tags?post=2255541"}],"curies":[{"name":"wp","href":"https:\/\/api.w.org\/{rel}","templated":true}]}}