{"id":2255211,"date":"2024-12-12T12:50:58","date_gmt":"2024-12-12T11:50:58","guid":{"rendered":"https:\/\/www.startlap.hu\/vasarlas\/?p=2255211"},"modified":"2024-12-12T12:50:58","modified_gmt":"2024-12-12T11:50:58","slug":"aveeno-borapolas-marka-magyarorszag-bevezetes","status":"publish","type":"post","link":"https:\/\/www.startlap.hu\/vasarlas\/aveeno-borapolas-marka-magyarorszag-bevezetes\/","title":{"rendered":"Friss bejelent\u00e9s: vil\u00e1gh\u00edr\u0171 m\u00e1rka \u00e9rkezik Magyarorsz\u00e1gra"},"content":{"rendered":"<p>Hamarosan haz\u00e1nkban is el\u00e9rhet\u0151k lesznek az <strong>Aveeno<\/strong> b\u0151r\u00e1pol\u00f3-m\u00e1rka term\u00e9kei, sz\u00e1mol be a <a href=\"https:\/\/www.hirstart.hu\/site\/relocate.php?rssid=87&amp;rsspid=3&amp;ctype=rss&amp;id=34693406&amp;chk=12b2244f0270743146c9937c08d4b23f&amp;url=https%3A%2F%2Fwww.vg.hu%2Fvilaggazdasag-magyar-gazdasag%2F2024%2F12%2Fbejelentes-vilaghiru-marka-erkezik-magyarorszagra%3Futm_source%3Dhirstart%26utm_medium%3Dreferral%26utm_campaign%3Dhiraggregator\" target=\"_blank\" target=\"_blank\" rel=\"noopener noreferrer\">Vil\u00e1ggazdas\u00e1g<\/a>. A term\u00e9kcsal\u00e1d online m\u00e1r most is rendelhet\u0151, \u00e9s hamarosan a kijel\u00f6lt patik\u00e1kban is kaphat\u00f3 lesz.<\/p>\n<h2>A zab, mint \u0151si kozmetikum<\/h2>\n<p>Az Aveeno term\u00e9kei&nbsp; 75 \u00e9ves <a href=\"https:\/\/www.startlap.hu\/vasarlas\/oszi-borapolas-kezkrem-arcapolas-fenyvedo-testapolo\/\" target=\"_blank\" rel=\"noopener noreferrer\">b\u0151r\u00e1pol\u00e1si<\/a> tapasztalat\u00e1t t\u00f6m\u00f6r\u00edtik, a zab kozmetikumk\u00e9nt val\u00f3 haszn\u00e1lata azonban m\u00e9g hosszabb m\u00faltra tekint vissza: a gabon\u00e1t m\u00e1r id\u0151sz\u00e1m\u00edt\u00e1sunk el\u0151tt 2000-ben is haszn\u00e1lt\u00e1k az irrit\u00e1lt b\u0151r \u00e1pol\u00e1s\u00e1ra.<\/p>\n<figure id=\"attachment_2255217\" aria-describedby=\"caption-attachment-2255217\" style=\"width: 755px\" class=\"wp-caption alignnone\"><a href=\"https:\/\/www.startlap.hu\/vasarlas\/uploads\/2024\/12\/kozmetikum.jpg\"><img loading=\"lazy\" decoding=\"async\" class=\"size-article-size-large-image wp-image-2255217\" src=\"https:\/\/www.startlap.hu\/vasarlas\/uploads\/2024\/12\/kozmetikum-755x502.jpg\" alt=\"Kozmetikumot haszn\u00e1l egy n\u0151\" width=\"755\" height=\"502\" srcset=\"https:\/\/www.startlap.hu\/vasarlas\/uploads\/2024\/12\/kozmetikum-755x502.jpg 755w, https:\/\/www.startlap.hu\/vasarlas\/uploads\/2024\/12\/kozmetikum-1536x1022.jpg 1536w, https:\/\/www.startlap.hu\/vasarlas\/uploads\/2024\/12\/kozmetikum-2048x1363.jpg 2048w, https:\/\/www.startlap.hu\/vasarlas\/uploads\/2024\/12\/kozmetikum-250x165.jpg 250w, https:\/\/www.startlap.hu\/vasarlas\/uploads\/2024\/12\/kozmetikum-526x350.jpg 526w\" sizes=\"auto, (max-width: 755px) 100vw, 755px\" \/><\/a><figcaption id=\"caption-attachment-2255217\" class=\"wp-caption-text\">Fot\u00f3: Getty Images<\/figcaption><\/figure>\n<p>A m\u00e1rka jelenleg t\u00f6bb mint 30 orsz\u00e1gban el\u00e9rhet\u0151, \u00e9s <strong>az Egyes\u00fclt Kir\u00e1lys\u00e1g els\u0151 sz\u00e1m\u00fa b\u0151r\u00e1pol\u00e1si term\u00e9ke. <\/strong>Az Aveeno term\u00e9keit b\u0151rgy\u00f3gy\u00e1szok is gyakran aj\u00e1nlj\u00e1k, mivel dermatol\u00f3giailag teszteltek, \u00e9s az allergi\u00e1ra hajlamos b\u0151rrel is k\u00edm\u00e9letesek. A hideg h\u00f3napokban kifejezetten aj\u00e1nlj\u00e1k az irrit\u00e1lt b\u0151r kezel\u00e9s\u00e9re.<\/p>\n<p>A m\u00e1rka c\u00e9lja, hogy <strong>cs\u00f6kkentse k\u00f6rnyezeti l\u00e1bnyom\u00e1t, \u00e9s \u00f6sszetev\u0151i etikus forr\u00e1sokb\u00f3l sz\u00e1rmazzanak,<\/strong> \u00f6sszhangban a k\u00f6rnyezettudatos \u00e9letm\u00f3ddal. &#8222;Izgatottan mutatjuk be az Aveeno m\u00e1rk\u00e1t Magyarorsz\u00e1gon, hogy a hazai fogyaszt\u00f3k is megtapasztalhass\u00e1k a tudom\u00e1ny \u00e9s a term\u00e9szet t\u00f6k\u00e9letes harm\u00f3ni\u00e1j\u00e1t, valamint a zab kiemelked\u0151 szerep\u00e9t a b\u0151r\u00e1pol\u00e1sban&#8221; \u2013 nyilatkozta <strong>Szommer D\u00f3ra<\/strong>, az Aveeno m\u00e1rka hazai senior brand menedzsere a Vil\u00e1ggazdas\u00e1g cikke szerint.<\/p>\n<div class=\"o-widget m-readMoreWidget -readMore u-shortDecorLineAfter row widget-container _ce_measure_widget bigdata-widget read-more\" data-ce-measure-widget=\"olvass tov\u00e1bb\">\n\t<div class=\"m-readMoreWidget__imgWrapper image-wrapper col-12 col-md-4 no-p\">\n\t\t<a class=\"m-readMoreWidget__imgLink\" href=\"https:\/\/www.startlap.hu\/vasarlas\/haj-apolas-tippek-osz-tel-hideg\/\" >\n\t\t\t<img decoding=\"async\" src=\"https:\/\/www.startlap.hu\/vasarlas\/uploads\/2024\/10\/notino_borito-350x285.png\" class=\"m-readMoreWidget__img\">\n\t\t<\/a>\n\t<\/div>\n\t<div class=\"m-readMoreWidget__titleWrapper title-wrapper col-12 col-md-8\">\n\t\t<span class=\"m-readMoreWidget__titleLabel u-shortDecorLineBefore label hidden-sm-up\">Ez is \u00e9rdekelhet:<\/span>\n\t\t<h3 class=\"m-readMoreWidget__title title\">\n\t\t\t<a class=\"m-readMoreWidget__titleLink -secondFont u-bold u-upperCase\" href=\"https:\/\/www.startlap.hu\/vasarlas\/haj-apolas-tippek-osz-tel-hideg\/\" >A legjobb haj\u00e1pol\u00e1si tippek a hideg h\u00f3napokra<\/a>\n\t\t<\/h3>\n\t\t<a class=\"m-readMoreWidget__btn -coloredBack u-tC link\" href=\"https:\/\/www.startlap.hu\/vasarlas\/haj-apolas-tippek-osz-tel-hideg\/\" >Elolvasom<\/a>\n\t<\/div>\n<\/div>\n","protected":false},"excerpt":{"rendered":"<p>Magyarorsz\u00e1gra \u00e9rkezik a vil\u00e1gh\u00edr\u0171 Aveeno, ami b\u0151r\u00e1pol\u00e1si term\u00e9keiben a zabot haszn\u00e1lja a b\u0151rhib\u00e1k kezel\u00e9s\u00e9re. A m\u00e1rka hamarosan a kijel\u00f6lt patik\u00e1kban lesz el\u00e9rhet\u0151.<\/p>\n","protected":false},"author":63,"featured_media":2255217,"comment_status":"closed","ping_status":"closed","sticky":false,"template":"","format":"standard","meta":{"footnotes":""},"categories":[8180],"tags":[4580],"class_list":["post-2255211","post","type-post","status-publish","format-standard","has-post-thumbnail","hentry","category-trending","tag-borapolas"],"aioseo_notices":[],"_links":{"self":[{"href":"https:\/\/www.startlap.hu\/vasarlas\/wp-json\/wp\/v2\/posts\/2255211","targetHints":{"allow":["GET"]}}],"collection":[{"href":"https:\/\/www.startlap.hu\/vasarlas\/wp-json\/wp\/v2\/posts"}],"about":[{"href":"https:\/\/www.startlap.hu\/vasarlas\/wp-json\/wp\/v2\/types\/post"}],"author":[{"embeddable":true,"href":"https:\/\/www.startlap.hu\/vasarlas\/wp-json\/wp\/v2\/users\/63"}],"replies":[{"embeddable":true,"href":"https:\/\/www.startlap.hu\/vasarlas\/wp-json\/wp\/v2\/comments?post=2255211"}],"version-history":[{"count":3,"href":"https:\/\/www.startlap.hu\/vasarlas\/wp-json\/wp\/v2\/posts\/2255211\/revisions"}],"predecessor-version":[{"id":2255221,"href":"https:\/\/www.startlap.hu\/vasarlas\/wp-json\/wp\/v2\/posts\/2255211\/revisions\/2255221"}],"wp:featuredmedia":[{"embeddable":true,"href":"https:\/\/www.startlap.hu\/vasarlas\/wp-json\/wp\/v2\/media\/2255217"}],"wp:attachment":[{"href":"https:\/\/www.startlap.hu\/vasarlas\/wp-json\/wp\/v2\/media?parent=2255211"}],"wp:term":[{"taxonomy":"category","embeddable":true,"href":"https:\/\/www.startlap.hu\/vasarlas\/wp-json\/wp\/v2\/categories?post=2255211"},{"taxonomy":"post_tag","embeddable":true,"href":"https:\/\/www.startlap.hu\/vasarlas\/wp-json\/wp\/v2\/tags?post=2255211"}],"curies":[{"name":"wp","href":"https:\/\/api.w.org\/{rel}","templated":true}]}}