{"id":2254421,"date":"2024-11-28T05:33:41","date_gmt":"2024-11-28T04:33:41","guid":{"rendered":"https:\/\/www.startlap.hu\/vasarlas\/?p=2254421"},"modified":"2024-11-27T18:23:12","modified_gmt":"2024-11-27T17:23:12","slug":"euro-ingatlan-piac-magyarorszag-arak","status":"publish","type":"post","link":"https:\/\/www.startlap.hu\/vasarlas\/euro-ingatlan-piac-magyarorszag-arak\/","title":{"rendered":"Sz\u00e9p csendben bevezetik az eur\u00f3t Magyarorsz\u00e1gon"},"content":{"rendered":"<p>Az egyre gyeng\u00fcl\u0151 forint\u00e1rfolyam hat\u00e1s\u00e1ra az eur\u00f3 gyakorlatilag elkezdte &#8222;\u00f6n\u00e1ll\u00f3an&#8221; bevezetni mag\u00e1t Magyarorsz\u00e1gon, hivatalos d\u00f6nt\u00e9s n\u00e9lk\u00fcl is egyre nagyobb teret nyerve a gazdas\u00e1gban \u00e9s a p\u00e9nz\u00fcgyi szf\u00e9r\u00e1ban \u2013 <a href=\"https:\/\/www.hirstart.hu\/site\/relocate.php?rssid=33&amp;rsspid=3&amp;ctype=rss&amp;id=34290256&amp;chk=7ae047565ccbbb24d936dd44f4b15005&amp;url=https%3A%2F%2Fwww.penzcentrum.hu%2Fgazdasag%2F20241122%2Fkiderult-fu-alatt-megis-bevezetik-az-eurot-magyarorszagon-lathataron-az-500-forintos-arfolyam-1159693\" target=\"_blank\" target=\"_blank\" rel=\"noopener noreferrer\">\u00edrja a P\u00e9nzcentrum<\/a>. Az ingatlanpiacon ez m\u00e1r konkr\u00e9t v\u00e1ltoz\u00e1sokat hozott:&nbsp;\u00faj\u00e9p\u00edt\u00e9s\u0171 lak\u00f3parkokban p\u00e9ld\u00e1ul el\u0151fordul, hogy kiz\u00e1r\u00f3lag eur\u00f3ban sz\u00e1molnak, a forint\u00e1rakat csup\u00e1n ir\u00e1nymutat\u00e1sk\u00e9nt t\u00fcntetik fel.<\/p>\n<p>Egy luxuslak\u00e1s p\u00e9ld\u00e1ul 978 ezer eur\u00f3ba ker\u00fcl, amelynek forint\u00e9rt\u00e9ke az \u00e9v elej\u00e9n m\u00e9g 376 milli\u00f3 volt, m\u00e1ra viszont k\u00f6zel 402 milli\u00f3ra n\u0151tt. Szak\u00e9rt\u0151k szerint ez a jelens\u00e9g az, <strong>amikor az eur\u00f3 fokozatosan, mag\u00e1t\u00f3l &#8222;bevezeti&#8221; mag\u00e1t a mindennapi \u00e9letbe.<\/strong><\/p>\n<figure id=\"attachment_2254422\" aria-describedby=\"caption-attachment-2254422\" style=\"width: 755px\" class=\"wp-caption alignnone\"><img loading=\"lazy\" decoding=\"async\" class=\"size-article-size-large-image wp-image-2254422\" src=\"https:\/\/www.startlap.hu\/vasarlas\/uploads\/2024\/11\/GettyImages-1621527136-1_11zon-755x469.jpg\" alt=\"eurot tart egy f\u00e9rfi k\u00e9zben\" width=\"755\" height=\"469\" srcset=\"https:\/\/www.startlap.hu\/vasarlas\/uploads\/2024\/11\/GettyImages-1621527136-1_11zon-755x469.jpg 755w, https:\/\/www.startlap.hu\/vasarlas\/uploads\/2024\/11\/GettyImages-1621527136-1_11zon-1536x955.jpg 1536w, https:\/\/www.startlap.hu\/vasarlas\/uploads\/2024\/11\/GettyImages-1621527136-1_11zon-563x350.jpg 563w, https:\/\/www.startlap.hu\/vasarlas\/uploads\/2024\/11\/GettyImages-1621527136-1_11zon.jpg 1757w\" sizes=\"auto, (max-width: 755px) 100vw, 755px\" \/><figcaption id=\"caption-attachment-2254422\" class=\"wp-caption-text\">Fot\u00f3: Getty Images<\/figcaption><\/figure>\n<h2>Egyre m\u00e9lyebben a forint<\/h2>\n<p>A forint helyzete nem t\u00fal f\u00e9nyes: az eur\u00f3 \u00e1rfolyama az elm\u00falt hetekben megugrott, <strong>jelenleg a 410-es szint k\u00f6r\u00fcl ingadozik<\/strong>, ami k\u00f6zel k\u00e9t \u00e9ve nem l\u00e1tott m\u00e9lypontot jelent. Elemz\u0151k szerint nem val\u00f3sz\u00edn\u0171, hogy a forint er\u0151s\u00f6dni tud az eur\u00f3val szemben, k\u00fcl\u00f6n\u00f6sen, ha a k\u00f6zel-keleti helyzet tov\u00e1bb eszkal\u00e1l\u00f3dik.<\/p>\n<p><strong>Virov\u00e1cz P\u00e9ter, az ING vezet\u0151 elemz\u0151je<\/strong> kor\u00e1bban a Cash Tagnek nyilatkozva r\u00e1mutatott: a forint gyeng\u00fcl\u00e9s\u00e9t r\u00e9szben az okozhatta, hogy a Magyar Nemzeti Bank nyitva hagyta a kamatv\u00e1g\u00e1s lehet\u0151s\u00e9g\u00e9t, amire v\u00e9g\u00fcl nem ker\u00fclt sor.<\/p>\n<p>\u201eK\u00f6d\u00f6s\u00edt\u00e9s zajlott, ami alapvet\u0151en egy kisz\u00e1m\u00edthatatlan nemzetk\u00f6zi k\u00f6rnyezetben nem egy rossz taktika. A gond az, hogy a piacok ki voltak \u00e9lezve a kamatcs\u00f6kkent\u00e9sekre &#8211; \u00e9s ne feledj\u00fck, nem csak Magyarorsz\u00e1gr\u00f3l besz\u00e9l\u00fcnk\u201d &#8211; mondta a szak\u00e9rt\u0151.<\/p>\n<blockquote class=\"article__extraTxt\"><p>A szak\u00e9rt\u0151 hangs\u00falyozta, ha nem is r\u00f6gt\u00f6n, de el\u0151bb-ut\u00f3bb el\u00e9rhetj\u00fck, hogy 500 forintos legyen az eur\u00f3 \u00e1rfolyama, az a k\u00e9rd\u00e9s, hogy ehhez a lakoss\u00e1g mit sz\u00f3l majd.<\/p><\/blockquote>\n<p>Szerinte az, hogy sok term\u00e9k vagy hazai szolg\u00e1ltat\u00e1s \u00e1r\u00e1t m\u00e1r eur\u00f3ban is megtudhatjuk, m\u00e1r ennek az \u00f6nbevezet\u0151 folyamatnak a r\u00e9sze.<\/p>\n<p>\u201eNagyon sok tart\u00f3s fogyaszt\u00e1si cikk eset\u00e9ben m\u00e1r eur\u00f3ban vannak meghat\u00e1rozva az \u00e1rak, p\u00e9ld\u00e1ul ha az ember szeretne egy \u00faj aut\u00f3t v\u00e1s\u00e1rolni. N\u00e9zz\u00fck meg, menj\u00fcnk fel egy konfigur\u00e1torba \u00e9s megn\u00e9zhetj\u00fck, hogy a k\u00fcl\u00f6nb\u00f6z\u0151 aut\u00f3m\u00e1rk\u00e1k eset\u00e9ben, ha \u00f6sszekonfigur\u00e1lunk egy aut\u00f3t, akkor milyen \u00e1rat kapunk a v\u00e9g\u00e9n? Nagyon sok esetben eur\u00f3s \u00e1rat. A v\u00e9g\u00e9n pedig ott van kis csillaggal a megjegyz\u00e9s, hogy forduljon a keresked\u0151j\u00e9hez, \u00e9s majd \u0151 megmondja, hogy ez forintban mennyi. De az \u00e9p\u00edt\u0151ipar tekintet\u00e9ben is egyre ink\u00e1bb, vagy a lakoss\u00e1gi szolg\u00e1ltat\u00e1s ir\u00e1nyban is egyre ink\u00e1bb felmer\u00fcl ez a k\u00e9rd\u00e9s, hogy nagyon m\u00e1sfel\u00e9 ne menj\u00fcnk. P\u00e9ld\u00e1ul az ember szeretne egy \u00e1rny\u00e9kol\u00f3t felrakni a terasz\u00e1hoz, \u00e9letszag\u00fa p\u00e9lda, elmegy, k\u00e9r egy \u00e1raj\u00e1nlatot \u00e9s megkapja eur\u00f3ban az \u00e1raj\u00e1nlatot\u201d \u2013 tette hozz\u00e1.<\/p>\n<h2>Az ingatlanpiacon m\u00e1r elkezd\u0151d\u00f6tt<\/h2>\n<p>A Vakmajom nev\u0171 Facebook-oldal nemr\u00e9giben egy olyan lak\u00f3park hirdet\u00e9s\u00e9re bukkant, ahol a lak\u00e1sok \u00e1r\u00e1t kiz\u00e1r\u00f3lag eur\u00f3ban hat\u00e1rozt\u00e1k meg.<\/p>\n<p><iframe loading=\"lazy\" width=\"750\" height=\"678\" frameborder=\"0\" src=\"https:\/\/www.facebook.com\/plugins\/post.php?href=https%3A%2F%2Fwww.facebook.com%2Favakmajom%2Fposts%2Fpfbid081cvDV6mugagbcWADJ6CEwKdFsCYN7pafdveA4QkdA2ApARB4uS59KKiBthG8mqHl&amp;width=750&amp;show_text=true&amp;height=678&amp;appId\"><\/iframe>&nbsp;<\/p>\n<p>A hirdet\u00e9sben k\u00fcl\u00f6n hangs\u00falyozt\u00e1k, hogy a forintban felt\u00fcntetett 376 milli\u00f3 forintos \u00e1r csup\u00e1n t\u00e1j\u00e9koztat\u00f3 jelleg\u0171, mivel a t\u00e9nyleges v\u00e9tel\u00e1r 978 ezer eur\u00f3, <strong>amelyet m\u00e9g 387 forintos eur\u00f3\u00e1rfolyamon sz\u00e1moltak ki \u2013 utolj\u00e1ra az \u00e9v elej\u00e9n volt ilyen \u00e1rfolyamon a valuta. Ha a jelenlegi \u00e1rfolyamon (k\u00f6zel 410 forint\/eur\u00f3) v\u00e1ltjuk \u00e1t, akkor a lak\u00e1s \u00e1ra m\u00e1r megk\u00f6zel\u00edti a 402 milli\u00f3 forintot, ami azt jelenti, hogy az \u00e1rfolyamgyeng\u00fcl\u00e9s miatt a v\u00e9tel\u00e1r 26 milli\u00f3 forinttal emelkedett.<\/strong><\/p>\n<div class=\"o-widget m-readMoreWidget -readMore u-shortDecorLineAfter row widget-container _ce_measure_widget bigdata-widget read-more\" data-ce-measure-widget=\"olvass tov\u00e1bb\">\n\t<div class=\"m-readMoreWidget__imgWrapper image-wrapper col-12 col-md-4 no-p\">\n\t\t<a class=\"m-readMoreWidget__imgLink\" href=\"https:\/\/www.startlap.hu\/vasarlas\/tejfol-dragulas-inflacio-sajat-markas-markazott-kulonbseg\/\" >\n\t\t\t<img decoding=\"async\" src=\"https:\/\/www.startlap.hu\/vasarlas\/uploads\/2024\/11\/GettyImages-1222182008-350x285.jpg\" class=\"m-readMoreWidget__img\">\n\t\t<\/a>\n\t<\/div>\n\t<div class=\"m-readMoreWidget__titleWrapper title-wrapper col-12 col-md-8\">\n\t\t<span class=\"m-readMoreWidget__titleLabel u-shortDecorLineBefore label hidden-sm-up\">Ez is \u00e9rdekelhet:<\/span>\n\t\t<h3 class=\"m-readMoreWidget__title title\">\n\t\t\t<a class=\"m-readMoreWidget__titleLink -secondFont u-bold u-upperCase\" href=\"https:\/\/www.startlap.hu\/vasarlas\/tejfol-dragulas-inflacio-sajat-markas-markazott-kulonbseg\/\" >Egy kil\u00f3 tejf\u00f6l\u00f6n ak\u00e1r 1600 forintot is sp\u00f3rolhatsz a boltokban<\/a>\n\t\t<\/h3>\n\t\t<a class=\"m-readMoreWidget__btn -coloredBack u-tC link\" href=\"https:\/\/www.startlap.hu\/vasarlas\/tejfol-dragulas-inflacio-sajat-markas-markazott-kulonbseg\/\" >Elolvasom<\/a>\n\t<\/div>\n<\/div>\n","protected":false},"excerpt":{"rendered":"<p>Az eur\u00f3 egyre ink\u00e1bb megjelenik Magyarorsz\u00e1gon hivatalos bevezet\u00e9s n\u00e9lk\u00fcl is, p\u00e9ld\u00e1ul az ingatlanpiacon, ahol egyes lak\u00e1sokat m\u00e1r kiz\u00e1r\u00f3lag eur\u00f3ban k\u00edn\u00e1lnak.<\/p>\n","protected":false},"author":64,"featured_media":2254422,"comment_status":"closed","ping_status":"closed","sticky":false,"template":"","format":"standard","meta":{"footnotes":""},"categories":[8180],"tags":[2481,1576,5205],"class_list":["post-2254421","post","type-post","status-publish","format-standard","has-post-thumbnail","hentry","category-trending","tag-euro","tag-ingatlanpiac","tag-valuta"],"aioseo_notices":[],"_links":{"self":[{"href":"https:\/\/www.startlap.hu\/vasarlas\/wp-json\/wp\/v2\/posts\/2254421","targetHints":{"allow":["GET"]}}],"collection":[{"href":"https:\/\/www.startlap.hu\/vasarlas\/wp-json\/wp\/v2\/posts"}],"about":[{"href":"https:\/\/www.startlap.hu\/vasarlas\/wp-json\/wp\/v2\/types\/post"}],"author":[{"embeddable":true,"href":"https:\/\/www.startlap.hu\/vasarlas\/wp-json\/wp\/v2\/users\/64"}],"replies":[{"embeddable":true,"href":"https:\/\/www.startlap.hu\/vasarlas\/wp-json\/wp\/v2\/comments?post=2254421"}],"version-history":[{"count":4,"href":"https:\/\/www.startlap.hu\/vasarlas\/wp-json\/wp\/v2\/posts\/2254421\/revisions"}],"predecessor-version":[{"id":2254437,"href":"https:\/\/www.startlap.hu\/vasarlas\/wp-json\/wp\/v2\/posts\/2254421\/revisions\/2254437"}],"wp:featuredmedia":[{"embeddable":true,"href":"https:\/\/www.startlap.hu\/vasarlas\/wp-json\/wp\/v2\/media\/2254422"}],"wp:attachment":[{"href":"https:\/\/www.startlap.hu\/vasarlas\/wp-json\/wp\/v2\/media?parent=2254421"}],"wp:term":[{"taxonomy":"category","embeddable":true,"href":"https:\/\/www.startlap.hu\/vasarlas\/wp-json\/wp\/v2\/categories?post=2254421"},{"taxonomy":"post_tag","embeddable":true,"href":"https:\/\/www.startlap.hu\/vasarlas\/wp-json\/wp\/v2\/tags?post=2254421"}],"curies":[{"name":"wp","href":"https:\/\/api.w.org\/{rel}","templated":true}]}}