{"id":2252755,"date":"2024-10-16T12:48:59","date_gmt":"2024-10-16T10:48:59","guid":{"rendered":"https:\/\/www.startlap.hu\/vasarlas\/?p=2252755"},"modified":"2024-10-16T14:09:13","modified_gmt":"2024-10-16T12:09:13","slug":"szep-kartya-lakasfelujitas-csaladi-adokedvezmeny-kormanyinfo","status":"publish","type":"post","link":"https:\/\/www.startlap.hu\/vasarlas\/szep-kartya-lakasfelujitas-csaladi-adokedvezmeny-kormanyinfo\/","title":{"rendered":"SZ\u00c9P-k\u00e1rtya: mindenkit \u00e9rint\u0151, \u00f3ri\u00e1si v\u00e1ltoz\u00e1st jelentettek be"},"content":{"rendered":"<p>&#8222;<a href=\"https:\/\/www.startlap.hu\/kiemelt-hirek\/orban-viktor-kihelyezett-frakcioules-esztergom\/\" target=\"_blank\" rel=\"noopener noreferrer\">\u00daj gazdas\u00e1gpolitik\u00e1t<\/a>&#8221; hirdetett a korm\u00e1ny, amelynek r\u00e9szleteit a szerdai <a href=\"https:\/\/www.startlap.hu\/kiemelt-hirek\/kormanyinfo-gulyas-gergely-gazdasai-akcioterv-beremeles-lakhatas-demjan-sandor-program\/\" target=\"_blank\" rel=\"noopener noreferrer\">Korm\u00e1nyinf\u00f3n<\/a> ismertette Guly\u00e1s Gergely. A minisztereln\u00f6ks\u00e9get vezet\u0151 miniszter a kedden felfogadott gazdas\u00e1gi akci\u00f3tervr\u0151l elmondta: ett\u0151l azt rem\u00e9li a korm\u00e1ny, hogy a magyar gazdas\u00e1g n\u00f6veked\u00e9se a k\u00f6vetkez\u0151 \u00e9vekben 3-6% k\u00f6z\u00e9 ker\u00fcl majd.<\/p>\n<p>Az akci\u00f3terv h\u00e1rom pill\u00e9rre \u00e9p\u00fcl:<\/p>\n<ol>\n<li>a j\u00f6vedelmek v\u00e1s\u00e1rl\u00f3erej\u00e9nek n\u00f6vel\u00e9se,<\/li>\n<li>megfizethet\u0151 lakhat\u00e1s biztos\u00edt\u00e1sa,<\/li>\n<li>Demj\u00e1n S\u00e1ndor- program, amelynek c\u00e9lja a kis- \u00e9s k\u00f6zepes v\u00e1llalkoz\u00e1sok m\u00e9ret\u00e9nek a megdupl\u00e1z\u00e1sa.<\/li>\n<\/ol>\n<p>Elhangott: a j\u00f6vedelmek v\u00e1s\u00e1rl\u00f3erej\u00e9nek n\u00f6vel\u00e9se \u00e9rdek\u00e9ben a <strong><a href=\"https:\/\/www.startlap.hu\/kiemelt-hirek\/havi-plusz-100-ezret-is-jelenthet-orban-uj-adokedvezmenye\/\" target=\"_blank\" rel=\"noopener noreferrer\">gyermekek ut\u00e1n j\u00e1r\u00f3 szja-kedvezm\u00e9nyt<\/a> megdupl\u00e1zz\u00e1k<\/strong>.<\/p>\n<blockquote class=\"article__extraTxt\"><p>Els\u0151 alkalommal 2025. j\u00falius 1-j\u00e9vel 50%-kal fog n\u0151ni a kedvezm\u00e9ny, tov\u00e1bbi 50%-kal pedig 2026. janu\u00e1s eljev\u00e9l.&nbsp;<\/p><\/blockquote>\n<figure id=\"attachment_2209263\" aria-describedby=\"caption-attachment-2209263\" style=\"width: 755px\" class=\"wp-caption alignnone\"><a href=\"https:\/\/www.startlap.hu\/vasarlas\/uploads\/2021\/08\/kartya_vasarlas_hotel.jpg\"><img loading=\"lazy\" decoding=\"async\" class=\"size-article-size-large-image wp-image-2209263\" src=\"https:\/\/www.startlap.hu\/vasarlas\/uploads\/2021\/08\/kartya_vasarlas_hotel-755x503.jpg\" alt=\"Egy n\u0151 ny\u00fajtja a bankk\u00e1rty\u00e1j\u00e1t.\" width=\"755\" height=\"503\" srcset=\"https:\/\/www.startlap.hu\/vasarlas\/uploads\/2021\/08\/kartya_vasarlas_hotel-755x503.jpg 755w, https:\/\/www.startlap.hu\/vasarlas\/uploads\/2021\/08\/kartya_vasarlas_hotel-1536x1024.jpg 1536w, https:\/\/www.startlap.hu\/vasarlas\/uploads\/2021\/08\/kartya_vasarlas_hotel-525x350.jpg 525w, https:\/\/www.startlap.hu\/vasarlas\/uploads\/2021\/08\/kartya_vasarlas_hotel.jpg 1773w\" sizes=\"auto, (max-width: 755px) 100vw, 755px\" \/><\/a><figcaption id=\"caption-attachment-2209263\" class=\"wp-caption-text\">Fot\u00f3: Getty Images<\/figcaption><\/figure>\n<p>A h\u00e1rom pill\u00e9r pedig <strong>\u00f6sszesen 21 int\u00e9zked\u00e9st tartalmaz<\/strong>. A megfizethet\u0151 lakhat\u00e1ssal kapcsolatban a k\u00f6vetkez\u0151 int\u00e9zked\u00e9sek bevezet\u00e9se v\u00e1rhat\u00f3:<\/p>\n<ul>\n<li>vid\u00e9ki otthonfel\u00faj\u00edt\u00e1si programot ind\u00edtanak;<\/li>\n<li><strong>lehet\u0151v\u00e9 teszik a <a href=\"https:\/\/www.startlap.hu\/vasarlas\/szep-kartya-hatarido-levonas\/\" target=\"_blank\" rel=\"noopener noreferrer\">SZ\u00c9P-k\u00e1rty\u00e1ra<\/a> \u00e9rkez\u0151 juttat\u00e1sok 50%-nak \u00e1tmeneti, lak\u00e1sfel\u00faj\u00edt\u00e1sra val\u00f3 felhaszn\u00e1l\u00e1s\u00e1t<\/strong>, valamint az \u00f6nk\u00e9ntes nyugd\u00edjp\u00e9nzt\u00e1ri megtakar\u00edt\u00e1sok \u00f6nk\u00e9ntes d\u00f6nt\u00e9sen alapul\u00f3 \u00e1tmeneti, lak\u00e1sc\u00e9l\u00fa felhaszn\u00e1l\u00e1s\u00e1t;<\/li>\n<li>a munk\u00e1ltat\u00f3 \u00e1ltal adhat\u00f3 lakhat\u00e1si t\u00e1mogat\u00e1sra ad\u00f3kedvezm\u00e9nyt adnak;<\/li>\n<li>az \u00faj lak\u00f3ingatlanok \u00e9rt\u00e9kes\u00edt\u00e9s\u00e9re vonatkoz\u00f3, eddig is l\u00e9tez\u0151, kedvezm\u00e9nyes, 5%-os&nbsp; \u00c1fa-kulcsot legal\u00e1bb 2026 v\u00e9g\u00e9ig fenntartj\u00e1k.<\/li>\n<\/ul>\n<div class=\"o-widget m-readMoreWidget -readMore u-shortDecorLineAfter row widget-container _ce_measure_widget bigdata-widget read-more\" data-ce-measure-widget=\"olvass tov\u00e1bb\">\n\t<div class=\"m-readMoreWidget__imgWrapper image-wrapper col-12 col-md-4 no-p\">\n\t\t<a class=\"m-readMoreWidget__imgLink\" href=\"https:\/\/www.startlap.hu\/vasarlas\/tuzifa-tarolas-teli-szezon-futes\/\" >\n\t\t\t<img decoding=\"async\" src=\"https:\/\/www.startlap.hu\/vasarlas\/uploads\/2024\/10\/GettyImages-997891176_11zon-350x285.jpg\" class=\"m-readMoreWidget__img\">\n\t\t<\/a>\n\t<\/div>\n\t<div class=\"m-readMoreWidget__titleWrapper title-wrapper col-12 col-md-8\">\n\t\t<span class=\"m-readMoreWidget__titleLabel u-shortDecorLineBefore label hidden-sm-up\">Ez is \u00e9rdekelhet:<\/span>\n\t\t<h3 class=\"m-readMoreWidget__title title\">\n\t\t\t<a class=\"m-readMoreWidget__titleLink -secondFont u-bold u-upperCase\" href=\"https:\/\/www.startlap.hu\/vasarlas\/tuzifa-tarolas-teli-szezon-futes\/\" >Dr\u00e1ga mulats\u00e1g lehet a t\u0171zifa t\u00e1rol\u00e1sa, ha nem vigy\u00e1zunk<\/a>\n\t\t<\/h3>\n\t\t<a class=\"m-readMoreWidget__btn -coloredBack u-tC link\" href=\"https:\/\/www.startlap.hu\/vasarlas\/tuzifa-tarolas-teli-szezon-futes\/\" >Elolvasom<\/a>\n\t<\/div>\n<\/div>\n","protected":false},"excerpt":{"rendered":"<p>A megfizethet\u0151 lakhat\u00e1s biztos\u00edt\u00e1s\u00e1nak \u00e9rdek\u00e9ben a korm\u00e1ny hozz\u00e1ny\u00fal a SZ\u00c9P-k\u00e1rty\u00e1khoz. Mutatjuk, milyen v\u00e1ltoz\u00e1sokra sz\u00e1m\u00edthatnak az \u00e9rintettek.<\/p>\n","protected":false},"author":7,"featured_media":2209263,"comment_status":"closed","ping_status":"closed","sticky":false,"template":"","format":"standard","meta":{"footnotes":""},"categories":[8180],"tags":[18391,7782,1561,3258],"class_list":["post-2252755","post","type-post","status-publish","format-standard","has-post-thumbnail","hentry","category-trending","tag-csaladi-adokedvezmeny","tag-kormanyinfo","tag-lakasfelujitas","tag-szep-kartya"],"aioseo_notices":[],"_links":{"self":[{"href":"https:\/\/www.startlap.hu\/vasarlas\/wp-json\/wp\/v2\/posts\/2252755","targetHints":{"allow":["GET"]}}],"collection":[{"href":"https:\/\/www.startlap.hu\/vasarlas\/wp-json\/wp\/v2\/posts"}],"about":[{"href":"https:\/\/www.startlap.hu\/vasarlas\/wp-json\/wp\/v2\/types\/post"}],"author":[{"embeddable":true,"href":"https:\/\/www.startlap.hu\/vasarlas\/wp-json\/wp\/v2\/users\/7"}],"replies":[{"embeddable":true,"href":"https:\/\/www.startlap.hu\/vasarlas\/wp-json\/wp\/v2\/comments?post=2252755"}],"version-history":[{"count":4,"href":"https:\/\/www.startlap.hu\/vasarlas\/wp-json\/wp\/v2\/posts\/2252755\/revisions"}],"predecessor-version":[{"id":2252759,"href":"https:\/\/www.startlap.hu\/vasarlas\/wp-json\/wp\/v2\/posts\/2252755\/revisions\/2252759"}],"wp:featuredmedia":[{"embeddable":true,"href":"https:\/\/www.startlap.hu\/vasarlas\/wp-json\/wp\/v2\/media\/2209263"}],"wp:attachment":[{"href":"https:\/\/www.startlap.hu\/vasarlas\/wp-json\/wp\/v2\/media?parent=2252755"}],"wp:term":[{"taxonomy":"category","embeddable":true,"href":"https:\/\/www.startlap.hu\/vasarlas\/wp-json\/wp\/v2\/categories?post=2252755"},{"taxonomy":"post_tag","embeddable":true,"href":"https:\/\/www.startlap.hu\/vasarlas\/wp-json\/wp\/v2\/tags?post=2252755"}],"curies":[{"name":"wp","href":"https:\/\/api.w.org\/{rel}","templated":true}]}}