{"id":2251823,"date":"2024-09-21T12:52:47","date_gmt":"2024-09-21T10:52:47","guid":{"rendered":"https:\/\/www.startlap.hu\/vasarlas\/?p=2251823"},"modified":"2024-09-23T08:14:32","modified_gmt":"2024-09-23T06:14:32","slug":"alza-uj-uzlet-magyarorszag","status":"publish","type":"post","link":"https:\/\/www.startlap.hu\/vasarlas\/alza-uj-uzlet-magyarorszag\/","title":{"rendered":"\u00daj \u00fczletet nyit Magyarorsz\u00e1gon az Alza"},"content":{"rendered":"<p>P\u00e9ntekt\u0151l m\u00e1r Bud\u00e1n is v\u00e1rja a v\u00e1s\u00e1rl\u00f3kat az Alza.hu leg\u00fajabb egys\u00e9ge &#8211; \u00edrja az <strong><a href=\"https:\/\/www.hirstart.hu\/site\/relocate.php?rssid=461&amp;rsspid=3&amp;ctype=rss&amp;id=32914393&amp;chk=9b8b68111cded9bde42366e496cc6047&amp;url=https%3A%2F%2Fmmonline.hu%2Fcikk%2Fuj-uzletet-nyit-az-alza%2F\" target=\"_blank\" target=\"_blank\" rel=\"noopener noreferrer\">Mmonline.hu<\/a><\/strong>.&nbsp; Ez a c\u00e9g els\u0151 \u00fczlete a f\u0151v\u00e1rosban a budai oldalon, amely a Feh\u00e9rv\u00e1ri \u00fat 23 sz\u00e1m alatt tal\u00e1lhat\u00f3, az \u00dajbuda-k\u00f6zpont metr\u00f3meg\u00e1ll\u00f3 mellett k\u00f6zvetlen\u00fcl.&nbsp;<\/p>\n<p>A v\u00e1llalat magyarorsz\u00e1gi \u00fcgyvezet\u0151je, Forr\u00e1s \u00c1kos szerint az \u00fczletet mindenk\u00e9ppen forgalmas, k\u00f6nnyen megk\u00f6zel\u00edthet\u0151 helyen szerett\u00e9k volna nyitni. De nemcsak \u00e9rt\u00e9kes\u00edteni fognak, mivel lesz szerviz szolg\u00e1ltat\u00e1s, szaktan\u00e1csad\u00e1s is. Itt is nyitva lesznek a h\u00e9t minden napj\u00e1n, \u00edgy vas\u00e1rnap is.&nbsp;<\/p>\n<figure id=\"attachment_2251829\" aria-describedby=\"caption-attachment-2251829\" style=\"width: 755px\" class=\"wp-caption alignnone\"><a href=\"https:\/\/www.startlap.hu\/vasarlas\/uploads\/2024\/09\/nyitva_uzlet_bolt.jpg\"><img loading=\"lazy\" decoding=\"async\" class=\"size-article-size-large-image wp-image-2251829\" src=\"https:\/\/www.startlap.hu\/vasarlas\/uploads\/2024\/09\/nyitva_uzlet_bolt-755x503.jpg\" alt=\"Egy angolnyelv\u0171 &quot;nyitva&quot; t\u00e1bla\" width=\"755\" height=\"503\" srcset=\"https:\/\/www.startlap.hu\/vasarlas\/uploads\/2024\/09\/nyitva_uzlet_bolt-755x503.jpg 755w, https:\/\/www.startlap.hu\/vasarlas\/uploads\/2024\/09\/nyitva_uzlet_bolt-525x350.jpg 525w, https:\/\/www.startlap.hu\/vasarlas\/uploads\/2024\/09\/nyitva_uzlet_bolt.jpg 1200w\" sizes=\"auto, (max-width: 755px) 100vw, 755px\" \/><\/a><figcaption id=\"caption-attachment-2251829\" class=\"wp-caption-text\">Fot\u00f3: Getty Images<\/figcaption><\/figure>\n<p>B\u00e1r a c\u00e9g els\u0151sorban <strong><a href=\"https:\/\/www.startlap.hu\/vasarlas\/otp-fizz-webaruhaz-aruhitel-sajtotajekoztato\/\" target=\"_blank\" rel=\"noopener noreferrer\">web\u00e1ruh\u00e1zk\u00e9nt<\/a><\/strong> \u00fczemel, a v\u00e1s\u00e1rl\u00e1sok 30 sz\u00e1zal\u00e9ka t\u00f6rt\u00e9nik most is bolti \u00e1tv\u00e9tellel. Ezt a v\u00e1s\u00e1rl\u00f3i r\u00e9teget megc\u00e9lozva a budai egys\u00e9g\u00fckben 1500 term\u00e9ket tettek azonnal el\u00e9rhet\u0151v\u00e9. Az Alza r\u00e1ad\u00e1sul a h\u00e9tv\u00e9geken is kisz\u00e1ll\u00edtja az \u00fczletekbe a rakt\u00e1raib\u00f3l megrendelt term\u00e9keket.<\/p>\n<div class=\"o-widget m-readMoreWidget -readMore u-shortDecorLineAfter row widget-container _ce_measure_widget bigdata-widget read-more\" data-ce-measure-widget=\"olvass tov\u00e1bb\">\n\t<div class=\"m-readMoreWidget__imgWrapper image-wrapper col-12 col-md-4 no-p\">\n\t\t<a class=\"m-readMoreWidget__imgLink\" href=\"https:\/\/www.startlap.hu\/vasarlas\/magyarorszag-kiskereskedelem-fizetes-arany\/\" >\n\t\t\t<img decoding=\"async\" src=\"https:\/\/www.startlap.hu\/vasarlas\/uploads\/2024\/08\/bolt-350x285.jpg\" class=\"m-readMoreWidget__img\">\n\t\t<\/a>\n\t<\/div>\n\t<div class=\"m-readMoreWidget__titleWrapper title-wrapper col-12 col-md-8\">\n\t\t<span class=\"m-readMoreWidget__titleLabel u-shortDecorLineBefore label hidden-sm-up\">Ez is \u00e9rdekelhet:<\/span>\n\t\t<h3 class=\"m-readMoreWidget__title title\">\n\t\t\t<a class=\"m-readMoreWidget__titleLink -secondFont u-bold u-upperCase\" href=\"https:\/\/www.startlap.hu\/vasarlas\/magyarorszag-kiskereskedelem-fizetes-arany\/\" >Boltokban k\u00f6ltik el a legt\u00f6bb p\u00e9nzt a magyarok<\/a>\n\t\t<\/h3>\n\t\t<a class=\"m-readMoreWidget__btn -coloredBack u-tC link\" href=\"https:\/\/www.startlap.hu\/vasarlas\/magyarorszag-kiskereskedelem-fizetes-arany\/\" >Elolvasom<\/a>\n\t<\/div>\n<\/div>\n","protected":false},"excerpt":{"rendered":"<p>Az Alza.hu m\u0171szak web\u00e1ruh\u00e1z m\u00e1r a negyedik magyarorsz\u00e1gi boltj\u00e1t nyitja az online t\u00e9ren k\u00edv\u00fcl, ism\u00e9t a magyar f\u0151v\u00e1rosban, ez\u00fattal Bud\u00e1n.<\/p>\n","protected":false},"author":8,"featured_media":2251829,"comment_status":"closed","ping_status":"closed","sticky":false,"template":"","format":"standard","meta":{"footnotes":""},"categories":[8180],"tags":[13449,15699],"class_list":["post-2251823","post","type-post","status-publish","format-standard","has-post-thumbnail","hentry","category-trending","tag-alza","tag-uzletnyitas"],"aioseo_notices":[],"_links":{"self":[{"href":"https:\/\/www.startlap.hu\/vasarlas\/wp-json\/wp\/v2\/posts\/2251823","targetHints":{"allow":["GET"]}}],"collection":[{"href":"https:\/\/www.startlap.hu\/vasarlas\/wp-json\/wp\/v2\/posts"}],"about":[{"href":"https:\/\/www.startlap.hu\/vasarlas\/wp-json\/wp\/v2\/types\/post"}],"author":[{"embeddable":true,"href":"https:\/\/www.startlap.hu\/vasarlas\/wp-json\/wp\/v2\/users\/8"}],"replies":[{"embeddable":true,"href":"https:\/\/www.startlap.hu\/vasarlas\/wp-json\/wp\/v2\/comments?post=2251823"}],"version-history":[{"count":8,"href":"https:\/\/www.startlap.hu\/vasarlas\/wp-json\/wp\/v2\/posts\/2251823\/revisions"}],"predecessor-version":[{"id":2251905,"href":"https:\/\/www.startlap.hu\/vasarlas\/wp-json\/wp\/v2\/posts\/2251823\/revisions\/2251905"}],"wp:featuredmedia":[{"embeddable":true,"href":"https:\/\/www.startlap.hu\/vasarlas\/wp-json\/wp\/v2\/media\/2251829"}],"wp:attachment":[{"href":"https:\/\/www.startlap.hu\/vasarlas\/wp-json\/wp\/v2\/media?parent=2251823"}],"wp:term":[{"taxonomy":"category","embeddable":true,"href":"https:\/\/www.startlap.hu\/vasarlas\/wp-json\/wp\/v2\/categories?post=2251823"},{"taxonomy":"post_tag","embeddable":true,"href":"https:\/\/www.startlap.hu\/vasarlas\/wp-json\/wp\/v2\/tags?post=2251823"}],"curies":[{"name":"wp","href":"https:\/\/api.w.org\/{rel}","templated":true}]}}