{"id":2250783,"date":"2024-08-15T18:09:36","date_gmt":"2024-08-15T16:09:36","guid":{"rendered":"https:\/\/www.startlap.hu\/vasarlas\/?p=2250783"},"modified":"2024-08-15T18:09:36","modified_gmt":"2024-08-15T16:09:36","slug":"meki-nyugati-felujitas-ujranyitas-fotok","status":"publish","type":"post","link":"https:\/\/www.startlap.hu\/vasarlas\/meki-nyugati-felujitas-ujranyitas-fotok\/","title":{"rendered":"\u00dajranyitott a Nyugati t\u00e9ri McDonald\u2019s: \u00edgy n\u00e9z ki a fel\u00faj\u00edt\u00e1s ut\u00e1n"},"content":{"rendered":"<p>A helysz\u00ednen tartott sajt\u00f3t\u00e1j\u00e9koztat\u00f3n \u00c9gi Zsolt, a Progress \u00c9tteremh\u00e1l\u00f3zat Kft. \u00fcgyvezet\u0151je elmondta, hogy a Nyugati t\u00e9ri \u00e9tterem \u00fajranyit\u00e1s\u00e1val lez\u00e1rul a c\u00e9g 2019-ben meghirdetett fel\u00faj\u00edt\u00e1si programja.<\/p>\n<p>A fel\u00faj\u00edtott \u00e9tterem sajt\u00f3bej\u00e1r\u00e1s\u00e1n elhangzott, hogy 1990-ben ny\u00edlt meg a Nyugati t\u00e9ri McDonald&#8217;s, amelyet legut\u00f3bb 2010-ben alak\u00edtottak \u00e1t.<\/p>\n<blockquote class=\"article__extraTxt\"><p>Az elm\u00falt t\u00f6bb mint f\u00e9l \u00e9vben v\u00e9gzett fel\u00faj\u00edt\u00e1si munk\u00e1latok sor\u00e1n a m\u00e1r megl\u00e9v\u0151 gal\u00e9ria mellett egy m\u00e1sodik gal\u00e9ria szintet is kialak\u00edtottak<\/p><\/blockquote>\n<p>, \u00edgy a terasszal egy\u00fctt a f\u00e9r\u0151helyek sz\u00e1ma meghaladja a 280-at.<\/p>\n\n\t<div id=\"cegPostCnt_1\" class=\"o-cegPostCnt -inContent\" data-title=\"\u00dajranyitott a Nyugati t\u00e9ri McDonald\u2019s: \u00edgy n\u00e9z ki a fel\u00faj\u00edt\u00e1s ut\u00e1n\">\n\t\t<a class=\"o-cegPostCnt__opener m-cegOpener _ce_measure_widget _ce_measure_link\" data-ce-measure-widget=\"gallery-open\"\n   href=\"?gallery=1\/1\/D_MTZ20240815008_11zon-scaled\">\n\t<img decoding=\"async\" src=\"https:\/\/www.startlap.hu\/vasarlas\/uploads\/2024\/08\/D_MTZ20240815008_11zon-scaled.jpg\" class=\"m-cegOpener__image\" alt=\"A fel\u00faj\u00edtott Nyugati t\u00e9ri Mcdonalds \u00e9tterem\" sizes=\"(max-width: 991px) 100vw, (max-width: 1039px) 66vw, 684px\" srcset=\"https:\/\/www.startlap.hu\/vasarlas\/uploads\/2024\/08\/D_MTZ20240815008_11zon-scaled.jpg 2560w, https:\/\/www.startlap.hu\/vasarlas\/uploads\/2024\/08\/D_MTZ20240815008_11zon-1536x1022.jpg 1536w, https:\/\/www.startlap.hu\/vasarlas\/uploads\/2024\/08\/D_MTZ20240815008_11zon-2048x1362.jpg 2048w, https:\/\/www.startlap.hu\/vasarlas\/uploads\/2024\/08\/D_MTZ20240815008_11zon-755x502.jpg 755w, https:\/\/www.startlap.hu\/vasarlas\/uploads\/2024\/08\/D_MTZ20240815008_11zon-250x165.jpg 250w, https:\/\/www.startlap.hu\/vasarlas\/uploads\/2024\/08\/D_MTZ20240815008_11zon-526x350.jpg 526w\" \/>\t<div class=\"m-cegOpener__btn\"><i class=\"far fa-clone\"><\/i><\/div>\n<\/a>\n<div class=\"o-cegPostCnt__layer m-cegLayer _ce_measure_widget\" data-ce-measure-widget=\"gallery-layer\" style=\"display: none\">\n\t<div class=\"m-cegLayer__top m-cegHeader _ce_measure_widget\" data-ce-measure-widget=\"gallery-header\">\n\t\t\t\t\t<span class=\"m-cegHeader__logo\"><span class=\"a-cegLogo\"><\/span><\/span>\n\t\t\t\t<div class=\"m-cegHeader__imgCnt\">\n\t\t\t<img decoding=\"async\" src=\"https:\/\/www.startlap.hu\/vasarlas\/uploads\/2024\/08\/D_MTZ20240815008_11zon-scaled.jpg\" class=\"m-cegHeader__imgOpener\" alt=\"A fel\u00faj\u00edtott Nyugati t\u00e9ri Mcdonalds \u00e9tterem\" \/>\t\t<\/div>\n\t\t<h2 class=\"m-cegHeader__title a-cegGalleryTitle\"><i class=\"fa fa-angle-left\"><\/i>\u00dajranyitott a Nyugati t\u00e9ri McDonald\u2019s: \u00edgy n\u00e9z ki a fel\u00faj\u00edt\u00e1s ut\u00e1n<\/h2>\n\t\t<div class=\"m-cegHeader__pagination a-cegPagination\"><\/div>\n\t\t<div class=\"m-cegHeader__closeBtn close-button nlc-icon-close _ce_measure_link _ce_measure_widget\" data-ce-measure-widget=\"gallery-close-btn\"><i class=\"fa fa-times\" aria-hidden=\"true\"><\/i><\/div>\n\t<\/div>\n\t<div class=\"m-cegLayer__screen\">\n\t\t<div class=\"m-cegLayer__carousel m-cegCarousel\">\n\t\t\t\t\t\t\t\n\t\t\t\t<div\n\t\t\t\t\tclass=\"m-cegCarousel__item\"\n\t\t\t\t\tdata-type=\"image\"\n\t\t\t\t\tdata-id=\"1\/1\/D_MTZ20240815008_11zon-scaled\"\n\t\t\t\t\tdata-image-url=\"https:\/\/www.startlap.hu\/vasarlas\/uploads\/2024\/08\/D_MTZ20240815008_11zon-scaled.jpg\"\n\t\t\t\t\tdata-title=\"nyugati mcdonalds\"\n\t\t\t\t\tdata-desc=\"A Nyugati t\u00e9ren tal\u00e1lhat\u00f3 \u00e9tteremben t\u00fckr\u00f6s \u00fcvegfel\u00fcletek, r\u00e9zburkolat\u00fa l\u00e1mpatestek \u00e9s speci\u00e1lis b\u00fatorelemek is vannak. Fot\u00f3: M\u00e1th\u00e9 Zolt\u00e1n\/ MTI\">\n\n\t\t\t\t\t<!-- image -->\n\t\t\t\t\t<div class=\"m-cegCarousel__floatingCnt\">\n\t\t\t\t\t\t<img decoding=\"async\" src=\"https:\/\/www.startlap.hu\/vasarlas\/uploads\/2024\/08\/D_MTZ20240815008_11zon-scaled.jpg\" class=\"m-cegCarousel__image\" alt=\"A fel\u00faj\u00edtott Nyugati t\u00e9ri Mcdonalds \u00e9tterem\" \/>\t\t\t\t\t\t<span class=\"fa m-cegCarousel__zoom _ce_measure_link _ce_measure_widget\" data-ce-measure-widget=\"gallery-zoom-btn\"><\/span>\n\t\t\t\t\t<\/div>\n\n\t\t\t\t\t<!-- thumb icon \/ counter, caption  -->\n\t\t\t\t\t<div class=\"m-cegCarousel__captionCnt m-cegCaption\">\n\t\t\t\t\t\t<span class=\"m-cegCaption__thumbIcon a-cegThumbIcon _ce_measure_widget _ce_measure_link\"\n\t\t\t\t\t\t\t  data-ce-measure-widget=\"thumbnails-btn\"\n\t\t\t\t\t\t\t  data-ce-measure-widget=\"gallery-thumbnails\"><i class=\" fa fa-th-large\"><\/i><\/span>\n\t\t\t\t\t\t<span class=\"m-cegCaption__pagination a-cegPagination\">\n\t\t\t\t\t\t\t<span class=\"a-cegPagination__current\">1<\/span>\/6\t\t\t\t\t\t<\/span>\n\t\t\t\t\t\t<span class=\"m-cegCaption__caption\">nyugati mcdonalds<\/span>\n\t\t\t\t\t<\/div>\n\n\t\t\t\t\t<!-- Image description -->\n\t\t\t\t\t<div class=\"m-cegCarousel__desc a-cegDesc\">A Nyugati t\u00e9ren tal\u00e1lhat\u00f3 \u00e9tteremben t\u00fckr\u00f6s \u00fcvegfel\u00fcletek, r\u00e9zburkolat\u00fa l\u00e1mpatestek \u00e9s speci\u00e1lis b\u00fatorelemek is vannak. Fot\u00f3: M\u00e1th\u00e9 Zolt\u00e1n\/ MTI<\/div>\n\n\t\t\t\t\t<!-- Image social share icons -->\n\t\t\t\t\t<div class=\"m-cegCarousel__socialCnt m-cegSocial\">\n\t\t\t\t\t\t<span class=\"m-cegSocial__text\">Fot\u00f3 megoszt\u00e1sa:<\/span><span class=\"m-cegSocial__iconWrap\"><span class=\"m-cegSocial__icon -facebook _ce_measure_link _ce_measure_widget\" data-ce-measure-widget=\"facebookGallery-btn\"><i class=\"fab fa-facebook-f\"><\/i><\/span><span class=\"m-cegSocial__icon -pinterest _ce_measure_link _ce_measure_widget\" data-ce-measure-widget=\"printeresGallery-btn\"><i class=\"fab fa-pinterest-p\"><\/i><\/span><span class=\"m-cegSocial__icon -email _ce_measure_link _ce_measure_widget\" data-ce-measure-widget=\"emailGallery-btn\"><i class=\"far fa-envelope\"><\/i><\/span><span class=\"m-cegSocial__icon -clipboard _ce_measure_link _ce_measure_widget\" data-ce-measure-widget=\"clipboardGallery-btn\"><i class=\"fa fa-link\"><\/i><\/span><\/span>\t\t\t\t\t<\/div>\n\t\t\t\t<\/div>\n\t\t\t\t\t\t\t\n\t\t\t\t<div\n\t\t\t\t\tclass=\"m-cegCarousel__item\"\n\t\t\t\t\tdata-type=\"image\"\n\t\t\t\t\tdata-id=\"1\/2\/D_MTZ20240815005_11zon-1-scaled\"\n\t\t\t\t\tdata-image-url=\"https:\/\/www.startlap.hu\/vasarlas\/uploads\/2024\/08\/D_MTZ20240815005_11zon-1-scaled.jpg\"\n\t\t\t\t\tdata-title=\"nyugati mcdonalds\"\n\t\t\t\t\tdata-desc=\" Az \u00e9tterem enteri\u0151rje egy ausztr\u00e1l diz\u00e1jnst\u00fadi\u00f3, a Landini tervei alapj\u00e1n k\u00e9sz\u00fclt Fot\u00f3: MTI\/ M\u00e1th\u00e9 Zolt\u00e1n\">\n\n\t\t\t\t\t<!-- image -->\n\t\t\t\t\t<div class=\"m-cegCarousel__floatingCnt\">\n\t\t\t\t\t\t<img decoding=\"async\" src=\"https:\/\/www.startlap.hu\/vasarlas\/uploads\/2024\/08\/D_MTZ20240815005_11zon-1-scaled.jpg\" class=\"m-cegCarousel__image\" alt=\"A fel\u00faj\u00edtott Nyugati t\u00e9ri Mcdonalds \u00e9tterem\" \/>\t\t\t\t\t\t<span class=\"fa m-cegCarousel__zoom _ce_measure_link _ce_measure_widget\" data-ce-measure-widget=\"gallery-zoom-btn\"><\/span>\n\t\t\t\t\t<\/div>\n\n\t\t\t\t\t<!-- thumb icon \/ counter, caption  -->\n\t\t\t\t\t<div class=\"m-cegCarousel__captionCnt m-cegCaption\">\n\t\t\t\t\t\t<span class=\"m-cegCaption__thumbIcon a-cegThumbIcon _ce_measure_widget _ce_measure_link\"\n\t\t\t\t\t\t\t  data-ce-measure-widget=\"thumbnails-btn\"\n\t\t\t\t\t\t\t  data-ce-measure-widget=\"gallery-thumbnails\"><i class=\" fa fa-th-large\"><\/i><\/span>\n\t\t\t\t\t\t<span class=\"m-cegCaption__pagination a-cegPagination\">\n\t\t\t\t\t\t\t<span class=\"a-cegPagination__current\">2<\/span>\/6\t\t\t\t\t\t<\/span>\n\t\t\t\t\t\t<span class=\"m-cegCaption__caption\">nyugati mcdonalds<\/span>\n\t\t\t\t\t<\/div>\n\n\t\t\t\t\t<!-- Image description -->\n\t\t\t\t\t<div class=\"m-cegCarousel__desc a-cegDesc\"> Az \u00e9tterem enteri\u0151rje egy ausztr\u00e1l diz\u00e1jnst\u00fadi\u00f3, a Landini tervei alapj\u00e1n k\u00e9sz\u00fclt Fot\u00f3: MTI\/ M\u00e1th\u00e9 Zolt\u00e1n<\/div>\n\n\t\t\t\t\t<!-- Image social share icons -->\n\t\t\t\t\t<div class=\"m-cegCarousel__socialCnt m-cegSocial\">\n\t\t\t\t\t\t<span class=\"m-cegSocial__text\">Fot\u00f3 megoszt\u00e1sa:<\/span><span class=\"m-cegSocial__iconWrap\"><span class=\"m-cegSocial__icon -facebook _ce_measure_link _ce_measure_widget\" data-ce-measure-widget=\"facebookGallery-btn\"><i class=\"fab fa-facebook-f\"><\/i><\/span><span class=\"m-cegSocial__icon -pinterest _ce_measure_link _ce_measure_widget\" data-ce-measure-widget=\"printeresGallery-btn\"><i class=\"fab fa-pinterest-p\"><\/i><\/span><span class=\"m-cegSocial__icon -email _ce_measure_link _ce_measure_widget\" data-ce-measure-widget=\"emailGallery-btn\"><i class=\"far fa-envelope\"><\/i><\/span><span class=\"m-cegSocial__icon -clipboard _ce_measure_link _ce_measure_widget\" data-ce-measure-widget=\"clipboardGallery-btn\"><i class=\"fa fa-link\"><\/i><\/span><\/span>\t\t\t\t\t<\/div>\n\t\t\t\t<\/div>\n\t\t\t\t\t\t\t\n\t\t\t\t<div\n\t\t\t\t\tclass=\"m-cegCarousel__item\"\n\t\t\t\t\tdata-type=\"image\"\n\t\t\t\t\tdata-id=\"1\/3\/D_MTZ20240815007_11zon-scaled\"\n\t\t\t\t\tdata-image-url=\"https:\/\/www.startlap.hu\/vasarlas\/uploads\/2024\/08\/D_MTZ20240815007_11zon-scaled.jpg\"\n\t\t\t\t\tdata-title=\"nyugati mcdonalds\"\n\t\t\t\t\tdata-desc=\"Az \u00fajranyitott \u00e9tteremben a term\u00e9kek egy \u00e9telsz\u00e1ll\u00edt\u00f3 szalagon k\u00f6zlekednek a konyha k\u00e9t szintje k\u00f6z\u00f6tt, amit egy \u00fcvegdobozon kereszt\u00fcl mi is megn\u00e9zhet\u00fcnk. Fot\u00f3: M\u00e1th\u00e9 Zolt\u00e1n\/ MTI\n\">\n\n\t\t\t\t\t<!-- image -->\n\t\t\t\t\t<div class=\"m-cegCarousel__floatingCnt\">\n\t\t\t\t\t\t<img decoding=\"async\" src=\"https:\/\/www.startlap.hu\/vasarlas\/uploads\/2024\/08\/D_MTZ20240815007_11zon-scaled.jpg\" class=\"m-cegCarousel__image\" alt=\"A fel\u00faj\u00edtott Nyugati t\u00e9ri Mcdonalds \u00e9tterem\" \/>\t\t\t\t\t\t<span class=\"fa m-cegCarousel__zoom _ce_measure_link _ce_measure_widget\" data-ce-measure-widget=\"gallery-zoom-btn\"><\/span>\n\t\t\t\t\t<\/div>\n\n\t\t\t\t\t<!-- thumb icon \/ counter, caption  -->\n\t\t\t\t\t<div class=\"m-cegCarousel__captionCnt m-cegCaption\">\n\t\t\t\t\t\t<span class=\"m-cegCaption__thumbIcon a-cegThumbIcon _ce_measure_widget _ce_measure_link\"\n\t\t\t\t\t\t\t  data-ce-measure-widget=\"thumbnails-btn\"\n\t\t\t\t\t\t\t  data-ce-measure-widget=\"gallery-thumbnails\"><i class=\" fa fa-th-large\"><\/i><\/span>\n\t\t\t\t\t\t<span class=\"m-cegCaption__pagination a-cegPagination\">\n\t\t\t\t\t\t\t<span class=\"a-cegPagination__current\">3<\/span>\/6\t\t\t\t\t\t<\/span>\n\t\t\t\t\t\t<span class=\"m-cegCaption__caption\">nyugati mcdonalds<\/span>\n\t\t\t\t\t<\/div>\n\n\t\t\t\t\t<!-- Image description -->\n\t\t\t\t\t<div class=\"m-cegCarousel__desc a-cegDesc\">Az \u00fajranyitott \u00e9tteremben a term\u00e9kek egy \u00e9telsz\u00e1ll\u00edt\u00f3 szalagon k\u00f6zlekednek a konyha k\u00e9t szintje k\u00f6z\u00f6tt, amit egy \u00fcvegdobozon kereszt\u00fcl mi is megn\u00e9zhet\u00fcnk. Fot\u00f3: M\u00e1th\u00e9 Zolt\u00e1n\/ MTI\n<\/div>\n\n\t\t\t\t\t<!-- Image social share icons -->\n\t\t\t\t\t<div class=\"m-cegCarousel__socialCnt m-cegSocial\">\n\t\t\t\t\t\t<span class=\"m-cegSocial__text\">Fot\u00f3 megoszt\u00e1sa:<\/span><span class=\"m-cegSocial__iconWrap\"><span class=\"m-cegSocial__icon -facebook _ce_measure_link _ce_measure_widget\" data-ce-measure-widget=\"facebookGallery-btn\"><i class=\"fab fa-facebook-f\"><\/i><\/span><span class=\"m-cegSocial__icon -pinterest _ce_measure_link _ce_measure_widget\" data-ce-measure-widget=\"printeresGallery-btn\"><i class=\"fab fa-pinterest-p\"><\/i><\/span><span class=\"m-cegSocial__icon -email _ce_measure_link _ce_measure_widget\" data-ce-measure-widget=\"emailGallery-btn\"><i class=\"far fa-envelope\"><\/i><\/span><span class=\"m-cegSocial__icon -clipboard _ce_measure_link _ce_measure_widget\" data-ce-measure-widget=\"clipboardGallery-btn\"><i class=\"fa fa-link\"><\/i><\/span><\/span>\t\t\t\t\t<\/div>\n\t\t\t\t<\/div>\n\t\t\t\t\t\t\t\t\t\t\t\t<div\n\t\t\t\t\t\tclass=\"m-cegCarousel__item -banner\"\n\t\t\t\t\t\tdata-type=\"banner\"\n\t\t\t\t\t\tdata-id=\"1\/4\/banner\"\n\t\t\t\t\t\tdata-image-url=\"\"\n\t\t\t\t\t\tdata-title=\"\"\n\t\t\t\t\t\tdata-desc=\"\">\n\n\t\t\t\t\t\t<div class=\"m-cegCarousel__floatingCnt banner-container gallery-content010\"><\/div>\n\n\t\t\t\t\t<\/div>\n\t\t\t\t\t\t\t\t\t\n\t\t\t\t<div\n\t\t\t\t\tclass=\"m-cegCarousel__item\"\n\t\t\t\t\tdata-type=\"image\"\n\t\t\t\t\tdata-id=\"1\/5\/D_MTZ20240815006_11zon-scaled\"\n\t\t\t\t\tdata-image-url=\"https:\/\/www.startlap.hu\/vasarlas\/uploads\/2024\/08\/D_MTZ20240815006_11zon-scaled.jpg\"\n\t\t\t\t\tdata-title=\"nyugati mcdonalds\"\n\t\t\t\t\tdata-desc=\"Az \u00e1talak\u00edt\u00e1s sor\u00e1n a vend\u00e9gt\u00e9r kor\u00e1bbi l\u00e9pcs\u0151zetes kialak\u00edt\u00e1s\u00e1t elt\u00e1vol\u00edtott\u00e1k, \u00e9s a McCaf\u00e9 a gal\u00e9riaszintr\u0151l az bej\u00e1rat bal oldal\u00e1ra ker\u00fclt \u00e1t, \u00edgy a fels\u0151 szint teljes eg\u00e9sz\u00e9ben a vend\u00e9gek rendelkez\u00e9s\u00e9re \u00e1ll majd. Fot\u00f3: M\u00e1th\u00e9 Zolt\u00e1n\/ MTI\">\n\n\t\t\t\t\t<!-- image -->\n\t\t\t\t\t<div class=\"m-cegCarousel__floatingCnt\">\n\t\t\t\t\t\t<img decoding=\"async\" src=\"https:\/\/www.startlap.hu\/vasarlas\/uploads\/2024\/08\/D_MTZ20240815006_11zon-scaled.jpg\" class=\"m-cegCarousel__image\" alt=\"A fel\u00faj\u00edtott Nyugati t\u00e9ri Mcdonalds \u00e9tterem\" \/>\t\t\t\t\t\t<span class=\"fa m-cegCarousel__zoom _ce_measure_link _ce_measure_widget\" data-ce-measure-widget=\"gallery-zoom-btn\"><\/span>\n\t\t\t\t\t<\/div>\n\n\t\t\t\t\t<!-- thumb icon \/ counter, caption  -->\n\t\t\t\t\t<div class=\"m-cegCarousel__captionCnt m-cegCaption\">\n\t\t\t\t\t\t<span class=\"m-cegCaption__thumbIcon a-cegThumbIcon _ce_measure_widget _ce_measure_link\"\n\t\t\t\t\t\t\t  data-ce-measure-widget=\"thumbnails-btn\"\n\t\t\t\t\t\t\t  data-ce-measure-widget=\"gallery-thumbnails\"><i class=\" fa fa-th-large\"><\/i><\/span>\n\t\t\t\t\t\t<span class=\"m-cegCaption__pagination a-cegPagination\">\n\t\t\t\t\t\t\t<span class=\"a-cegPagination__current\">5<\/span>\/6\t\t\t\t\t\t<\/span>\n\t\t\t\t\t\t<span class=\"m-cegCaption__caption\">nyugati mcdonalds<\/span>\n\t\t\t\t\t<\/div>\n\n\t\t\t\t\t<!-- Image description -->\n\t\t\t\t\t<div class=\"m-cegCarousel__desc a-cegDesc\">Az \u00e1talak\u00edt\u00e1s sor\u00e1n a vend\u00e9gt\u00e9r kor\u00e1bbi l\u00e9pcs\u0151zetes kialak\u00edt\u00e1s\u00e1t elt\u00e1vol\u00edtott\u00e1k, \u00e9s a McCaf\u00e9 a gal\u00e9riaszintr\u0151l az bej\u00e1rat bal oldal\u00e1ra ker\u00fclt \u00e1t, \u00edgy a fels\u0151 szint teljes eg\u00e9sz\u00e9ben a vend\u00e9gek rendelkez\u00e9s\u00e9re \u00e1ll majd. Fot\u00f3: M\u00e1th\u00e9 Zolt\u00e1n\/ MTI<\/div>\n\n\t\t\t\t\t<!-- Image social share icons -->\n\t\t\t\t\t<div class=\"m-cegCarousel__socialCnt m-cegSocial\">\n\t\t\t\t\t\t<span class=\"m-cegSocial__text\">Fot\u00f3 megoszt\u00e1sa:<\/span><span class=\"m-cegSocial__iconWrap\"><span class=\"m-cegSocial__icon -facebook _ce_measure_link _ce_measure_widget\" data-ce-measure-widget=\"facebookGallery-btn\"><i class=\"fab fa-facebook-f\"><\/i><\/span><span class=\"m-cegSocial__icon -pinterest _ce_measure_link _ce_measure_widget\" data-ce-measure-widget=\"printeresGallery-btn\"><i class=\"fab fa-pinterest-p\"><\/i><\/span><span class=\"m-cegSocial__icon -email _ce_measure_link _ce_measure_widget\" data-ce-measure-widget=\"emailGallery-btn\"><i class=\"far fa-envelope\"><\/i><\/span><span class=\"m-cegSocial__icon -clipboard _ce_measure_link _ce_measure_widget\" data-ce-measure-widget=\"clipboardGallery-btn\"><i class=\"fa fa-link\"><\/i><\/span><\/span>\t\t\t\t\t<\/div>\n\t\t\t\t<\/div>\n\t\t\t\t\t\t\t\n\t\t\t\t<div\n\t\t\t\t\tclass=\"m-cegCarousel__item\"\n\t\t\t\t\tdata-type=\"image\"\n\t\t\t\t\tdata-id=\"1\/6\/D_MTZ20240815002_11zon-scaled\"\n\t\t\t\t\tdata-image-url=\"https:\/\/www.startlap.hu\/vasarlas\/uploads\/2024\/08\/D_MTZ20240815002_11zon-scaled.jpg\"\n\t\t\t\t\tdata-title=\"nyugati mcdonalds\"\n\t\t\t\t\tdata-desc=\"A Nyugati t\u00e9ri Meki 1990-ben nyitotta meg kapuit, az orsz\u00e1g m\u00e1sodik McDonald\u2032s \u00e9ttermek\u00e9nt, hasonl\u00f3 nagy \u00e9rdekl\u0151d\u00e9s mellett, mint kor\u00e1bban a R\u00e9gi posta utcai egys\u00e9g. Fot\u00f3: M\u00e1th\u00e9 Zolt\u00e1n\/ MTI\">\n\n\t\t\t\t\t<!-- image -->\n\t\t\t\t\t<div class=\"m-cegCarousel__floatingCnt\">\n\t\t\t\t\t\t<img decoding=\"async\" src=\"https:\/\/www.startlap.hu\/vasarlas\/uploads\/2024\/08\/D_MTZ20240815002_11zon-scaled.jpg\" class=\"m-cegCarousel__image\" alt=\"A fel\u00faj\u00edtott Nyugati t\u00e9ri Mcdonalds \u00e9tterem\" \/>\t\t\t\t\t\t<span class=\"fa m-cegCarousel__zoom _ce_measure_link _ce_measure_widget\" data-ce-measure-widget=\"gallery-zoom-btn\"><\/span>\n\t\t\t\t\t<\/div>\n\n\t\t\t\t\t<!-- thumb icon \/ counter, caption  -->\n\t\t\t\t\t<div class=\"m-cegCarousel__captionCnt m-cegCaption\">\n\t\t\t\t\t\t<span class=\"m-cegCaption__thumbIcon a-cegThumbIcon _ce_measure_widget _ce_measure_link\"\n\t\t\t\t\t\t\t  data-ce-measure-widget=\"thumbnails-btn\"\n\t\t\t\t\t\t\t  data-ce-measure-widget=\"gallery-thumbnails\"><i class=\" fa fa-th-large\"><\/i><\/span>\n\t\t\t\t\t\t<span class=\"m-cegCaption__pagination a-cegPagination\">\n\t\t\t\t\t\t\t<span class=\"a-cegPagination__current\">6<\/span>\/6\t\t\t\t\t\t<\/span>\n\t\t\t\t\t\t<span class=\"m-cegCaption__caption\">nyugati mcdonalds<\/span>\n\t\t\t\t\t<\/div>\n\n\t\t\t\t\t<!-- Image description -->\n\t\t\t\t\t<div class=\"m-cegCarousel__desc a-cegDesc\">A Nyugati t\u00e9ri Meki 1990-ben nyitotta meg kapuit, az orsz\u00e1g m\u00e1sodik McDonald\u2032s \u00e9ttermek\u00e9nt, hasonl\u00f3 nagy \u00e9rdekl\u0151d\u00e9s mellett, mint kor\u00e1bban a R\u00e9gi posta utcai egys\u00e9g. Fot\u00f3: M\u00e1th\u00e9 Zolt\u00e1n\/ MTI<\/div>\n\n\t\t\t\t\t<!-- Image social share icons -->\n\t\t\t\t\t<div class=\"m-cegCarousel__socialCnt m-cegSocial\">\n\t\t\t\t\t\t<span class=\"m-cegSocial__text\">Fot\u00f3 megoszt\u00e1sa:<\/span><span class=\"m-cegSocial__iconWrap\"><span class=\"m-cegSocial__icon -facebook _ce_measure_link _ce_measure_widget\" data-ce-measure-widget=\"facebookGallery-btn\"><i class=\"fab fa-facebook-f\"><\/i><\/span><span class=\"m-cegSocial__icon -pinterest _ce_measure_link _ce_measure_widget\" data-ce-measure-widget=\"printeresGallery-btn\"><i class=\"fab fa-pinterest-p\"><\/i><\/span><span class=\"m-cegSocial__icon -email _ce_measure_link _ce_measure_widget\" data-ce-measure-widget=\"emailGallery-btn\"><i class=\"far fa-envelope\"><\/i><\/span><span class=\"m-cegSocial__icon -clipboard _ce_measure_link _ce_measure_widget\" data-ce-measure-widget=\"clipboardGallery-btn\"><i class=\"fa fa-link\"><\/i><\/span><\/span>\t\t\t\t\t<\/div>\n\t\t\t\t<\/div>\n\t\t\t\t\t\t\t\t<\/div>\n\t\t<div class=\"m-cegLayer__thumbnails m-cegThumbList _ce_measure_widget\" data-ce-measure-widget=\"gallery-thumb-list\">\n\t\t\t\t\t\t\t\t\t\t\t<div class=\"m-cegThumbList__item\"\n\t\t\t\t\tdata-id=\"1\/1\/D_MTZ20240815008_11zon-scaled\"\n\t\t\t\t\tdata-index=\"0\">\n\t\t\t\t\t<img decoding=\"async\" src=\"https:\/\/www.startlap.hu\/vasarlas\/uploads\/2024\/08\/D_MTZ20240815008_11zon-scaled.jpg\" class=\"m-cegThumbList__image _ce_measure_link\" alt=\"A fel\u00faj\u00edtott Nyugati t\u00e9ri Mcdonalds \u00e9tterem\" \/>\t\t\t\t<\/div>\n\t\t\t\t\t\t\t\t\t\t\t<div class=\"m-cegThumbList__item\"\n\t\t\t\t\tdata-id=\"1\/2\/D_MTZ20240815005_11zon-1-scaled\"\n\t\t\t\t\tdata-index=\"1\">\n\t\t\t\t\t<img decoding=\"async\" src=\"https:\/\/www.startlap.hu\/vasarlas\/uploads\/2024\/08\/D_MTZ20240815005_11zon-1-scaled.jpg\" class=\"m-cegThumbList__image _ce_measure_link\" alt=\"A fel\u00faj\u00edtott Nyugati t\u00e9ri Mcdonalds \u00e9tterem\" \/>\t\t\t\t<\/div>\n\t\t\t\t\t\t\t\t\t\t\t<div class=\"m-cegThumbList__item\"\n\t\t\t\t\tdata-id=\"1\/3\/D_MTZ20240815007_11zon-scaled\"\n\t\t\t\t\tdata-index=\"2\">\n\t\t\t\t\t<img decoding=\"async\" src=\"https:\/\/www.startlap.hu\/vasarlas\/uploads\/2024\/08\/D_MTZ20240815007_11zon-scaled.jpg\" class=\"m-cegThumbList__image _ce_measure_link\" alt=\"A fel\u00faj\u00edtott Nyugati t\u00e9ri Mcdonalds \u00e9tterem\" \/>\t\t\t\t<\/div>\n\t\t\t\t\t\t\t\t\t\t\t\t\t\t\t<div class=\"m-cegThumbList__item\"\n\t\t\t\t\tdata-id=\"1\/5\/D_MTZ20240815006_11zon-scaled\"\n\t\t\t\t\tdata-index=\"4\">\n\t\t\t\t\t<img decoding=\"async\" src=\"https:\/\/www.startlap.hu\/vasarlas\/uploads\/2024\/08\/D_MTZ20240815006_11zon-scaled.jpg\" class=\"m-cegThumbList__image _ce_measure_link\" alt=\"A fel\u00faj\u00edtott Nyugati t\u00e9ri Mcdonalds \u00e9tterem\" \/>\t\t\t\t<\/div>\n\t\t\t\t\t\t\t\t\t\t\t<div class=\"m-cegThumbList__item\"\n\t\t\t\t\tdata-id=\"1\/6\/D_MTZ20240815002_11zon-scaled\"\n\t\t\t\t\tdata-index=\"5\">\n\t\t\t\t\t<img decoding=\"async\" src=\"https:\/\/www.startlap.hu\/vasarlas\/uploads\/2024\/08\/D_MTZ20240815002_11zon-scaled.jpg\" class=\"m-cegThumbList__image _ce_measure_link\" alt=\"A fel\u00faj\u00edtott Nyugati t\u00e9ri Mcdonalds \u00e9tterem\" \/>\t\t\t\t<\/div>\n\t\t\t\t\t<\/div>\n\t<\/div>\n\t<div class=\"m-cegLayer__sidebar m-cegSidebar _ce_measure_widget\" data-ce-measure-widget=\"gallery-sidebar\">\n\n\t\t<div class=\"m-cegSidebar__desc a-cegDesc _ce_measure_widget\" data-ce-measure-widget=\"gallery-desc\"><\/div>\n\n\t\t<div class=\"m-cegSidebar__socialCnt m-cegSocial -sidebar _ce_measure_widget\" data-ce-measure-widget=\"gallery-social\">\n\t\t\t<span class=\"m-cegSocial__text\">Fot\u00f3 megoszt\u00e1sa:<\/span><span class=\"m-cegSocial__iconWrap\"><span class=\"m-cegSocial__icon -facebook _ce_measure_link _ce_measure_widget\" data-ce-measure-widget=\"facebookGallery-btn\"><i class=\"fab fa-facebook-f\"><\/i><\/span><span class=\"m-cegSocial__icon -pinterest _ce_measure_link _ce_measure_widget\" data-ce-measure-widget=\"printeresGallery-btn\"><i class=\"fab fa-pinterest-p\"><\/i><\/span><span class=\"m-cegSocial__icon -email _ce_measure_link _ce_measure_widget\" data-ce-measure-widget=\"emailGallery-btn\"><i class=\"far fa-envelope\"><\/i><\/span><span class=\"m-cegSocial__icon -clipboard _ce_measure_link _ce_measure_widget\" data-ce-measure-widget=\"clipboardGallery-btn\"><i class=\"fa fa-link\"><\/i><\/span><\/span>\t\t<\/div>\n\n\t\t<div class=\"gallery-right010 banner-container\"><\/div>\n\t\t<div class=\"gallery-right020 banner-container\"><\/div>\n\n\t<\/div>\n<\/div>\n\t<\/div>\n\n\t<script>\n\t\tjQuery(function () {\n\t\t\tvar id = '#cegPostCnt_1';\n\t\t\tjQuery( id ).articleGallery({\n\t\t\t\tonChanged: function (event) {\n\t\t\t\t\t\tthis.renderSidebarCTS( 'gallery-right010' );\n\t\t\t\t\t\tthis.renderSidebarCTS( 'gallery-right020' );\n\t\t\t\t\t\tthis.renderBannerSlideCTS(  event,\n\t\t\t\t\t\t\t\t\t\t\t\t\t[\n\t\t\t\t\t\t\t\t\t\t\t\t\t\t'gallery-content010',\n\t\t\t\t\t\t\t\t\t\t\t\t\t\t'gallery-content020',\n\t\t\t\t\t\t\t\t\t\t\t\t\t\t'gallery-content030'\n\t\t\t\t\t\t\t\t\t\t\t\t\t]);\n\t\t\t\t}\n\t\t\t});\n\t\t});\n\t<\/script>\t\n<h2>Fut\u00f3szalagon utaznak a hamburgerek<\/h2>\n<p>Magyarorsz\u00e1gi McDonald&#8217;s \u00e9tteremben itt alak\u00edtottak ki el\u0151sz\u00f6r olyan speci\u00e1lis fut\u00f3szalagot, amely \u00f6sszek\u00f6ti a konyh\u00e1t \u00e9s a kiszolg\u00e1l\u00f3 pultot, m\u00e9gpedig \u00fagy, hogy a szendvicsek \u00fatj\u00e1t a vend\u00e9gek is l\u00e1thatj\u00e1k.<\/p>\n<p>Az \u00e1talak\u00edt\u00e1s sor\u00e1n egyebek mellett meg\u00faj\u00edtott\u00e1k a h\u0171t\u0151 \u00e9s fagyaszt\u00f3 kamr\u00e1kat, a dolgoz\u00f3k \u00f6lt\u00f6z\u0151it \u00e9s a vend\u00e9gek sz\u00e1m\u00e1ra fenntartott vizes blokkokat, valamint lecser\u00e9lt\u00e9k az \u00e1rusz\u00e1ll\u00edt\u00f3 lifteket is. Az \u00e9tterem bels\u0151\u00e9p\u00edt\u00e9szeti megold\u00e1sait egy ausztr\u00e1l diz\u00e1jn st\u00fadi\u00f3, a Landini tervei alapj\u00e1n, Sass G\u00e9za magyar bels\u0151\u00e9p\u00edt\u00e9sz dolgozta ki.<\/p>\n<p>A Nyugati mellett l\u00e9v\u0151 Mekit egy\u00e9bk\u00e9nt r\u00e9g\u00f3ta a legszebb eur\u00f3pai Mekik egyikek\u00e9nt tartj\u00e1k sz\u00e1mon, err\u0151l rengeteg vide\u00f3 is tan\u00faskodik:<\/p>\n<div class='iframe-wrapper '>\n<blockquote class=\"tiktok-embed\" cite=\"https:\/\/www.tiktok.com\/@shapollyy\/video\/7192296232767802626\" data-video-id=\"7192296232767802626\" data-embed-from=\"oembed\" style=\"max-width:605px; min-width:325px;\">\n<section> <a target=\"_blank\" title=\"@shapollyy\" href=\"https:\/\/www.tiktok.com\/@shapollyy?refer=embed\" target=\"_blank\">@shapollyy<\/a> <\/p>\n<p>They also serve you silver plates there \ud83c\udf5f  <a title=\"mcdonalds\" target=\"_blank\" href=\"https:\/\/www.tiktok.com\/tag\/mcdonalds?refer=embed\" target=\"_blank\">#mcdonalds<\/a> <a title=\"architecture\" target=\"_blank\" href=\"https:\/\/www.tiktok.com\/tag\/architecture?refer=embed\" target=\"_blank\">#architecture<\/a> <a title=\"wheretoeat\" target=\"_blank\" href=\"https:\/\/www.tiktok.com\/tag\/wheretoeat?refer=embed\" target=\"_blank\">#wheretoeat<\/a> <a title=\"budapest\" target=\"_blank\" href=\"https:\/\/www.tiktok.com\/tag\/budapest?refer=embed\" target=\"_blank\">#budapest<\/a> <a title=\"wheretoeatinbudapest\" target=\"_blank\" href=\"https:\/\/www.tiktok.com\/tag\/wheretoeatinbudapest?refer=embed\" target=\"_blank\">#wheretoeatinbudapest<\/a> <a title=\"foodguide\" target=\"_blank\" href=\"https:\/\/www.tiktok.com\/tag\/foodguide?refer=embed\" target=\"_blank\">#foodguide<\/a>  <\/p>\n<p> <a target=\"_blank\" title=\"\u266c Kerosene - Biig Piig\" href=\"https:\/\/www.tiktok.com\/music\/Kerosene-7133172973465012226?refer=embed\" target=\"_blank\">\u266c Kerosene &#8211; Biig Piig<\/a> <\/section>\n<\/blockquote>\n<p> <script async src=\"https:\/\/www.tiktok.com\/embed.js\"><\/script><\/div>\n<p><strong>A Nyugati t\u00e9ri \u00e9tteremben a fel\u00faj\u00edt\u00e1s el\u0151tti 168-r\u00f3l 218-ra n\u0151tt a dolgoz\u00f3k l\u00e9tsz\u00e1ma.<\/strong><\/p>\n<p>Magyarorsz\u00e1gon jelenleg 113 McDonald&#8217;s \u00fczemel, ezen fel\u00fcl Hatvanban \u00e9s M\u00e1t\u00e9szalk\u00e1n most \u00e9p\u00edtenek egy-egy \u00e9ttermet \u00e9s folyamatosan keresik a tov\u00e1bbi terjeszked\u00e9s lehet\u0151s\u00e9geit \u2013 der\u00fclt ki.<\/p>\n<div class=\"o-widget m-readMoreWidget -readMore u-shortDecorLineAfter row widget-container _ce_measure_widget bigdata-widget read-more\" data-ce-measure-widget=\"olvass tov\u00e1bb\">\n\t<div class=\"m-readMoreWidget__imgWrapper image-wrapper col-12 col-md-4 no-p\">\n\t\t<a class=\"m-readMoreWidget__imgLink\" href=\"https:\/\/www.startlap.hu\/vasarlas\/mcdonalds-visszaeses-ertekesites\/\" >\n\t\t\t<img decoding=\"async\" src=\"https:\/\/www.startlap.hu\/vasarlas\/uploads\/2023\/07\/Mcdonalds-350x285.jpg\" class=\"m-readMoreWidget__img\">\n\t\t<\/a>\n\t<\/div>\n\t<div class=\"m-readMoreWidget__titleWrapper title-wrapper col-12 col-md-8\">\n\t\t<span class=\"m-readMoreWidget__titleLabel u-shortDecorLineBefore label hidden-sm-up\">Ez is \u00e9rdekelhet:<\/span>\n\t\t<h3 class=\"m-readMoreWidget__title title\">\n\t\t\t<a class=\"m-readMoreWidget__titleLink -secondFont u-bold u-upperCase\" href=\"https:\/\/www.startlap.hu\/vasarlas\/mcdonalds-visszaeses-ertekesites\/\" >Cs\u00f6kkent a McDonald&#8217;s \u00e9ttermek forgalma<\/a>\n\t\t<\/h3>\n\t\t<a class=\"m-readMoreWidget__btn -coloredBack u-tC link\" href=\"https:\/\/www.startlap.hu\/vasarlas\/mcdonalds-visszaeses-ertekesites\/\" >Elolvasom<\/a>\n\t<\/div>\n<\/div>\n","protected":false},"excerpt":{"rendered":"<p>A t\u00f6bb mint f\u00e9l \u00e9vig tart\u00f3 &#8211;  mintegy 1,8 milli\u00e1rd forintos &#8211; fel\u00faj\u00edt\u00e1st k\u00f6vet\u0151en, \u00fajranyitott Budapesten a Nyugati t\u00e9ri McDonald&#8217;s. Fot\u00f3kon mutatjuk az Eur\u00f3pa egyik legszebb Mekij\u00e9nek tartott \u00e9ttermet!<\/p>\n","protected":false},"author":64,"featured_media":2250789,"comment_status":"closed","ping_status":"closed","sticky":false,"template":"","format":"standard","meta":{"footnotes":""},"categories":[8180],"tags":[2733,1831,17473],"class_list":["post-2250783","post","type-post","status-publish","format-standard","has-post-thumbnail","hentry","category-trending","tag-felujitas","tag-mcdonalds","tag-nyugati-ter"],"aioseo_notices":[],"_links":{"self":[{"href":"https:\/\/www.startlap.hu\/vasarlas\/wp-json\/wp\/v2\/posts\/2250783","targetHints":{"allow":["GET"]}}],"collection":[{"href":"https:\/\/www.startlap.hu\/vasarlas\/wp-json\/wp\/v2\/posts"}],"about":[{"href":"https:\/\/www.startlap.hu\/vasarlas\/wp-json\/wp\/v2\/types\/post"}],"author":[{"embeddable":true,"href":"https:\/\/www.startlap.hu\/vasarlas\/wp-json\/wp\/v2\/users\/64"}],"replies":[{"embeddable":true,"href":"https:\/\/www.startlap.hu\/vasarlas\/wp-json\/wp\/v2\/comments?post=2250783"}],"version-history":[{"count":4,"href":"https:\/\/www.startlap.hu\/vasarlas\/wp-json\/wp\/v2\/posts\/2250783\/revisions"}],"predecessor-version":[{"id":2250798,"href":"https:\/\/www.startlap.hu\/vasarlas\/wp-json\/wp\/v2\/posts\/2250783\/revisions\/2250798"}],"wp:featuredmedia":[{"embeddable":true,"href":"https:\/\/www.startlap.hu\/vasarlas\/wp-json\/wp\/v2\/media\/2250789"}],"wp:attachment":[{"href":"https:\/\/www.startlap.hu\/vasarlas\/wp-json\/wp\/v2\/media?parent=2250783"}],"wp:term":[{"taxonomy":"category","embeddable":true,"href":"https:\/\/www.startlap.hu\/vasarlas\/wp-json\/wp\/v2\/categories?post=2250783"},{"taxonomy":"post_tag","embeddable":true,"href":"https:\/\/www.startlap.hu\/vasarlas\/wp-json\/wp\/v2\/tags?post=2250783"}],"curies":[{"name":"wp","href":"https:\/\/api.w.org\/{rel}","templated":true}]}}