{"id":2249658,"date":"2024-07-10T16:09:43","date_gmt":"2024-07-10T14:09:43","guid":{"rendered":"https:\/\/www.startlap.hu\/vasarlas\/?p=2249658"},"modified":"2024-07-10T16:09:43","modified_gmt":"2024-07-10T14:09:43","slug":"mere-magyarorszag-nyitas-ujpest-helyszin","status":"publish","type":"post","link":"https:\/\/www.startlap.hu\/vasarlas\/mere-magyarorszag-nyitas-ujpest-helyszin\/","title":{"rendered":"M\u00e9gsem ott ny\u00edlik az orosz MERE els\u0151 hazai boltja, ahol eddig v\u00e1rtuk"},"content":{"rendered":"<p>A legfrissebb h\u00edrek szerint \u00dajpesten, egy m\u00e1sik helysz\u00ednen nyithat \u00fczletet a MERE \u2013 <a href=\"https:\/\/www.hirstart.hu\/site\/relocate.php?rssid=87&amp;rsspid=3&amp;ctype=rss&amp;id=31381666&amp;chk=a65c15fc22e25061476cfe31ee8800fc&amp;url=https%3A%2F%2Fwww.vg.hu%2Fkiskereskedelem%2F2024%2F07%2Fmere-nem-ott-nyilik-az-elso-orosz-bolt-magyarorszagon-mint-korabban-mondtak%3Futm_source%3Dhirstart%26utm_medium%3Dreferral%26utm_campaign%3Dhiraggregator\" target=\"_blank\" target=\"_blank\" rel=\"noopener noreferrer\">adta h\u00edr\u00fcl a Vil\u00e1ggazdas\u00e1g<\/a>.<\/p>\n<p>\u00c1prilisban&nbsp; h\u00edrt adtunk arr\u00f3l, hogy az orosz boltl\u00e1nc k\u00e9sz\u00fcl az els\u0151 magyarorsz\u00e1gi \u00fczlet megnyit\u00e1s\u00e1ra, amely a tervek szerint Budapesten, a IV. ker\u00fcletben lesz. J\u00falius elej\u00e9n pedig m\u00e1r <a href=\"https:\/\/www.startlap.hu\/vasarlas\/mere-orosz-diszkontlanc-magyarorszag-nyitas\/\" target=\"_blank\" rel=\"noopener noreferrer\">arr\u00f3l \u00edrtunk<\/a>, hogy az els\u0151 magyarorsz\u00e1gi MERE-bolt pontos helysz\u00edne ismert is: egy egykori SPAR \u00fczlet hely\u00e9n ny\u00edlik.&nbsp;<\/p>\n<blockquote class=\"article__extraTxt\"><p>A ker\u00fclet tov\u00e1bbra is stimmel, \u00e1m \u00fagy fest, az orosz bolt m\u00e9gsem az egykori SPAR hely\u00e9n ny\u00edlik majd.<\/p><\/blockquote>\n<h2>De akkor merre?<\/h2>\n<p>A Mindmegette \u00fagy tudja, a bez\u00e1rt SPAR \u00fczlet hely\u00e9n <strong>biztosan nem lesz MERE-\u00fczlet<\/strong>. \u201eAz orosz v\u00e1llalat els\u0151 hazai boltja valahol a k\u00f6zelben, egy egyel\u0151re meg nem nevezett, m\u00e9g titokban tartott helysz\u00ednen lesz\u201d \u2013 <a href=\"https:\/\/www.mindmegette.hu\/mere-magyarorszag-boltnyitas-kaposztasmegyer-67906\/\" target=\"_blank\" target=\"_blank\" rel=\"noopener noreferrer\">\u00edrj\u00e1k<\/a>.<\/p>\n<figure id=\"attachment_2249661\" aria-describedby=\"caption-attachment-2249661\" style=\"width: 755px\" class=\"wp-caption alignnone\"><img loading=\"lazy\" decoding=\"async\" class=\"size-article-size-large-image wp-image-2249661\" src=\"https:\/\/www.startlap.hu\/vasarlas\/uploads\/2024\/07\/mere-755x485.jpg\" alt=\"Mere c\u00e9gt\u00e1bla Lipcs\u00e9ben\" width=\"755\" height=\"485\" srcset=\"https:\/\/www.startlap.hu\/vasarlas\/uploads\/2024\/07\/mere-755x485.jpg 755w, https:\/\/www.startlap.hu\/vasarlas\/uploads\/2024\/07\/mere-545x350.jpg 545w, https:\/\/www.startlap.hu\/vasarlas\/uploads\/2024\/07\/mere.jpg 1024w\" sizes=\"auto, (max-width: 755px) 100vw, 755px\" \/><figcaption id=\"caption-attachment-2249661\" class=\"wp-caption-text\">Fot\u00f3: HENDRIK SCHMIDT \/ AFP<\/figcaption><\/figure>\n<h2>Vid\u00e9ken is lehetnek \u00fczletek<\/h2>\n<p>Nem csak Budapesten, hanem vid\u00e9ken is terjeszkedhet a MERE. A Vil\u00e1ggazdas\u00e1g keddi besz\u00e1mol\u00f3ja szerint j\u00falius k\u00f6zep\u00e9n v\u00e9gleg bez\u00e1r egy hossz\u00fa \u00e9vek \u00f3ta m\u0171k\u00f6d\u0151 SPAR \u00fczlet Szolnokon. A boltbez\u00e1r\u00e1s h\u00edre nyom\u00e1n terjed az inform\u00e1ci\u00f3, hogy az orosz MERE veszi \u00e1t a hely\u00e9t.<\/p>\n<h2>\u00dajdons\u00e1gok ker\u00fclhetnek a kosarunkba<\/h2>\n<p>Az orosz c\u00e9ggel egy\u00e9bk\u00e9nt egy \u00faj kiskereskedelmi modell jelenik meg Magyarorsz\u00e1gon: izgalmasnak \u00edg\u00e9rkezik a bolt term\u00e9kk\u00edn\u00e1lata. Az&nbsp;<strong>aut\u00f3s k\u00f6zleked\u00e9st felt\u00e9telez\u0151 boltok maximum 500 term\u00e9kes k\u00edn\u00e1lat\u00e1nak 80 sz\u00e1zal\u00e9k\u00e1t a m\u00e1r j\u00f3l megszokott magyar besz\u00e1ll\u00edt\u00f3k adj\u00e1k majd<\/strong>, a fennmarad\u00f3 r\u00e9szt pedig olyan, f\u0151k\u00e9pp hazai termel\u0151k adhatj\u00e1k, akik eddig nem felt\u00e9tlen\u00fcl jutottak be a kiskereskedelmi l\u00e1ncok polcaira.<\/p>\n<div class=\"o-widget m-readMoreWidget -readMore u-shortDecorLineAfter row widget-container _ce_measure_widget bigdata-widget read-more\" data-ce-measure-widget=\"olvass tov\u00e1bb\">\n\t<div class=\"m-readMoreWidget__imgWrapper image-wrapper col-12 col-md-4 no-p\">\n\t\t<a class=\"m-readMoreWidget__imgLink\" href=\"https:\/\/www.startlap.hu\/vasarlas\/lidl-parkside-bolhalozat\/\" >\n\t\t\t<img decoding=\"async\" src=\"https:\/\/www.startlap.hu\/vasarlas\/uploads\/2023\/10\/lidl-350x285.jpg\" class=\"m-readMoreWidget__img\">\n\t\t<\/a>\n\t<\/div>\n\t<div class=\"m-readMoreWidget__titleWrapper title-wrapper col-12 col-md-8\">\n\t\t<span class=\"m-readMoreWidget__titleLabel u-shortDecorLineBefore label hidden-sm-up\">Ez is \u00e9rdekelhet:<\/span>\n\t\t<h3 class=\"m-readMoreWidget__title title\">\n\t\t\t<a class=\"m-readMoreWidget__titleLink -secondFont u-bold u-upperCase\" href=\"https:\/\/www.startlap.hu\/vasarlas\/lidl-parkside-bolhalozat\/\" >A Lidl k\u00fcl\u00f6n boltot nyit Magyarorsz\u00e1gon az egyik m\u00e1rk\u00e1j\u00e1nak<\/a>\n\t\t<\/h3>\n\t\t<a class=\"m-readMoreWidget__btn -coloredBack u-tC link\" href=\"https:\/\/www.startlap.hu\/vasarlas\/lidl-parkside-bolhalozat\/\" >Elolvasom<\/a>\n\t<\/div>\n<\/div>\n","protected":false},"excerpt":{"rendered":"<p>Az orosz diszkontl\u00e1nc, a MERE magyarorsz\u00e1gi terjeszked\u00e9se m\u00e1r jav\u00e1ban zajlik, most azonban \u00fagy t\u0171nik, hogy a MERE budapesti boltja m\u00e9gsem ott ny\u00edlik meg, ahol azt kor\u00e1bban mondt\u00e1k.<\/p>\n","protected":false},"author":64,"featured_media":2249665,"comment_status":"closed","ping_status":"closed","sticky":false,"template":"","format":"standard","meta":{"footnotes":""},"categories":[8180],"tags":[16869,1934],"class_list":["post-2249658","post","type-post","status-publish","format-standard","has-post-thumbnail","hentry","category-trending","tag-mere","tag-ujpest"],"aioseo_notices":[],"_links":{"self":[{"href":"https:\/\/www.startlap.hu\/vasarlas\/wp-json\/wp\/v2\/posts\/2249658","targetHints":{"allow":["GET"]}}],"collection":[{"href":"https:\/\/www.startlap.hu\/vasarlas\/wp-json\/wp\/v2\/posts"}],"about":[{"href":"https:\/\/www.startlap.hu\/vasarlas\/wp-json\/wp\/v2\/types\/post"}],"author":[{"embeddable":true,"href":"https:\/\/www.startlap.hu\/vasarlas\/wp-json\/wp\/v2\/users\/64"}],"replies":[{"embeddable":true,"href":"https:\/\/www.startlap.hu\/vasarlas\/wp-json\/wp\/v2\/comments?post=2249658"}],"version-history":[{"count":4,"href":"https:\/\/www.startlap.hu\/vasarlas\/wp-json\/wp\/v2\/posts\/2249658\/revisions"}],"predecessor-version":[{"id":2249666,"href":"https:\/\/www.startlap.hu\/vasarlas\/wp-json\/wp\/v2\/posts\/2249658\/revisions\/2249666"}],"wp:featuredmedia":[{"embeddable":true,"href":"https:\/\/www.startlap.hu\/vasarlas\/wp-json\/wp\/v2\/media\/2249665"}],"wp:attachment":[{"href":"https:\/\/www.startlap.hu\/vasarlas\/wp-json\/wp\/v2\/media?parent=2249658"}],"wp:term":[{"taxonomy":"category","embeddable":true,"href":"https:\/\/www.startlap.hu\/vasarlas\/wp-json\/wp\/v2\/categories?post=2249658"},{"taxonomy":"post_tag","embeddable":true,"href":"https:\/\/www.startlap.hu\/vasarlas\/wp-json\/wp\/v2\/tags?post=2249658"}],"curies":[{"name":"wp","href":"https:\/\/api.w.org\/{rel}","templated":true}]}}