{"id":2249521,"date":"2024-07-04T13:36:03","date_gmt":"2024-07-04T11:36:03","guid":{"rendered":"https:\/\/www.startlap.hu\/vasarlas\/?p=2249521"},"modified":"2024-07-04T13:36:03","modified_gmt":"2024-07-04T11:36:03","slug":"turmixitalt-termekvisszahivas-auchan-allergen-tej","status":"publish","type":"post","link":"https:\/\/www.startlap.hu\/vasarlas\/turmixitalt-termekvisszahivas-auchan-allergen-tej\/","title":{"rendered":"Kedvenc turmixitalt h\u00edvott vissza az Auchan"},"content":{"rendered":"<p>A nem megfelel\u0151 magyar nyelv\u0171 c\u00edmk\u00e9n, <strong>nem jel\u00f6lt allerg\u00e9n (tej) jelenl\u00e9te miatt<\/strong> az Auchan Magyarorsz\u00e1g Kft. visszah\u00edvja a forgalomb\u00f3l az <strong>An Kedvenc Bar. Tejes turmixot<\/strong> &#8211; k\u00f6z\u00f6lte a Nemzeti \u00c9lelmiszerl\u00e1nc-biztons\u00e1gi Hivatal (N\u00e9bih) szerd\u00e1n az MTI-vel.<\/p>\n<p>A hivatal k\u00e9ri a tejre \u00e9rz\u00e9keny v\u00e1s\u00e1rl\u00f3kat, hogy a 750 milliliteres kiszerel\u00e9s\u0171 term\u00e9ket ne fogyassz\u00e1k el.<\/p>\n<figure id=\"attachment_2249522\" aria-describedby=\"caption-attachment-2249522\" style=\"width: 755px\" class=\"wp-caption alignnone\"><img loading=\"lazy\" decoding=\"async\" class=\"size-article-size-large-image wp-image-2249522\" src=\"https:\/\/www.startlap.hu\/vasarlas\/uploads\/2024\/07\/tejturmix-755x380.jpg\" alt=\"Egy palack Auchan turmixital.\" width=\"755\" height=\"380\" srcset=\"https:\/\/www.startlap.hu\/vasarlas\/uploads\/2024\/07\/tejturmix-755x380.jpg 755w, https:\/\/www.startlap.hu\/vasarlas\/uploads\/2024\/07\/tejturmix-695x350.jpg 695w, https:\/\/www.startlap.hu\/vasarlas\/uploads\/2024\/07\/tejturmix.jpg 760w\" sizes=\"auto, (max-width: 755px) 100vw, 755px\" \/><figcaption id=\"caption-attachment-2249522\" class=\"wp-caption-text\">Forr\u00e1s: N\u00e9bih<\/figcaption><\/figure>\n<p>B\u00e1rmelyik Auchan \u00e1ruh\u00e1zba visszavihet\u0151 a visszah\u00edvott turmix, amelynek az \u00e1r\u00e1t blokk n\u00e9lk\u00fcl is visszat\u00e9r\u00edtik.<\/p>\n<p>Kiemelt\u00e9k, az Eur\u00f3pai Uni\u00f3ban jogszab\u00e1ly \u00edrja el\u0151, hogy az \u00e9lelmiszerek c\u00edmk\u00e9j\u00e9n fel kell t\u00fcntetni a leggyakrabban allergi\u00e1t vagy intoleranci\u00e1t okoz\u00f3 \u00f6sszetev\u0151ket, \u00edgy egyebek mellett a glut\u00e9nt tartalmaz\u00f3 gabonaf\u00e9l\u00e9ket, r\u00e1kf\u00e9l\u00e9ket, tejet \u00e9s a toj\u00e1st is. T\u00fal\u00e9rz\u00e9kenys\u00e9gi reakci\u00f3t legt\u00f6bbsz\u00f6r feh\u00e9rj\u00e9k, \u00e9s csak az arra \u00e9rz\u00e9keny egy\u00e9nekben id\u00e9znek el\u0151. Az immunv\u00e1lasz lehet azonnali vagy k\u00e9sleltetett reakci\u00f3, az \u00e9lelmiszer allergi\u00e1k nagy r\u00e9sze azonnali. Az allergia leggyakrabban b\u0151rt\u00fcnetek (ki\u00fct\u00e9s, pirosod\u00e1s, ekc\u00e9ma), l\u00e9gz\u0151szervi t\u00fcnetek (orrfoly\u00e1s, asztma) \u00e9s em\u00e9szt\u0151rendszeri t\u00fcnetek (hasmen\u00e9s, puffad\u00e1s) form\u00e1j\u00e1ban jelentkezik &#8211; \u00edrja az MTI.<\/p>\n<div class=\"o-widget m-readMoreWidget -readMore u-shortDecorLineAfter row widget-container _ce_measure_widget bigdata-widget read-more\" data-ce-measure-widget=\"olvass tov\u00e1bb\">\n\t<div class=\"m-readMoreWidget__imgWrapper image-wrapper col-12 col-md-4 no-p\">\n\t\t<a class=\"m-readMoreWidget__imgLink\" href=\"https:\/\/www.startlap.hu\/vasarlas\/a-legjobb-noi-elektromos-borotvak-2024\/\" >\n\t\t\t<img decoding=\"async\" src=\"https:\/\/www.startlap.hu\/vasarlas\/uploads\/2019\/05\/borotva_philips_vasarlas-350x285.jpg\" class=\"m-readMoreWidget__img\">\n\t\t<\/a>\n\t<\/div>\n\t<div class=\"m-readMoreWidget__titleWrapper title-wrapper col-12 col-md-8\">\n\t\t<span class=\"m-readMoreWidget__titleLabel u-shortDecorLineBefore label hidden-sm-up\">Ez is \u00e9rdekelhet:<\/span>\n\t\t<h3 class=\"m-readMoreWidget__title title\">\n\t\t\t<a class=\"m-readMoreWidget__titleLink -secondFont u-bold u-upperCase\" href=\"https:\/\/www.startlap.hu\/vasarlas\/a-legjobb-noi-elektromos-borotvak-2024\/\" >A legjobb n\u0151i elektromos borotv\u00e1k<\/a>\n\t\t<\/h3>\n\t\t<a class=\"m-readMoreWidget__btn -coloredBack u-tC link\" href=\"https:\/\/www.startlap.hu\/vasarlas\/a-legjobb-noi-elektromos-borotvak-2024\/\" >Elolvasom<\/a>\n\t<\/div>\n<\/div>\n","protected":false},"excerpt":{"rendered":"<p>A N\u00e9bih k\u00e9ri a tejre \u00e9rz\u00e9keny v\u00e1s\u00e1rl\u00f3kat, hogy a 750 milliliteres kiszerel\u00e9s\u0171 term\u00e9ket ne fogyassz\u00e1k el.<\/p>\n","protected":false},"author":7,"featured_media":2239692,"comment_status":"closed","ping_status":"closed","sticky":false,"template":"","format":"standard","meta":{"footnotes":""},"categories":[8180],"tags":[1074,4724],"class_list":["post-2249521","post","type-post","status-publish","format-standard","has-post-thumbnail","hentry","category-trending","tag-auchan","tag-termekvisszahivas"],"aioseo_notices":[],"_links":{"self":[{"href":"https:\/\/www.startlap.hu\/vasarlas\/wp-json\/wp\/v2\/posts\/2249521","targetHints":{"allow":["GET"]}}],"collection":[{"href":"https:\/\/www.startlap.hu\/vasarlas\/wp-json\/wp\/v2\/posts"}],"about":[{"href":"https:\/\/www.startlap.hu\/vasarlas\/wp-json\/wp\/v2\/types\/post"}],"author":[{"embeddable":true,"href":"https:\/\/www.startlap.hu\/vasarlas\/wp-json\/wp\/v2\/users\/7"}],"replies":[{"embeddable":true,"href":"https:\/\/www.startlap.hu\/vasarlas\/wp-json\/wp\/v2\/comments?post=2249521"}],"version-history":[{"count":2,"href":"https:\/\/www.startlap.hu\/vasarlas\/wp-json\/wp\/v2\/posts\/2249521\/revisions"}],"predecessor-version":[{"id":2249524,"href":"https:\/\/www.startlap.hu\/vasarlas\/wp-json\/wp\/v2\/posts\/2249521\/revisions\/2249524"}],"wp:featuredmedia":[{"embeddable":true,"href":"https:\/\/www.startlap.hu\/vasarlas\/wp-json\/wp\/v2\/media\/2239692"}],"wp:attachment":[{"href":"https:\/\/www.startlap.hu\/vasarlas\/wp-json\/wp\/v2\/media?parent=2249521"}],"wp:term":[{"taxonomy":"category","embeddable":true,"href":"https:\/\/www.startlap.hu\/vasarlas\/wp-json\/wp\/v2\/categories?post=2249521"},{"taxonomy":"post_tag","embeddable":true,"href":"https:\/\/www.startlap.hu\/vasarlas\/wp-json\/wp\/v2\/tags?post=2249521"}],"curies":[{"name":"wp","href":"https:\/\/api.w.org\/{rel}","templated":true}]}}