{"id":2249469,"date":"2024-07-02T18:36:03","date_gmt":"2024-07-02T16:36:03","guid":{"rendered":"https:\/\/www.startlap.hu\/vasarlas\/?p=2249469"},"modified":"2024-07-02T20:26:07","modified_gmt":"2024-07-02T18:26:07","slug":"mere-ujpest-kaposztasmegyer-nyitas","status":"publish","type":"post","link":"https:\/\/www.startlap.hu\/vasarlas\/mere-ujpest-kaposztasmegyer-nyitas\/","title":{"rendered":"Egy Spar hely\u00e9n ny\u00edlhat az orosz Mere els\u0151 hazai boltja"},"content":{"rendered":"<p>Jav\u00e1ban k\u00e9sz\u00fcl az els\u0151 magyarorsz\u00e1gi bolt megnyit\u00e1s\u00e1ra az orosz Mere, az <strong><a href=\"https:\/\/ujpestihirmondo.hu\/ujpest\/a-kaposztasmegyeri-bezart-spar-helyen-nyilhat-meg-az-elso-hazai-orosz-mere\/\" target=\"_blank\" target=\"_blank\" rel=\"noopener noreferrer\">\u00dajpesti H\u00edrmond\u00f3<\/a><\/strong> \u00e9rtes\u00fcl\u00e9sei szerint m\u00e1r a helysz\u00edn is biztos: K\u00e1poszt\u00e1smegyeren, egy bez\u00e1rt Spar \u00fczlet hely\u00e9n alak\u00edtj\u00e1k ki a diszkontot.<\/p>\n<p><strong>A lap azt \u00edrja, a Mere v\u00e1rhat\u00f3an az \u00e9v m\u00e1sodik fel\u00e9ben ny\u00edlhat<\/strong>. Arr\u00f3l, hogy a rendk\u00edv\u00fcl alacsony \u00e1rair\u00f3l ismert orosz diszkontl\u00e1nc \u00dajpestre \u00e9rkezik, kor\u00e1bban a Vil\u00e1ggazdas\u00e1g is <strong><a href=\"https:\/\/www.startlap.hu\/vasarlas\/mere-orosz-diszkontlanc-magyarorszag-nyitas\/\" target=\"_blank\" rel=\"noopener noreferrer\">\u00edrt<\/a><\/strong>, de akkor m\u00e9g a pontos helysz\u00ednt nem lehetett tudni.<\/p>\n<p><strong><a href=\"https:\/\/www.startlap.hu\/vasarlas\/fotok-mere-aruhazlanc-oroszorszag-magyarorszag\/\" target=\"_blank\" rel=\"noopener noreferrer\">T\u00f6bb, az olcs\u00f3s\u00e1got r\u00e9szben magyar\u00e1z\u00f3 fot\u00f3t is k\u00f6z\u00f6lt\u00fcnk <\/a><\/strong>m\u00e1r arr\u00f3l, hogy hogyan n\u00e9znek ki bel\u00fclr\u0151l a Mere \u00fczletei. A piaci \u00e1tlagn\u00e1l 20-30 sz\u00e1zal\u00e9kkal olcs\u00f3bbnak mondott&nbsp;orosz \u00e1ruh\u00e1zl\u00e1nc a tervek szerint az elk\u00f6vetkez\u0151 \u00e9vben h\u00fasz \u00fczletet nyitna Budapesten \u00e9s az agglomer\u00e1ci\u00f3ban, h\u00e1rom \u00e9ven bel\u00fcl pedig m\u00e1r 200-ra n\u00f6veln\u00e9 a boltjai sz\u00e1m\u00e1t.<\/p>\n<figure id=\"attachment_2246291\" aria-describedby=\"caption-attachment-2246291\" style=\"width: 755px\" class=\"wp-caption alignnone\"><a href=\"https:\/\/www.startlap.hu\/vasarlas\/uploads\/2024\/04\/mere-elado.jpg\"><img loading=\"lazy\" decoding=\"async\" class=\"wp-image-2246291 size-article-size-large-image\" src=\"https:\/\/www.startlap.hu\/vasarlas\/uploads\/2024\/04\/mere-elado-755x483.jpg\" alt=\"\" width=\"755\" height=\"483\" srcset=\"https:\/\/www.startlap.hu\/vasarlas\/uploads\/2024\/04\/mere-elado-755x483.jpg 755w, https:\/\/www.startlap.hu\/vasarlas\/uploads\/2024\/04\/mere-elado-547x350.jpg 547w, https:\/\/www.startlap.hu\/vasarlas\/uploads\/2024\/04\/mere-elado.jpg 850w\" sizes=\"auto, (max-width: 755px) 100vw, 755px\" \/><\/a><figcaption id=\"caption-attachment-2246291\" class=\"wp-caption-text\">Fot\u00f3: AFP<\/figcaption><\/figure>\n<p>Igaz, a Vil\u00e1ggazdas\u00e1g k\u00e9tkedve eml\u00edti ezeket a magas sz\u00e1mokat, megjegyezve, hogy a Lidlnek nagyj\u00e1b\u00f3l 15 \u00e9v alatt siker\u00fclt ennyi \u00fczletet nyitnia. A lap piaci forr\u00e1sa pedig azt \u00e1ll\u00edtja, hogy az oroszok t\u00e1vlati, 5-10 \u00e9ves c\u00e9lkit\u0171z\u00e9se, hogy legfeljebb sz\u00e1z Mere boltb\u00f3l \u00e1ll\u00f3 h\u00e1l\u00f3zatot hozzanak l\u00e9tre.<\/p>\n<div class=\"o-widget m-readMoreWidget -readMore u-shortDecorLineAfter row widget-container _ce_measure_widget bigdata-widget read-more\" data-ce-measure-widget=\"olvass tov\u00e1bb\">\n\t<div class=\"m-readMoreWidget__imgWrapper image-wrapper col-12 col-md-4 no-p\">\n\t\t<a class=\"m-readMoreWidget__imgLink\" href=\"https:\/\/www.startlap.hu\/vasarlas\/254-millio-forintot-utalt-vissza-tevedesbol-az-apple-egy-magyar-ugyfelenek\/\" >\n\t\t\t<img decoding=\"async\" src=\"https:\/\/www.startlap.hu\/vasarlas\/uploads\/2024\/07\/apple-pay-350x285.jpg\" class=\"m-readMoreWidget__img\">\n\t\t<\/a>\n\t<\/div>\n\t<div class=\"m-readMoreWidget__titleWrapper title-wrapper col-12 col-md-8\">\n\t\t<span class=\"m-readMoreWidget__titleLabel u-shortDecorLineBefore label hidden-sm-up\">Ez is \u00e9rdekelhet:<\/span>\n\t\t<h3 class=\"m-readMoreWidget__title title\">\n\t\t\t<a class=\"m-readMoreWidget__titleLink -secondFont u-bold u-upperCase\" href=\"https:\/\/www.startlap.hu\/vasarlas\/254-millio-forintot-utalt-vissza-tevedesbol-az-apple-egy-magyar-ugyfelenek\/\" >254 milli\u00f3 forintot utalt vissza t\u00e9ved\u00e9sb\u0151l az Apple egy magyar \u00fcgyfel\u00e9nek<\/a>\n\t\t<\/h3>\n\t\t<a class=\"m-readMoreWidget__btn -coloredBack u-tC link\" href=\"https:\/\/www.startlap.hu\/vasarlas\/254-millio-forintot-utalt-vissza-tevedesbol-az-apple-egy-magyar-ugyfelenek\/\" >Elolvasom<\/a>\n\t<\/div>\n<\/div>\n","protected":false},"excerpt":{"rendered":"<p>K\u00e1poszt\u00e1smegyeren ny\u00edlhat az els\u0151 Mere bolt Magyarorsz\u00e1gon, egy nemr\u00e9g bez\u00e1rt Spar \u00fczlet hely\u00e9n.<\/p>\n","protected":false},"author":45,"featured_media":2246299,"comment_status":"closed","ping_status":"closed","sticky":false,"template":"","format":"standard","meta":{"footnotes":""},"categories":[8180],"tags":[16869,1934],"class_list":["post-2249469","post","type-post","status-publish","format-standard","has-post-thumbnail","hentry","category-trending","tag-mere","tag-ujpest"],"aioseo_notices":[],"_links":{"self":[{"href":"https:\/\/www.startlap.hu\/vasarlas\/wp-json\/wp\/v2\/posts\/2249469","targetHints":{"allow":["GET"]}}],"collection":[{"href":"https:\/\/www.startlap.hu\/vasarlas\/wp-json\/wp\/v2\/posts"}],"about":[{"href":"https:\/\/www.startlap.hu\/vasarlas\/wp-json\/wp\/v2\/types\/post"}],"author":[{"embeddable":true,"href":"https:\/\/www.startlap.hu\/vasarlas\/wp-json\/wp\/v2\/users\/45"}],"replies":[{"embeddable":true,"href":"https:\/\/www.startlap.hu\/vasarlas\/wp-json\/wp\/v2\/comments?post=2249469"}],"version-history":[{"count":3,"href":"https:\/\/www.startlap.hu\/vasarlas\/wp-json\/wp\/v2\/posts\/2249469\/revisions"}],"predecessor-version":[{"id":2249474,"href":"https:\/\/www.startlap.hu\/vasarlas\/wp-json\/wp\/v2\/posts\/2249469\/revisions\/2249474"}],"wp:featuredmedia":[{"embeddable":true,"href":"https:\/\/www.startlap.hu\/vasarlas\/wp-json\/wp\/v2\/media\/2246299"}],"wp:attachment":[{"href":"https:\/\/www.startlap.hu\/vasarlas\/wp-json\/wp\/v2\/media?parent=2249469"}],"wp:term":[{"taxonomy":"category","embeddable":true,"href":"https:\/\/www.startlap.hu\/vasarlas\/wp-json\/wp\/v2\/categories?post=2249469"},{"taxonomy":"post_tag","embeddable":true,"href":"https:\/\/www.startlap.hu\/vasarlas\/wp-json\/wp\/v2\/tags?post=2249469"}],"curies":[{"name":"wp","href":"https:\/\/api.w.org\/{rel}","templated":true}]}}