{"id":2248377,"date":"2024-06-05T10:13:57","date_gmt":"2024-06-05T08:13:57","guid":{"rendered":"https:\/\/www.startlap.hu\/vasarlas\/?p=2248377"},"modified":"2024-06-05T10:13:57","modified_gmt":"2024-06-05T08:13:57","slug":"mere-orosz-diszkontlanc-magyarorszag-nyitas","status":"publish","type":"post","link":"https:\/\/www.startlap.hu\/vasarlas\/mere-orosz-diszkontlanc-magyarorszag-nyitas\/","title":{"rendered":"Itt ny\u00edlhat az orosz Mere els\u0151 hazai diszkontja"},"content":{"rendered":"<p>Ahogy arr\u00f3l kor\u00e1bban <a href=\"https:\/\/www.startlap.hu\/vasarlas\/mere-orosz-diszkontlanc-arak-magyarorszag-nyitas\/\" target=\"_blank\" rel=\"noopener noreferrer\">t\u00f6bb cikkben is besz\u00e1moltunk<\/a>, <strong>a piaci \u00e1tlagn\u00e1l 20-30 sz\u00e1zal\u00e9kkal <a href=\"https:\/\/www.startlap.hu\/vasarlas\/mere-orosz-diszkontlanc-arak-magyarorszag-nyitas\/\" target=\"_blank\" rel=\"noopener noreferrer\">olcs\u00f3bbnak mondott<\/a><\/strong> orosz \u00e1ruh\u00e1zl\u00e1nc a tervek szerint az elk\u00f6vetkez\u0151 \u00e9vben h\u00fasz \u00fczletet nyitna Budapesten \u00e9s az agglomer\u00e1ci\u00f3ban, h\u00e1rom \u00e9ven bel\u00fcl pedig m\u00e1r 200-ra n\u00f6veln\u00e9 a boltjai sz\u00e1m\u00e1t. Igaz, a Vil\u00e1ggazdas\u00e1g k\u00e9tkedve eml\u00edti ezeket a magas sz\u00e1mokat, megjegyezve, hogy a Lidlnek nagyj\u00e1b\u00f3l 15 \u00e9v alatt siker\u00fclt ennyi \u00fczletet nyitnia. A lap piaci forr\u00e1sa pedig azt \u00e1ll\u00edtja, hogy az oroszok t\u00e1vlati, 5-10 \u00e9ves c\u00e9lkit\u0171z\u00e9se, hogy legfeljebb sz\u00e1z Mere boltb\u00f3l \u00e1ll\u00f3 h\u00e1l\u00f3zatot hozzanak l\u00e9tre.<\/p>\n<p><strong>Ebben a cikkben <a href=\"https:\/\/www.startlap.hu\/vasarlas\/fotok-mere-aruhazlanc-oroszorszag-magyarorszag\/\" target=\"_blank\" rel=\"noopener noreferrer\">t\u00f6bb, az olcs\u00f3s\u00e1got r\u00e9szben magyar\u00e1z\u00f3 fot\u00f3t is k\u00f6z\u00f6lt\u00fcnk<\/a>&nbsp;arr\u00f3l, hogy hogyan n\u00e9znek ki bel\u00fclr\u0151l a Mere \u00fczletei.<\/strong><\/p>\n<figure id=\"attachment_2246293\" aria-describedby=\"caption-attachment-2246293\" style=\"width: 755px\" class=\"wp-caption alignnone\"><img loading=\"lazy\" decoding=\"async\" class=\"size-article-size-large-image wp-image-2246293\" src=\"https:\/\/www.startlap.hu\/vasarlas\/uploads\/2024\/04\/mere-07-755x486.jpg\" alt=\"A Mere orosz diszkontl\u00e1nc egyik \u00fczlete.\" width=\"755\" height=\"486\" srcset=\"https:\/\/www.startlap.hu\/vasarlas\/uploads\/2024\/04\/mere-07-755x486.jpg 755w, https:\/\/www.startlap.hu\/vasarlas\/uploads\/2024\/04\/mere-07-544x350.jpg 544w, https:\/\/www.startlap.hu\/vasarlas\/uploads\/2024\/04\/mere-07.jpg 1200w\" sizes=\"auto, (max-width: 755px) 100vw, 755px\" \/><figcaption id=\"caption-attachment-2246293\" class=\"wp-caption-text\">AFP<\/figcaption><\/figure>\n<p>A <a href=\"https:\/\/www.hirstart.hu\/site\/relocate.php?rssid=87&amp;rsspid=3&amp;ctype=rss&amp;id=30546820&amp;chk=1f1fae5c3ed536144f0fcdebd7cc581d&amp;url=https%3A%2F%2Fwww.vg.hu%2Fkiskereskedelem%2F2024%2F06%2Fmere-megtudtuk-mikor-es-hol-nyilik-az-elso-orosz-bolt-magyarorszagon-ezeket-fogjak-arulni%3Futm_source%3Dhirstart%26utm_medium%3Dreferral%26utm_campaign%3Dhiraggregator\" target=\"_blank\" target=\"_blank\" rel=\"noopener noreferrer\">Vil\u00e1ggazdas\u00e1g<\/a> most hiteles forr\u00e1sokra hivatkozva azt \u00edrja, hogy az orosz c\u00e9g m\u00e1r konkr\u00e9t boltok helysz\u00edn\u00e9r\u0151l folytat el\u0151rehaladott t\u00e1rgyal\u00e1sokat. A Mere nem akar \u00faj \u00fczleteket \u00e9p\u00edteni, hanem m\u00e1r megl\u00e9v\u0151 \u00e9p\u00fcleteket alak\u00edtana \u00e1t. Kifejezetten olcs\u00f3, de nagy, 1000 n\u00e9gyzetm\u00e9teres alapter\u00fclet\u0171 csarnokokat keres, amelyek ide\u00e1lisak a raklapos szortiment kihelyez\u00e9s\u00e9re. A lap inform\u00e1ci\u00f3i szerint<\/p>\n<blockquote class=\"article__extraTxt\"><p>h\u00e1rom k\u00f6rben \u00f6t-\u00f6t,&nbsp;teh\u00e1t \u00f6sszesen 15 \u00fczletet alak\u00edtan\u00e1nak ki Magyarorsz\u00e1gon.<\/p><\/blockquote>\n<p>A boltnyit\u00e1si enged\u00e9lyekr\u0151l a ny\u00e1r v\u00e9g\u00e9re sz\u00fclethet d\u00f6nt\u00e9s, els\u0151 etapban Budapesten \u00e9s az agglomer\u00e1ci\u00f3j\u00e1ban kezden\u00e9k meg a m\u0171k\u00f6d\u00e9s\u00fcket, majd a vid\u00e9ki nagyv\u00e1rosok k\u00f6vetkezn\u00e9nek, v\u00e9g\u00fcl pedig a kisebb telep\u00fcl\u00e9seken is megjelenn\u00e9nek.<\/p>\n<p>A Vil\u00e1ggazdas\u00e1g inform\u00e1ci\u00f3i szerint<\/p>\n<blockquote class=\"article__extraTxt\"><p>m\u00e9g az id\u00e9n, de k\u00f6zel a 2024-es \u00e9v v\u00e9g\u00e9hez Budapesten a IV. ker\u00fcletben, \u00dajpesten ny\u00edlhat az els\u0151 Mere bolt Magyarorsz\u00e1gon, de al\u00e1\u00edr\u00e1shoz k\u00f6zeli a szerz\u0151d\u00e9s egy v\u00e1ci \u00e9s egy szegedi ingatlan b\u00e9rl\u00e9s\u00e9r\u0151l is.<\/p><\/blockquote>\n<p>A lap arr\u00f3l is \u00edr, hogy az orosz c\u00e9ggel egy \u00faj kiskereskedelmi modell jelenik meg Magyarorsz\u00e1gon. Az <strong>aut\u00f3s k\u00f6zleked\u00e9st felt\u00e9telez\u0151 boltok maximum 500 term\u00e9kes k\u00edn\u00e1lat\u00e1nak 80 sz\u00e1zal\u00e9k\u00e1t a m\u00e1r j\u00f3l megszokott magyar besz\u00e1ll\u00edt\u00f3k adj\u00e1k majd<\/strong>, a fennmarad\u00f3 r\u00e9szt pedig olyan, f\u0151k\u00e9pp szint\u00e9n hazai termel\u0151k adhatj\u00e1k, akik eddig nem felt\u00e9tlen\u00fcl jutottak be a kiskereskedelmi l\u00e1ncok polcaira.<\/p>\n<div class=\"o-widget m-readMoreWidget -readMore u-shortDecorLineAfter row widget-container _ce_measure_widget bigdata-widget read-more\" data-ce-measure-widget=\"olvass tov\u00e1bb\">\n\t<div class=\"m-readMoreWidget__imgWrapper image-wrapper col-12 col-md-4 no-p\">\n\t\t<a class=\"m-readMoreWidget__imgLink\" href=\"https:\/\/www.startlap.hu\/vasarlas\/csod-nagykereskedo-csod\/\" >\n\t\t\t<img decoding=\"async\" src=\"https:\/\/www.startlap.hu\/vasarlas\/uploads\/2024\/06\/konyvek-2-350x285.jpg\" class=\"m-readMoreWidget__img\">\n\t\t<\/a>\n\t<\/div>\n\t<div class=\"m-readMoreWidget__titleWrapper title-wrapper col-12 col-md-8\">\n\t\t<span class=\"m-readMoreWidget__titleLabel u-shortDecorLineBefore label hidden-sm-up\">Ez is \u00e9rdekelhet:<\/span>\n\t\t<h3 class=\"m-readMoreWidget__title title\">\n\t\t\t<a class=\"m-readMoreWidget__titleLink -secondFont u-bold u-upperCase\" href=\"https:\/\/www.startlap.hu\/vasarlas\/csod-nagykereskedo-csod\/\" >Cs\u0151d\u00f6t jelentett az egyik k\u00f6nyv nagykeresked\u0151<\/a>\n\t\t<\/h3>\n\t\t<a class=\"m-readMoreWidget__btn -coloredBack u-tC link\" href=\"https:\/\/www.startlap.hu\/vasarlas\/csod-nagykereskedo-csod\/\" >Elolvasom<\/a>\n\t<\/div>\n<\/div>\n","protected":false},"excerpt":{"rendered":"<p>Meg\u00e9rkezett Magyarorsz\u00e1gra az orosz boltl\u00e1nc \u00e9s jav\u00e1ban k\u00e9sz\u00fcl az els\u0151 bolt megnyit\u00e1s\u00e1ra.<\/p>\n","protected":false},"author":7,"featured_media":2246293,"comment_status":"closed","ping_status":"closed","sticky":false,"template":"","format":"standard","meta":{"footnotes":""},"categories":[8180],"tags":[15765,16869],"class_list":["post-2248377","post","type-post","status-publish","format-standard","has-post-thumbnail","hentry","category-trending","tag-diszkontlanc","tag-mere"],"aioseo_notices":[],"_links":{"self":[{"href":"https:\/\/www.startlap.hu\/vasarlas\/wp-json\/wp\/v2\/posts\/2248377","targetHints":{"allow":["GET"]}}],"collection":[{"href":"https:\/\/www.startlap.hu\/vasarlas\/wp-json\/wp\/v2\/posts"}],"about":[{"href":"https:\/\/www.startlap.hu\/vasarlas\/wp-json\/wp\/v2\/types\/post"}],"author":[{"embeddable":true,"href":"https:\/\/www.startlap.hu\/vasarlas\/wp-json\/wp\/v2\/users\/7"}],"replies":[{"embeddable":true,"href":"https:\/\/www.startlap.hu\/vasarlas\/wp-json\/wp\/v2\/comments?post=2248377"}],"version-history":[{"count":2,"href":"https:\/\/www.startlap.hu\/vasarlas\/wp-json\/wp\/v2\/posts\/2248377\/revisions"}],"predecessor-version":[{"id":2248381,"href":"https:\/\/www.startlap.hu\/vasarlas\/wp-json\/wp\/v2\/posts\/2248377\/revisions\/2248381"}],"wp:featuredmedia":[{"embeddable":true,"href":"https:\/\/www.startlap.hu\/vasarlas\/wp-json\/wp\/v2\/media\/2246293"}],"wp:attachment":[{"href":"https:\/\/www.startlap.hu\/vasarlas\/wp-json\/wp\/v2\/media?parent=2248377"}],"wp:term":[{"taxonomy":"category","embeddable":true,"href":"https:\/\/www.startlap.hu\/vasarlas\/wp-json\/wp\/v2\/categories?post=2248377"},{"taxonomy":"post_tag","embeddable":true,"href":"https:\/\/www.startlap.hu\/vasarlas\/wp-json\/wp\/v2\/tags?post=2248377"}],"curies":[{"name":"wp","href":"https:\/\/api.w.org\/{rel}","templated":true}]}}