{"id":2247305,"date":"2024-04-26T16:49:36","date_gmt":"2024-04-26T14:49:36","guid":{"rendered":"https:\/\/www.startlap.hu\/vasarlas\/?p=2247305"},"modified":"2024-04-26T16:49:36","modified_gmt":"2024-04-26T14:49:36","slug":"penzszoras-viragultetes-karacsony-mobilfox","status":"publish","type":"post","link":"https:\/\/www.startlap.hu\/vasarlas\/penzszoras-viragultetes-karacsony-mobilfox\/","title":{"rendered":"\u00c9jjel, titokban \u00fcltette vissza a vir\u00e1gokat a p\u00e9nzhajig\u00e1l\u00f3 influenszer"},"content":{"rendered":"<p><strong>Sz\u00e9pr\u00e9thy Roland<\/strong> Instagram-oldal\u00e1r\u00f3l der\u00fclt ki, hogy cs\u00fct\u00f6rt\u00f6k \u00e9jszaka, \u00e9ppen aznap, amikor <strong>Kar\u00e1csony Gergely<\/strong> budapesti f\u0151polg\u00e1rmestere az influenszer okozta k\u00e1rok helyre\u00e1ll\u00edt\u00e1sa \u00e9rdek\u00e9ben k\u00f6z\u00f6ss\u00e9gi \u00fcltet\u00e9st hirdetett, p\u00f3tolt\u00e1k a letaposott vir\u00e1gokat &#8211; vette \u00e9szre az <a href=\"https:\/\/index.hu\/fomo\/2024\/04\/26\/szeprethy-roland-mobilfox-viragultetes-karacsony-gergely-deak-ter\/\" target=\"_blank\" target=\"_blank\" rel=\"noopener noreferrer\"><strong>Index<\/strong><\/a>.<\/p>\n<p>A vir\u00e1gok vissza\u00fcltet\u00e9s\u00e9t m\u00e1r kor\u00e1bban meg\u00edg\u00e9r\u0151<\/p>\n<blockquote class=\"article__extraTxt\"><p>Sz\u00e9pr\u00e9thy p\u00e9nteken egy fot\u00f3t k\u00f6z\u00f6lt, amelyen puszit k\u00fcld\u00f6tt Kar\u00e1csonynak, \u00e9s a h\u00e1tt\u00e9rben megmutatta a ter\u00fcletet, imm\u00e1r ism\u00e9t tele vir\u00e1gokkal.&nbsp;<\/p><\/blockquote>\n<p>Sz\u00e9pr\u00e9thy Roland, a Mobilfox nev\u0171 telefontok-gy\u00e1rt\u00f3 influenszere a c\u00e9g irod\u00e1j\u00e1nak tetej\u00e9r\u0151l sz\u00f3rt sz\u00e9t k\u00e9tmilli\u00f3 forintot, \u00e1ll\u00edt\u00f3lag az\u00e9rt, mert a c\u00e9gben 25 sz\u00e1zal\u00e9kos r\u00e9szesed\u00e9st kapott. A k\u00fcl\u00f6n\u00f6s marketingkamp\u00e1ny k\u00f6vetkezm\u00e9nye az volt, hogy a p\u00e9nzes\u0151 alatt t\u00fcleked\u0151 emberek sz\u00e9ttapost\u00e1k a De\u00e1k t\u00e9ren a friss vir\u00e1g\u00e1gy\u00e1st.<\/p>\n<p><iframe loading=\"lazy\" width=\"500\" height=\"693\" frameborder=\"0\" src=\"https:\/\/www.facebook.com\/plugins\/post.php?href=https%3A%2F%2Fwww.facebook.com%2Fkaracsonygergely%2Fposts%2Fpfbid02t3A8jNHTjxeAVFoHnBPx9QFx8EfGxJegjSrXwVfSDoZov7wxnrRFpGCxH1wQbbEQl&amp;show_text=true&amp;width=500&amp;is_preview=true\"><\/iframe>&nbsp;<\/p>\n<p>Kar\u00e1csony Gergely Facebook-oldal\u00e1n cs\u00fct\u00f6rt\u00f6k\u00f6n jelent meg a felh\u00edv\u00e1s egy f\u00e9nyk\u00e9p k\u00eds\u00e9ret\u00e9ben egy adag pal\u00e1nt\u00e1r\u00f3l, amelyek mint \u00edrta, &#8222;arra v\u00e1rnak, hogy ki\u00fcltess\u00fck \u0151ket k\u00f6z\u00f6sen a De\u00e1k t\u00e9ren, az ostoba p\u00e9nzsz\u00f3r\u00f3 marketingakci\u00f3 miatt letaposott vir\u00e1gok hely\u00e9re&#8221;.<\/p>\n<p><iframe loading=\"lazy\" width=\"500\" height=\"693\" frameborder=\"0\" src=\"https:\/\/www.facebook.com\/plugins\/post.php?href=https%3A%2F%2Fwww.facebook.com%2Fkaracsonygergely%2Fposts%2Fpfbid0wbEoZ2NM1LgDPsaYDUm4s2JhyUchFimva14jMRz8JkpVJmR7YibcyiPY6zcCk1BXl&amp;show_text=true&amp;width=500&amp;is_preview=true\"><\/iframe>&nbsp;<\/p>\n<p>Az influenszer akci\u00f3j\u00e1t k\u00f6vet\u0151en a F\u0151polg\u00e1rmesteri Hivatal <a href=\"https:\/\/www.startlap.hu\/vasarlas\/penzszoras-influenszer-eljaras-belvaros\/\" target=\"_blank\" rel=\"noopener noreferrer\"><strong>elj\u00e1r\u00e1st ind\u00edtott<\/strong><\/a> jogosulatlan rekl\u00e1mtev\u00e9kenys\u00e9g \u00e9s k\u00f6zter\u00fclet-haszn\u00e1lat miatt. Sz\u00e9pr\u00e9thy m\u00e1r kor\u00e1bban is kritiz\u00e1lta Kar\u00e1csony Gergelyt, a k\u00e9tmilli\u00f3 forintnyi pap\u00edrp\u00e9nz eldob\u00e1l\u00e1s\u00e1t illet\u0151en pedig <a href=\"https:\/\/www.startlap.hu\/vasarlas\/penzszoras-influenszer-eljaras-belvaros\/\" target=\"_blank\" rel=\"noopener noreferrer\"><strong>azt \u00e1ll\u00edtotta<\/strong><\/a>, az nem a p\u00e9nzr\u0151l sz\u00f3lt, hanem &#8222;egy mes\u00e9t alkottak meg&#8221; vele. \u0150 \u00e9s a mobilfox tulajdonosa egyar\u00e1nt tagadt\u00e1k, hogy az akci\u00f3 m\u00e9diahekk lett volna.<\/p>\n<p><span style=\"font-size: 14px\"><em>C\u00edmlapk\u00e9p: AFP<\/em><\/span><\/p>\n<div class=\"o-widget m-readMoreWidget -readMore u-shortDecorLineAfter row widget-container _ce_measure_widget bigdata-widget read-more\" data-ce-measure-widget=\"olvass tov\u00e1bb\">\n\t<div class=\"m-readMoreWidget__imgWrapper image-wrapper col-12 col-md-4 no-p\">\n\t\t<a class=\"m-readMoreWidget__imgLink\" href=\"https:\/\/www.startlap.hu\/vasarlas\/deak-ter-penzszoras-mobilfox\/\" >\n\t\t\t<img decoding=\"async\" src=\"https:\/\/www.startlap.hu\/vasarlas\/uploads\/2024\/04\/forint_ezres-350x285.jpg\" class=\"m-readMoreWidget__img\">\n\t\t<\/a>\n\t<\/div>\n\t<div class=\"m-readMoreWidget__titleWrapper title-wrapper col-12 col-md-8\">\n\t\t<span class=\"m-readMoreWidget__titleLabel u-shortDecorLineBefore label hidden-sm-up\">Ez is \u00e9rdekelhet:<\/span>\n\t\t<h3 class=\"m-readMoreWidget__title title\">\n\t\t\t<a class=\"m-readMoreWidget__titleLink -secondFont u-bold u-upperCase\" href=\"https:\/\/www.startlap.hu\/vasarlas\/deak-ter-penzszoras-mobilfox\/\" >De\u00e1k t\u00e9ri p\u00e9nzsz\u00f3r\u00e1s: megsz\u00f3lalt a NAV az \u00fcgyben<\/a>\n\t\t<\/h3>\n\t\t<a class=\"m-readMoreWidget__btn -coloredBack u-tC link\" href=\"https:\/\/www.startlap.hu\/vasarlas\/deak-ter-penzszoras-mobilfox\/\" >Elolvasom<\/a>\n\t<\/div>\n<\/div>\n","protected":false},"excerpt":{"rendered":"<p>\u00c9s puszit k\u00fcld\u00f6tt Kar\u00e1csony Gergelynek, aki k\u00f6z\u00f6ss\u00e9gi vir\u00e1g\u00fcltet\u00e9st hirdetett, de erre m\u00e1r nem lesz sz\u00fcks\u00e9g.<\/p>\n","protected":false},"author":14,"featured_media":2247309,"comment_status":"closed","ping_status":"closed","sticky":false,"template":"","format":"standard","meta":{"footnotes":""},"categories":[8180],"tags":[11443,115,18993,19000,19014],"class_list":["post-2247305","post","type-post","status-publish","format-standard","has-post-thumbnail","hentry","category-trending","tag-influenszer","tag-karacsony-gergely","tag-mobilfox","tag-penzosztas","tag-viragultetes"],"aioseo_notices":[],"_links":{"self":[{"href":"https:\/\/www.startlap.hu\/vasarlas\/wp-json\/wp\/v2\/posts\/2247305","targetHints":{"allow":["GET"]}}],"collection":[{"href":"https:\/\/www.startlap.hu\/vasarlas\/wp-json\/wp\/v2\/posts"}],"about":[{"href":"https:\/\/www.startlap.hu\/vasarlas\/wp-json\/wp\/v2\/types\/post"}],"author":[{"embeddable":true,"href":"https:\/\/www.startlap.hu\/vasarlas\/wp-json\/wp\/v2\/users\/14"}],"replies":[{"embeddable":true,"href":"https:\/\/www.startlap.hu\/vasarlas\/wp-json\/wp\/v2\/comments?post=2247305"}],"version-history":[{"count":2,"href":"https:\/\/www.startlap.hu\/vasarlas\/wp-json\/wp\/v2\/posts\/2247305\/revisions"}],"predecessor-version":[{"id":2247310,"href":"https:\/\/www.startlap.hu\/vasarlas\/wp-json\/wp\/v2\/posts\/2247305\/revisions\/2247310"}],"wp:featuredmedia":[{"embeddable":true,"href":"https:\/\/www.startlap.hu\/vasarlas\/wp-json\/wp\/v2\/media\/2247309"}],"wp:attachment":[{"href":"https:\/\/www.startlap.hu\/vasarlas\/wp-json\/wp\/v2\/media?parent=2247305"}],"wp:term":[{"taxonomy":"category","embeddable":true,"href":"https:\/\/www.startlap.hu\/vasarlas\/wp-json\/wp\/v2\/categories?post=2247305"},{"taxonomy":"post_tag","embeddable":true,"href":"https:\/\/www.startlap.hu\/vasarlas\/wp-json\/wp\/v2\/tags?post=2247305"}],"curies":[{"name":"wp","href":"https:\/\/api.w.org\/{rel}","templated":true}]}}