{"id":2246271,"date":"2024-04-06T11:34:55","date_gmt":"2024-04-06T09:34:55","guid":{"rendered":"https:\/\/www.startlap.hu\/vasarlas\/?p=2246271"},"modified":"2024-04-06T11:23:16","modified_gmt":"2024-04-06T09:23:16","slug":"konyv-hasznalt-konyv-antikvarium","status":"publish","type":"post","link":"https:\/\/www.startlap.hu\/vasarlas\/konyv-hasznalt-konyv-antikvarium\/","title":{"rendered":"Erre figyelj, miel\u0151tt haszn\u00e1lt k\u00f6nyvet v\u00e1s\u00e1rolsz"},"content":{"rendered":"<p>A pap\u00edr dr\u00e1gul\u00e1sa miatt a k\u00f6nyvek \u00e1ra is jelent\u0151sen megugrott az ut\u00f3bbi p\u00e1r \u00e9vben. Az <a href=\"https:\/\/www.startlap.hu\/vasarlas\/nyary-krisztian-irodalom-olvasas-honapja-konyvek-2023\/\" target=\"_blank\" rel=\"noopener noreferrer\">olvas\u00e1sr\u00f3l<\/a> ugyanakkor v\u00e9tek lemondani, hiszen fejleszti az emp\u00e1ti\u00e1t, a kreativit\u00e1st \u00e9s az intelligenci\u00e1t, a k\u00f6nyvek emellett seg\u00edtenek kiszakadni a h\u00e9tk\u00f6znapokb\u00f3l, mik\u00f6zben fontos, \u00e9letre sz\u00f3l\u00f3 leck\u00e9ket is tanulunk bel\u0151l\u00fck.<\/p>\n<p>Amennyiben nincs ellenedre haszn\u00e1lt k\u00f6nyveket lapozgatni, \u00f6sszegy\u0171jt\u00f6tt\u00fcnk a v\u00e1s\u00e1rl\u00e1shoz n\u00e9h\u00e1ny tippet. P\u00e9ldak\u00e9nt kiv\u00e1lasztottunk k\u00e9t k\u00f6nyvet, a k\u00f6teteket igyekezt\u00fcnk a lehet\u0151 legolcs\u00f3bban megv\u00e1s\u00e1rolni. \u00cdme a tapasztalataink.<\/p>\n<h2>Tapasztalatok a haszn\u00e1lt k\u00f6nyvek v\u00e1s\u00e1rl\u00e1sa el\u0151tt<\/h2>\n<p>Ha a lehet\u0151 legolcs\u00f3bban szeretn\u00e9l megv\u00e1s\u00e1rolni egy k\u00f6nyvet, a keresg\u00e9l\u00e9sre sz\u00e1nt id\u0151t semmik\u00e9pp nem tudod megsp\u00f3rolni magadnak. Ez nem csup\u00e1n a legkedvez\u0151bb \u00e1r\u00fa aj\u00e1nlat megtal\u00e1l\u00e1s\u00e1t jelenti. Sok esetben kapcsolatba kell l\u00e9pni az elad\u00f3kkal is, ha az adott k\u00f6nyv \u00e1r\u00e1t, min\u0151s\u00e9g\u00e9t, kiad\u00e1s \u00e9v\u00e9t nem t\u00fcntetik fel megfelel\u0151en.<\/p>\n<blockquote class=\"article__extraTxt\"><p>Nagyon fontos, hogy legel\u0151sz\u00f6r keress r\u00e1 a k\u00f6nyvre a k\u00f6nyv\u00e1ruh\u00e1zak oldalain.<\/p><\/blockquote>\n<p>Egyr\u00e9szt az\u00e9rt, mert \u00edgy tiszt\u00e1ban leszel a kiszemelt darab piaci \u00e1r\u00e1val \u00e9s azzal, hogy egy\u00e1ltal\u00e1n el\u00e9rhet\u0151-e az adott k\u00f6nyv a boltokban. Ezut\u00e1n j\u00f3val egyszer\u0171bb a haszn\u00e1lt p\u00e9ld\u00e1nyok k\u00f6zt v\u00e1logatni, hiszen az elad\u00f3k olykor irre\u00e1lis, az \u00fajonnan v\u00e1s\u00e1rolhat\u00f3 p\u00e9ld\u00e1nyok t\u00f6bbsz\u00f6r\u00f6s \u00e1r\u00e1n k\u00edn\u00e1lnak m\u00e1sodk\u00e9zb\u0151l val\u00f3 k\u00f6nyveket.<\/p>\n<figure id=\"attachment_2194211\" aria-describedby=\"caption-attachment-2194211\" style=\"width: 755px\" class=\"wp-caption alignnone\"><a href=\"https:\/\/www.startlap.hu\/vasarlas\/uploads\/2020\/05\/konyvajanlo-vasarlas-animus.jpg\"><img loading=\"lazy\" decoding=\"async\" class=\"size-article-size-large-image wp-image-2194211\" src=\"https:\/\/www.startlap.hu\/vasarlas\/uploads\/2020\/05\/konyvajanlo-vasarlas-animus-755x503.jpg\" alt=\"k\u00f6nyvaj\u00e1nl\u00f3 2020 m\u00e1jus\" width=\"755\" height=\"503\" srcset=\"https:\/\/www.startlap.hu\/vasarlas\/uploads\/2020\/05\/konyvajanlo-vasarlas-animus-755x503.jpg 755w, https:\/\/www.startlap.hu\/vasarlas\/uploads\/2020\/05\/konyvajanlo-vasarlas-animus-525x350.jpg 525w, https:\/\/www.startlap.hu\/vasarlas\/uploads\/2020\/05\/konyvajanlo-vasarlas-animus.jpg 1200w\" sizes=\"auto, (max-width: 755px) 100vw, 755px\" \/><\/a><figcaption id=\"caption-attachment-2194211\" class=\"wp-caption-text\">Forr\u00e1s: Getty Images<\/figcaption><\/figure>\n<p>Nem abszol\u00fat szab\u00e1ly az sem, hogy mindig a legolcs\u00f3bb aj\u00e1nlattal j\u00e1rsz a legjobban. Rengeteg platformon ugyanis csak a haszn\u00e1lt k\u00f6nyvek \u00e1r\u00e1t t\u00fcntetik fel, a <strong>sz\u00e1ll\u00edt\u00e1si k\u00f6lts\u00e9ggel<\/strong> viszont &#8211; egy 2000 forint k\u00f6r\u00fcl \u00e1rult haszn\u00e1lt k\u00f6tet eset\u00e9n &#8211; ak\u00e1r meg is dupl\u00e1z\u00f3dhatnak a k\u00f6lts\u00e9geid.<\/p>\n<p>Amennyiben teh\u00e1t az elad\u00f3 nem jelzi el\u0151re, hol biztos\u00edt\/ biztos\u00edtja-e a szem\u00e9lyes \u00e1tv\u00e9tel lehet\u0151s\u00e9g\u00e9t, mindenk\u00e9pp \u00e9rdemes m\u00e9g v\u00e1s\u00e1rl\u00e1s el\u0151tt megtudakolnod ezt is.<\/p>\n<p>Olvas\u00f3k\u00e9nt ezek mellett nem szabad elengedni azt a szempontot sem, hogy igenis <strong>fontos t\u00e1mogatni a kiad\u00f3kat \u00e9s szerz\u0151ket<\/strong>. \u00c9pp ez\u00e9rt az anyagi lehet\u0151s\u00e9geidnek megfelel\u0151en hozz kompromisszumot. D\u00f6nthetsz \u00fagy p\u00e9ld\u00e1ul, hogy egy el\u0151re meghat\u00e1rozott havi\/\u00e9ves \u00e1rhat\u00e1r k\u00f6z\u00f6tt k\u00f6ltesz \u00faj k\u00f6tetekre, de remek korl\u00e1tk\u00e9nt szolg\u00e1lhat az is, ha a magyar \u00edr\u00f3k vagy a kedvenc szerz\u0151id k\u00f6nyveit szerzed be mindig \u00fajonnan.<\/p>\n<h2>Nyomtalanul &#8211; 3500 forint \/ postak\u00f6lts\u00e9ggel<\/h2>\n<p>Az els\u0151 k\u00f6nyv, amit megszerezt\u00fcnk, Jussi Adler-Olsen h\u00edres skandin\u00e1v krimisorozat\u00e1nak (a <a href=\"https:\/\/animuscentral.hu\/szerzo\/jussi-adler-olsen\" target=\"_blank\" target=\"_blank\" rel=\"noopener noreferrer\">Q-\u00fcgyoszt\u00e1ly esetei<\/a>) els\u0151 r\u00e9sze, a Nyomtalanul c\u00edm\u0171 reg\u00e9ny volt. A k\u00f6nyvet &#8211; \u00e9s a sorozat t\u00f6bbi r\u00e9sz\u00e9t &#8211; az Animus Kiad\u00f3 adta ki, \u00e9s jelenleg csup\u00e1n E-k\u00f6nyv form\u00e1j\u00e1ban v\u00e1s\u00e1rolhat\u00f3 meg a boltokban. Az eredeti \u00e1r 3290 forint volt, az E-k\u00f6nyv pedig 1990 forintba ker\u00fcl.<\/p>\n<figure id=\"attachment_2242174\" aria-describedby=\"caption-attachment-2242174\" style=\"width: 755px\" class=\"wp-caption alignnone\"><a href=\"https:\/\/www.startlap.hu\/vasarlas\/uploads\/2023\/11\/olvasas.jpg\"><img loading=\"lazy\" decoding=\"async\" class=\"size-article-size-large-image wp-image-2242174\" src=\"https:\/\/www.startlap.hu\/vasarlas\/uploads\/2023\/11\/olvasas-755x511.jpg\" alt=\"K\u00f6nyvek egy k\u00f6nyvesboltban\" width=\"755\" height=\"511\" srcset=\"https:\/\/www.startlap.hu\/vasarlas\/uploads\/2023\/11\/olvasas-755x511.jpg 755w, https:\/\/www.startlap.hu\/vasarlas\/uploads\/2023\/11\/olvasas-1536x1039.jpg 1536w, https:\/\/www.startlap.hu\/vasarlas\/uploads\/2023\/11\/olvasas-2048x1385.jpg 2048w, https:\/\/www.startlap.hu\/vasarlas\/uploads\/2023\/11\/olvasas-518x350.jpg 518w\" sizes=\"auto, (max-width: 755px) 100vw, 755px\" \/><\/a><figcaption id=\"caption-attachment-2242174\" class=\"wp-caption-text\">Fot\u00f3: Getty Images<\/figcaption><\/figure>\n<p>A tapasztalataink alapj\u00e1n a krimik, skandin\u00e1v krimik &#8211; no \u00e9s persze Jussi Adler-Olsen sorozata &#8211; nagyon n\u00e9pszer\u0171 az olvas\u00f3k k\u00f6z\u00f6tt. A Facebook-csoportokban v\u00e9g\u00fcl nem is tal\u00e1ltunk elad\u00f3 p\u00e9ld\u00e1nyt, a t\u00f6bbi haszn\u00e1lt k\u00f6nyves oldalon pedig minimum 5000 forintot kellett volna k\u00f6lten\u00fcnk a k\u00f6nyve a sz\u00e1ll\u00edt\u00e1si k\u00f6lts\u00e9g mellett.<\/p>\n<p>A Vater\u00e1n ugyanakkor \u00e9pp tal\u00e1ltunk el\u00e9rhet\u0151 p\u00e9ld\u00e1nyt kedvez\u0151 \u00e1ron, de a k\u00f6nyvet \u00e1rver\u00e9sre bocs\u00e1tott\u00e1k. A licit\u00e1l\u00e1s h\u00e1tr\u00e1nya, hogy olykor nagyon megugorhat a v\u00e9tel\u00e1r, r\u00e1ad\u00e1sul csak egy meghat\u00e1rozott id\u0151 ut\u00e1n juthatunk a k\u00f6nyvh\u00f6z.<\/p>\n<blockquote class=\"article__extraTxt\"><p>V\u00e9g\u00fcl a <a href=\"https:\/\/www.startlap.hu\/vasarlas\/vinted-dr-molnar-linda-gabriella-vasarlas\/\" target=\"_blank\" rel=\"noopener noreferrer\">Vinted<\/a> fel\u00fclet\u00e9n pr\u00f3b\u00e1lkoztunk, ahol kifejezetten olcs\u00f3n, 1700 forint\u00e9rt \u00e1rult\u00e1k a k\u00f6nyvet.<\/p><\/blockquote>\n<p>A Vinteddel egy\u00e9bk\u00e9nt az a tapasztalatunk, hogy a fel\u00fcleten olcs\u00f3bban lehet k\u00f6nyvekhez jutni, mint \u00e1ltal\u00e1ban a k\u00fcl\u00f6nb\u00f6z\u0151 Facebook-csoportokon, antikv\u00e1riumokon kereszt\u00fcl. Ha most popul\u00e1risabbnak sz\u00e1m\u00edt\u00f3 k\u00f6nyveket keresel \u00e9ppen, mindenk\u00e9pp \u00e9rdemes ezen a fel\u00fcleten is k\u00f6rben\u00e9zni.<\/p>\n<p>A Vinted h\u00e1tr\u00e1nya, hogy a platform sz\u00e1ll\u00edt\u00e1ssal kalkul\u00e1lja az ad\u00e1sv\u00e9telt. Ugyanakkor v\u00e1s\u00e1rl\u00e1s el\u0151tt az\u00e9rt k\u00e9rdezz r\u00e1 az elad\u00f3n\u00e1l, hogy a k\u00f6zeledben lakik-e, \u00e9s esetleg meg tudj\u00e1tok-e oldani szem\u00e9lyesen az \u00fcgyletet.<\/p>\n<p>A legjobb k\u00f6nyves Facebook-csoportok k\u00f6z\u00f6tt szerepel az Elad\u00f3 k\u00f6nyvek csoport, a<a href=\"https:\/\/www.facebook.com\/groups\/1538940473041156\/?locale=hu_HU\" target=\"_blank\" target=\"_blank\" rel=\"noopener noreferrer\"> K\u00f6nyv Adok veszek, Cserebere<\/a> csoport \u00e9s a <a href=\"https:\/\/www.facebook.com\/groups\/1554344471473447\/\" target=\"_blank\" target=\"_blank\" rel=\"noopener noreferrer\">K\u00f6nyv ad\u00e1s-v\u00e9tel<\/a> csoport.<\/p>\n<h2>Monte Cristo gr\u00f3fja &#8211; 1500 forint szem\u00e9lyes \u00e1tv\u00e9tellel<\/h2>\n<p>M\u00e1sodiknak egy olyan klasszikust v\u00e1lasztottunk, ami szuper olvasm\u00e1ny gyerekeknek \u00e9s fiataloknak az iskolai sz\u00fcnetekben, de aj\u00e1nljuk b\u00e1rmely feln\u0151tt sz\u00e1m\u00e1ra is: ez a Monte Cristo gr\u00f3fja Alexandre Dumas \u00edr\u00f3t\u00f3l. A m\u0171 jelenleg szint\u00e9n nem v\u00e1s\u00e1rolhat\u00f3 meg \u00fajonnan a k\u00f6nyvesboltok online \u00e1ruh\u00e1zaiban.<\/p>\n<figure id=\"attachment_2242003\" aria-describedby=\"caption-attachment-2242003\" style=\"width: 755px\" class=\"wp-caption alignnone\"><a href=\"https:\/\/www.startlap.hu\/vasarlas\/uploads\/2023\/11\/gyerekek_olvasas_konyv.jpg\"><img loading=\"lazy\" decoding=\"async\" class=\"size-article-size-large-image wp-image-2242003\" src=\"https:\/\/www.startlap.hu\/vasarlas\/uploads\/2023\/11\/gyerekek_olvasas_konyv-755x503.jpg\" alt=\"K\u00e9t gyerek k\u00f6nyvet olvas\" width=\"755\" height=\"503\" srcset=\"https:\/\/www.startlap.hu\/vasarlas\/uploads\/2023\/11\/gyerekek_olvasas_konyv-755x503.jpg 755w, https:\/\/www.startlap.hu\/vasarlas\/uploads\/2023\/11\/gyerekek_olvasas_konyv-525x350.jpg 525w, https:\/\/www.startlap.hu\/vasarlas\/uploads\/2023\/11\/gyerekek_olvasas_konyv.jpg 1200w\" sizes=\"auto, (max-width: 755px) 100vw, 755px\" \/><\/a><figcaption id=\"caption-attachment-2242003\" class=\"wp-caption-text\">Fot\u00f3: Getty Images<\/figcaption><\/figure>\n<p>Az ilyen klasszikusok eset\u00e9ben <strong>nem mindig j\u00e1runk j\u00f3l az online v\u00e1s\u00e1rl\u00e1ssal<\/strong>. Ha a legt\u00f6bb klasszikus c\u00edm\u00e9t be\u00edrod a k\u00fcl\u00f6nb\u00f6z\u0151 csoportok, platformok keres\u0151j\u00e9be, biztosan rengeteg p\u00e9ld\u00e1nyra bukkansz ak\u00e1r p\u00e1r sz\u00e1z forintos \u00e1ron is. A t\u00f6bb kiad\u00e1st, ford\u00edt\u00e1st meg\u00e9lt m\u0171vek eset\u00e9ben azonban nagyobb k\u00f6r\u00fcltekint\u00e9sre van sz\u00fcks\u00e9g v\u00e1s\u00e1rl\u00e1s el\u0151tt.<\/p>\n<p>Ha p\u00e9ld\u00e1ul egy gyereknek v\u00e1s\u00e1rolsz, a jobb olvas\u00e1s \u00e9lm\u00e9ny miatt fontos egy g\u00f6rd\u00fcl\u00e9kenyebb, mai nyelvezethez passzol\u00f3 kiad\u00e1st v\u00e1lasztani. Ezek mellett egyes klasszikusoknak ma m\u00e1r t\u00f6bb v\u00e1ltozata is l\u00e9tezik: ide tartozik a Monte Cristo gr\u00f3fja is. A m\u0171 amellett hogy rengeteg ford\u00edt\u00e1st meg\u00e9lt m\u00e1r, l\u00e9tezik p\u00e9ld\u00e1ul k\u00e9preg\u00e9nyes kiad\u00e1sa is.<\/p>\n<p>A k\u00f6nyv megv\u00e1s\u00e1rl\u00e1s\u00e1n\u00e1l arra is figyelni kell, hogy <strong>h\u00e1ny k\u00f6tetben adt\u00e1k ki az adott m\u0171vet<\/strong>. A Dumas klasszikus\u00e1t p\u00e9ld\u00e1ul t\u00f6bb k\u00f6tetes kiad\u00e1sokban is meg lehet v\u00e1s\u00e1rolni, \u00e9s a tapasztalataink szerint egyes elad\u00f3k csak a reg\u00e9ny egyes k\u00f6teteit \u00e1rult\u00e1k.<\/p>\n<p>Ha teh\u00e1t egy klasszikust keresel, de nincs id\u0151d ut\u00e1naj\u00e1rni, hogy a m\u0171 h\u00e1ny ford\u00edt\u00e1st \u00e9lt meg, melyik v\u00e1ltozat\u00e1t aj\u00e1nlott gyerekeknek megvenni, az adott kiad\u00e1s h\u00e1ny k\u00f6tetben jelent meg, c\u00e9lszer\u0171 antikv\u00e1riumokba menni.<\/p>\n<p>Val\u00f3sz\u00edn\u0171leg nem ezekben az \u00fczletekben kapod meg a legolcs\u00f3bb k\u00f6nyveket, de v\u00e1s\u00e1rl\u00e1s el\u0151tt bele tudsz lapozni a kiszemelt p\u00e9ld\u00e1nyba, \u00e9s az ott dolgoz\u00f3k is mindig tudnak seg\u00edteni a kiv\u00e1laszt\u00e1sban. Az antikv\u00e1riumokn\u00e1l ezek mellett gyakran k\u00e9rheted k\u00f6nyvritkas\u00e1gok felkutat\u00e1s\u00e1t is.<br \/>\nBudapest legjobb antikv\u00e1riumai k\u00f6z\u00e9 sorolhatjuk a <a href=\"https:\/\/www.kozpontiantikvarium.hu\/\" target=\"_blank\" target=\"_blank\" rel=\"noopener noreferrer\">K\u00f6zponti Antikv\u00e1riumot<\/a>, a <a href=\"https:\/\/www.facebook.com\/NyugatAntikvarium\/?locale=hu_HU\" target=\"_blank\" target=\"_blank\" rel=\"noopener noreferrer\">Nyugat Antikv\u00e1riumot<\/a>, a <a href=\"https:\/\/www.minervaantikvarium.hu\/\" target=\"_blank\" target=\"_blank\" rel=\"noopener noreferrer\">Minerva Antikv\u00e1riumot<\/a>, a <a href=\"https:\/\/www.facebook.com\/krisztina.antikvarium\/?locale=hu_HU\" target=\"_blank\" target=\"_blank\" rel=\"noopener noreferrer\">Krisztina Antikv\u00e1riumot<\/a> \u00e9s a <a href=\"http:\/\/www.szonyi.hu\/\" target=\"_blank\" target=\"_blank\" rel=\"noopener noreferrer\">Sz\u0151nyi Antikv\u00e1riumot<\/a>.<\/p>\n<p>Mi egy\u00e9bk\u00e9nt v\u00e9g\u00fcl az egyik Facebook-csoporton kereszt\u00fcl tal\u00e1ltuk meg a k\u00f6nyvet. Az elad\u00f3 1500 forint\u00e9rt \u00e1rulta a reg\u00e9ny h\u00e1romk\u00f6tetes v\u00e1ltozat\u00e1t, a k\u00f6nyveket szem\u00e9lyes \u00e1tv\u00e9tel \u00fatj\u00e1n kaptuk meg Budapesten.&nbsp;<\/p>\n<div class=\"o-widget m-readMoreWidget -readMore u-shortDecorLineAfter row widget-container _ce_measure_widget bigdata-widget read-more\" data-ce-measure-widget=\"olvass tov\u00e1bb\">\n\t<div class=\"m-readMoreWidget__imgWrapper image-wrapper col-12 col-md-4 no-p\">\n\t\t<a class=\"m-readMoreWidget__imgLink\" href=\"https:\/\/www.startlap.hu\/vasarlas\/karacsony-konyvajanlo-2021-startlap\/\" >\n\t\t\t<img decoding=\"async\" src=\"https:\/\/www.startlap.hu\/vasarlas\/uploads\/2021\/12\/boritokep-350x285.jpg\" class=\"m-readMoreWidget__img\">\n\t\t<\/a>\n\t<\/div>\n\t<div class=\"m-readMoreWidget__titleWrapper title-wrapper col-12 col-md-8\">\n\t\t<span class=\"m-readMoreWidget__titleLabel u-shortDecorLineBefore label hidden-sm-up\">Ez is \u00e9rdekelhet:<\/span>\n\t\t<h3 class=\"m-readMoreWidget__title title\">\n\t\t\t<a class=\"m-readMoreWidget__titleLink -secondFont u-bold u-upperCase\" href=\"https:\/\/www.startlap.hu\/vasarlas\/karacsony-konyvajanlo-2021-startlap\/\" >Itt a Startlap nagy k\u00f6nyvaj\u00e1nl\u00f3ja! &#8211; K\u00f6nyvtippek a szerkeszt\u0151s\u00e9gt\u0151l<\/a>\n\t\t<\/h3>\n\t\t<a class=\"m-readMoreWidget__btn -coloredBack u-tC link\" href=\"https:\/\/www.startlap.hu\/vasarlas\/karacsony-konyvajanlo-2021-startlap\/\" >Elolvasom<\/a>\n\t<\/div>\n<\/div>\n","protected":false},"excerpt":{"rendered":"<p>Sz\u00edvesen v\u00e1s\u00e1rolsz haszn\u00e1lt k\u00f6nyveket? \u00cdme a tippjeink, amelyekre \u00e9rdemes odafigyelni v\u00e1s\u00e1rl\u00e1s el\u0151tt.<\/p>\n","protected":false},"author":59,"featured_media":2242174,"comment_status":"closed","ping_status":"closed","sticky":false,"template":"","format":"standard","meta":{"footnotes":""},"categories":[8089],"tags":[18963,18962,3053,2839],"class_list":["post-2246271","post","type-post","status-publish","format-standard","has-post-thumbnail","hentry","category-otthon","tag-antikvarium","tag-hasznalt-konyv","tag-konyv","tag-olvasas"],"aioseo_notices":[],"_links":{"self":[{"href":"https:\/\/www.startlap.hu\/vasarlas\/wp-json\/wp\/v2\/posts\/2246271","targetHints":{"allow":["GET"]}}],"collection":[{"href":"https:\/\/www.startlap.hu\/vasarlas\/wp-json\/wp\/v2\/posts"}],"about":[{"href":"https:\/\/www.startlap.hu\/vasarlas\/wp-json\/wp\/v2\/types\/post"}],"author":[{"embeddable":true,"href":"https:\/\/www.startlap.hu\/vasarlas\/wp-json\/wp\/v2\/users\/59"}],"replies":[{"embeddable":true,"href":"https:\/\/www.startlap.hu\/vasarlas\/wp-json\/wp\/v2\/comments?post=2246271"}],"version-history":[{"count":13,"href":"https:\/\/www.startlap.hu\/vasarlas\/wp-json\/wp\/v2\/posts\/2246271\/revisions"}],"predecessor-version":[{"id":2246428,"href":"https:\/\/www.startlap.hu\/vasarlas\/wp-json\/wp\/v2\/posts\/2246271\/revisions\/2246428"}],"wp:featuredmedia":[{"embeddable":true,"href":"https:\/\/www.startlap.hu\/vasarlas\/wp-json\/wp\/v2\/media\/2242174"}],"wp:attachment":[{"href":"https:\/\/www.startlap.hu\/vasarlas\/wp-json\/wp\/v2\/media?parent=2246271"}],"wp:term":[{"taxonomy":"category","embeddable":true,"href":"https:\/\/www.startlap.hu\/vasarlas\/wp-json\/wp\/v2\/categories?post=2246271"},{"taxonomy":"post_tag","embeddable":true,"href":"https:\/\/www.startlap.hu\/vasarlas\/wp-json\/wp\/v2\/tags?post=2246271"}],"curies":[{"name":"wp","href":"https:\/\/api.w.org\/{rel}","templated":true}]}}