{"id":2246264,"date":"2024-03-30T09:26:29","date_gmt":"2024-03-30T08:26:29","guid":{"rendered":"https:\/\/www.startlap.hu\/vasarlas\/?p=2246264"},"modified":"2024-03-30T09:27:30","modified_gmt":"2024-03-30T08:27:30","slug":"uveges-bor-valtozas","status":"publish","type":"post","link":"https:\/\/www.startlap.hu\/vasarlas\/uveges-bor-valtozas\/","title":{"rendered":"Nagy v\u00e1ltoz\u00e1s j\u00f6n az \u00fcveges borokn\u00e1l"},"content":{"rendered":"<p>fIsmertette: az \u00faj eur\u00f3pai uni\u00f3s borc\u00edmk\u00e9z\u00e9si szab\u00e1lyok \u00e9rtelm\u00e9ben a 2023. december 8. ut\u00e1n gy\u00e1rtott \u00e9s c\u00edmk\u00e9zett borokn\u00e1l fel kell t\u00fcntetni a <em>t\u00e1p\u00e9rt\u00e9kkel, az adal\u00e9kanyagokkal \u00e9s az \u00f6sszetev\u0151kkel kapcsolatos inform\u00e1ci\u00f3kat 100 milliliteres adagra lebontva.<\/em><\/p>\n<p>R\u00e1mutatott: az \u00faj uni\u00f3s el\u0151\u00edr\u00e1sok egyr\u00e9szt seg\u00edtik a fogyaszt\u00f3k t\u00e1j\u00e9koz\u00f3d\u00e1s\u00e1t, <strong>ugyanakkor adminisztrat\u00edv terhet jelentenek a termel\u0151k sz\u00e1m\u00e1ra.<\/strong><\/p>\n<figure id=\"attachment_2246266\" aria-describedby=\"caption-attachment-2246266\" style=\"width: 755px\" class=\"wp-caption alignnone\"><img loading=\"lazy\" decoding=\"async\" class=\"size-article-size-large-image wp-image-2246266\" src=\"https:\/\/www.startlap.hu\/vasarlas\/uploads\/2024\/03\/bor_palack_ferfi-755x503.jpg\" alt=\"Egy f\u00e9rfi kez\u00e9ben tart egy borospalackot\" width=\"755\" height=\"503\" srcset=\"https:\/\/www.startlap.hu\/vasarlas\/uploads\/2024\/03\/bor_palack_ferfi-755x503.jpg 755w, https:\/\/www.startlap.hu\/vasarlas\/uploads\/2024\/03\/bor_palack_ferfi-525x350.jpg 525w, https:\/\/www.startlap.hu\/vasarlas\/uploads\/2024\/03\/bor_palack_ferfi.jpg 1200w\" sizes=\"auto, (max-width: 755px) 100vw, 755px\" \/><figcaption id=\"caption-attachment-2246266\" class=\"wp-caption-text\">Fot\u00f3: Getty Images<\/figcaption><\/figure>\n<p>Az agr\u00e1rt\u00e1rca, a <strong><a href=\"https:\/\/www.startlap.hu\/vasarlas\/nebih-allati-feherjepor-teszt\/\" target=\"_blank\" rel=\"noopener noreferrer\">N\u00e9bih<\/a><\/strong> \u00e9s a HNT egy\u00fcttm\u0171k\u00f6d\u00e9s\u00e9ben ez\u00e9rt egy gyors \u00e9s egyszer\u0171 megold\u00e1st k\u00edn\u00e1lnak.<\/p>\n<blockquote class=\"article__extraTxt\"><p>Minden boros\u00fcvegre egy QR-k\u00f3d fog ker\u00fclni, a term\u00e9kre vonatkoz\u00f3 inform\u00e1ci\u00f3kat egy k\u00f6zponti honlapon (winelabel.hu) teszik el\u00e9rhet\u0151v\u00e9, \u00e9s a v\u00e1s\u00e1rl\u00f3nak csak be kell olvasnia a digit\u00e1lis c\u00edmk\u00e9t.&nbsp;<\/p><\/blockquote>\n<p><em>A bor\u00e1szok sz\u00e1m\u00e1ra ez nem jelent t\u00f6bblet adatszolg\u00e1ltat\u00e1st, mivel a term\u00e9kinform\u00e1ci\u00f3k az enged\u00e9lyez\u00e9si elj\u00e1r\u00e1s sor\u00e1n el\u00e9rhet\u0151 adatokb\u00f3l \u00e1llnak \u00f6ssze<\/em> &#8211; jelezte.<\/p>\n<p>&nbsp;<\/p>\n<p>Brazsil D\u00e1vid, a Hegyk\u00f6zs\u00e9gek Nemzeti Tan\u00e1cs\u00e1nak f\u0151titk\u00e1ra elmondta, a sz\u0151l\u0151- \u00e9s bor\u00e1gazatra m\u00e1r most is szigor\u00fa uni\u00f3s szab\u00e1lyoz\u00e1sok vonatkoznak, az eredetv\u00e9delemt\u0151l a j\u00f6ved\u00e9ki ad\u00f3z\u00e1sig, valamint az \u00e9lelmiszeripari el\u0151\u00edr\u00e1sokig, ennek kiterjeszt\u00e9se ez az \u00faj uni\u00f3s el\u0151\u00edr\u00e1s is.<\/p>\n<blockquote class=\"article__extraTxt\"><p>Elmond\u00e1sa szerint a hegyk\u00f6zs\u00e9gi tagok alanyi jogon, t\u00e9r\u00edt\u00e9smentesen vehetik ig\u00e9nybe a szolg\u00e1ltat\u00e1st.<\/p><\/blockquote>\n<p><em>M\u00e1s orsz\u00e1gokban hasonl\u00f3 megold\u00e1sok piaci alapon m\u0171k\u00f6dnek; becsl\u00e9s\u00fck szerint a k\u00edn\u00e1lt szolg\u00e1ltat\u00e1s piaci \u00e9rt\u00e9ke megk\u00f6zel\u00edt\u0151leg 300-500 milli\u00f3 forint, vagyis ekkora tehert\u0151l mentes\u00fclnek a bor\u00e1szatok<\/em> &#8211; jegyezte meg.<\/p>\n<p>Ismertette, hogy ezek a t\u00f6bb nyelven el\u00e9rhet\u0151, a bor\u00e1szati term\u00e9kek r\u00e9szletes t\u00e1p\u00e9rt\u00e9k-adatait tartalmaz\u00f3 <strong>digit\u00e1lis c\u00edmk\u00e9k m\u00e1r a forgalombahozatali elj\u00e1r\u00e1s legelej\u00e9n, a v\u00e9gs\u0151 sz\u00e1rmaz\u00e1si bizony\u00edtv\u00e1ny kiad\u00e1sakor elk\u00e9sz\u00fclnek<\/strong>, \u00edgy seg\u00edtve a termel\u0151k gyorsabb piacra l\u00e9p\u00e9s\u00e9t az uni\u00f3s piacokon. A bor\u00e1szok feladata a QR k\u00f3dot tartalmaz\u00f3 c\u00edmke nyomtat\u00e1sa &#8211; tette hozz\u00e1.<\/p>\n<p>T\u00e1j\u00e9koztat\u00e1sa szerint tov\u00e1bbra is megmarad a hagyom\u00e1nyos c\u00edmkeelemek haszn\u00e1lata azon bor\u00e1szatok sz\u00e1m\u00e1ra, amelyek a digit\u00e1lis platformokat nem k\u00edv\u00e1nj\u00e1k, vagy nem tudj\u00e1k ig\u00e9nybe venni.<\/p>\n<p>Brazsil D\u00e1vid hozz\u00e1f\u0171zte: a HNT \u00e9s az agr\u00e1rt\u00e1rca k\u00f6z\u00f6s c\u00e9lja, hogy a szolg\u00e1ltat\u00e1st a strat\u00e9giai partnerszervezetek &#8211; kis\u00fczemi s\u00f6rf\u0151zd\u00e9k, p\u00e1linkaf\u0151zd\u00e9k &#8211; r\u00e9sz\u00e9re is biztos\u00edtsa a j\u00f6v\u0151ben, amennyiben az uni\u00f3s jogszab\u00e1lyok ezt lehet\u0151v\u00e9 teszik.<\/p>\n<p>(MTI)<\/p>\n<div class=\"o-widget m-readMoreWidget -readMore u-shortDecorLineAfter row widget-container _ce_measure_widget bigdata-widget read-more\" data-ce-measure-widget=\"olvass tov\u00e1bb\">\n\t<div class=\"m-readMoreWidget__imgWrapper image-wrapper col-12 col-md-4 no-p\">\n\t\t<a class=\"m-readMoreWidget__imgLink\" href=\"https:\/\/www.startlap.hu\/vasarlas\/ferenc-papa-megaldotta-a-magyar-bort\/\" >\n\t\t\t<img decoding=\"async\" src=\"https:\/\/www.startlap.hu\/vasarlas\/uploads\/2023\/12\/ferenc-papa-boraldas-350x285.jpg\" class=\"m-readMoreWidget__img\">\n\t\t<\/a>\n\t<\/div>\n\t<div class=\"m-readMoreWidget__titleWrapper title-wrapper col-12 col-md-8\">\n\t\t<span class=\"m-readMoreWidget__titleLabel u-shortDecorLineBefore label hidden-sm-up\">Ez is \u00e9rdekelhet:<\/span>\n\t\t<h3 class=\"m-readMoreWidget__title title\">\n\t\t\t<a class=\"m-readMoreWidget__titleLink -secondFont u-bold u-upperCase\" href=\"https:\/\/www.startlap.hu\/vasarlas\/ferenc-papa-megaldotta-a-magyar-bort\/\" >Ferenc p\u00e1pa meg\u00e1ldotta a magyar bort<\/a>\n\t\t<\/h3>\n\t\t<a class=\"m-readMoreWidget__btn -coloredBack u-tC link\" href=\"https:\/\/www.startlap.hu\/vasarlas\/ferenc-papa-megaldotta-a-magyar-bort\/\" >Elolvasom<\/a>\n\t<\/div>\n<\/div>\n","protected":false},"excerpt":{"rendered":"<p>\u00c1prilis elsej\u00e9t\u0151l minden forgalomba hozott bort \u00e9rinteni fog, en\u00e9lk\u00fcl nem lehet majd \u00e9rt\u00e9kes\u00edteni. <\/p>\n","protected":false},"author":8,"featured_media":2246266,"comment_status":"closed","ping_status":"closed","sticky":false,"template":"","format":"standard","meta":{"footnotes":""},"categories":[8180],"tags":[979,244,13727],"class_list":["post-2246264","post","type-post","status-publish","format-standard","has-post-thumbnail","hentry","category-trending","tag-bor","tag-nebih","tag-qr-kod"],"aioseo_notices":[],"_links":{"self":[{"href":"https:\/\/www.startlap.hu\/vasarlas\/wp-json\/wp\/v2\/posts\/2246264","targetHints":{"allow":["GET"]}}],"collection":[{"href":"https:\/\/www.startlap.hu\/vasarlas\/wp-json\/wp\/v2\/posts"}],"about":[{"href":"https:\/\/www.startlap.hu\/vasarlas\/wp-json\/wp\/v2\/types\/post"}],"author":[{"embeddable":true,"href":"https:\/\/www.startlap.hu\/vasarlas\/wp-json\/wp\/v2\/users\/8"}],"replies":[{"embeddable":true,"href":"https:\/\/www.startlap.hu\/vasarlas\/wp-json\/wp\/v2\/comments?post=2246264"}],"version-history":[{"count":4,"href":"https:\/\/www.startlap.hu\/vasarlas\/wp-json\/wp\/v2\/posts\/2246264\/revisions"}],"predecessor-version":[{"id":2246269,"href":"https:\/\/www.startlap.hu\/vasarlas\/wp-json\/wp\/v2\/posts\/2246264\/revisions\/2246269"}],"wp:featuredmedia":[{"embeddable":true,"href":"https:\/\/www.startlap.hu\/vasarlas\/wp-json\/wp\/v2\/media\/2246266"}],"wp:attachment":[{"href":"https:\/\/www.startlap.hu\/vasarlas\/wp-json\/wp\/v2\/media?parent=2246264"}],"wp:term":[{"taxonomy":"category","embeddable":true,"href":"https:\/\/www.startlap.hu\/vasarlas\/wp-json\/wp\/v2\/categories?post=2246264"},{"taxonomy":"post_tag","embeddable":true,"href":"https:\/\/www.startlap.hu\/vasarlas\/wp-json\/wp\/v2\/tags?post=2246264"}],"curies":[{"name":"wp","href":"https:\/\/api.w.org\/{rel}","templated":true}]}}